{"id":517484,"date":"2025-11-07T04:39:14","date_gmt":"2025-11-07T04:39:14","guid":{"rendered":"https:\/\/www.europesays.com\/fr\/517484\/"},"modified":"2025-11-07T04:39:14","modified_gmt":"2025-11-07T04:39:14","slug":"une-ville-du-var-vend-une-propriete-leguee-par-une-habitante-lopposition-fait-suspendre-la","status":"publish","type":"post","link":"https:\/\/www.europesays.com\/fr\/517484\/","title":{"rendered":"Une ville du Var vend une propri\u00e9t\u00e9 l\u00e9gu\u00e9e par une habitante, l\u2019opposition fait suspendre la"},"content":{"rendered":"<p>La commune d\u2019Ollioules, dans le Var, a h\u00e9rit\u00e9 il y a quelques ann\u00e9es d\u2019une propri\u00e9t\u00e9 l\u00e9gu\u00e9e par une habitante, d\u00e9c\u00e9d\u00e9e en 2017. Dans son testament, cette derni\u00e8re a laiss\u00e9 des instructions quant au\u00a0futur projet qui sera construit sur son terrain, rapporte\u00a0<a href=\"https:\/\/www.nicematin.com\/societe\/vie-locale\/la-vente-d-une-propriete-leguee-par-une-habitante-a-la-ville-d-ollioules-seme-la-discorde-10655338\" target=\"_blank\" rel=\"noopener\"> Var-Matin <\/a>.<\/p>\n<p>\u00a0<strong>\u00ab\u00a0Je l\u00e8gue \u00e0 la mairie d\u2019Ollioules la propri\u00e9t\u00e9 que je poss\u00e8de 134 avenue Jean-Monnet pour y cr\u00e9er une maison destin\u00e9e \u00e0 la petite enfance. Je remercie M. le maire de bien vouloir respecter mes derni\u00e8res volont\u00e9s\u00a0\u00bb<\/strong>, est-il \u00e9crit sur le document. Or, lors du conseil municipal du 22\u00a0juillet 2025, la municipalit\u00e9\u00a0a act\u00e9 la vente de cette propri\u00e9t\u00e9 au groupe Suprana, pour un montant de 900\u00a0000\u00a0\u20ac.<\/p>\n<p>L\u2019opposition d\u00e9pose un recours<\/p>\n<p>Le projet de ce dernier comprend une cr\u00e8che,\u00a0un \u00e9tablissement scolaire associatif, des activit\u00e9s m\u00e9dicales et\u00a0une clinique v\u00e9t\u00e9rinaire. Jugeant que \u00e7a ne correspond\u00a0pas aux volont\u00e9s de la d\u00e9funte, la\u00a0liste Alternative de la gauche et des \u00e9cologistes a envoy\u00e9 une saisine au pr\u00e9fet du Var, en septembre. La vente est donc suspendue le temps que ce recours gracieux soit \u00e9tudi\u00e9.<\/p>\n<p>Pour en savoir plus\u00a0: lire l\u2019article de <a href=\"https:\/\/www.nicematin.com\/societe\/vie-locale\/la-vente-d-une-propriete-leguee-par-une-habitante-a-la-ville-d-ollioules-seme-la-discorde-10655338\" target=\"_blank\" rel=\"noopener\"> Var-Matin <\/a>.<\/p>\n<p>\u00a0<\/p>\n","protected":false},"excerpt":{"rendered":"La commune d\u2019Ollioules, dans le Var, a h\u00e9rit\u00e9 il y a quelques ann\u00e9es d\u2019une propri\u00e9t\u00e9 l\u00e9gu\u00e9e par une&hellip;\n","protected":false},"author":2,"featured_media":517485,"comment_status":"","ping_status":"","sticky":false,"template":"","format":"standard","meta":{"footnotes":""},"categories":[9619],"tags":[1111,11,9657,1777,674,21,1011,27,20600,63793,12,419,63792,882,25,63794,2310,7506,9034,4100,4824],"class_list":{"0":"post-517484","1":"post","2":"type-post","3":"status-publish","4":"format-standard","5":"has-post-thumbnail","7":"category-toulon","8":"tag-actu","9":"tag-actualites","10":"tag-draguignan","11":"tag-eu","12":"tag-europe","13":"tag-fait","14":"tag-fr","15":"tag-france","16":"tag-habitante","17":"tag-leguee","18":"tag-news","19":"tag-opposition","20":"tag-propriete","21":"tag-provence-alpes-cote-dazur","22":"tag-republique-francaise","23":"tag-suspendre","24":"tag-toulon","25":"tag-var","26":"tag-vend","27":"tag-vente","28":"tag-ville"},"share_on_mastodon":{"url":"https:\/\/pubeurope.com\/@fr\/115506575031266440","error":""},"_links":{"self":[{"href":"https:\/\/www.europesays.com\/fr\/wp-json\/wp\/v2\/posts\/517484","targetHints":{"allow":["GET"]}}],"collection":[{"href":"https:\/\/www.europesays.com\/fr\/wp-json\/wp\/v2\/posts"}],"about":[{"href":"https:\/\/www.europesays.com\/fr\/wp-json\/wp\/v2\/types\/post"}],"author":[{"embeddable":true,"href":"https:\/\/www.europesays.com\/fr\/wp-json\/wp\/v2\/users\/2"}],"replies":[{"embeddable":true,"href":"https:\/\/www.europesays.com\/fr\/wp-json\/wp\/v2\/comments?post=517484"}],"version-history":[{"count":0,"href":"https:\/\/www.europesays.com\/fr\/wp-json\/wp\/v2\/posts\/517484\/revisions"}],"wp:featuredmedia":[{"embeddable":true,"href":"https:\/\/www.europesays.com\/fr\/wp-json\/wp\/v2\/media\/517485"}],"wp:attachment":[{"href":"https:\/\/www.europesays.com\/fr\/wp-json\/wp\/v2\/media?parent=517484"}],"wp:term":[{"taxonomy":"category","embeddable":true,"href":"https:\/\/www.europesays.com\/fr\/wp-json\/wp\/v2\/categories?post=517484"},{"taxonomy":"post_tag","embeddable":true,"href":"https:\/\/www.europesays.com\/fr\/wp-json\/wp\/v2\/tags?post=517484"}],"curies":[{"name":"wp","href":"https:\/\/api.w.org\/{rel}","templated":true}]}}