{"id":517492,"date":"2025-11-07T04:45:22","date_gmt":"2025-11-07T04:45:22","guid":{"rendered":"https:\/\/www.europesays.com\/fr\/517492\/"},"modified":"2025-11-07T04:45:22","modified_gmt":"2025-11-07T04:45:22","slug":"le-collectif-reconcilier-grenoble-demande-la-requisition-des-logements-sociaux-vides","status":"publish","type":"post","link":"https:\/\/www.europesays.com\/fr\/517492\/","title":{"rendered":"le collectif \u201cR\u00e9concilier Grenoble\u201d demande la r\u00e9quisition des logements sociaux vides"},"content":{"rendered":"<p>\t\t\t\t\t\t\t\t\t\t\t<img decoding=\"async\" src=\"https:\/\/www.europesays.com\/fr\/wp-content\/uploads\/2025\/11\/1280x720_grenoble-le-collectif-reconcilier-grenoble-demande-la-requisition-des-logements-sociaux-vid.jpeg\" alt=\"Grenoble : le collectif \u201cR\u00e9concilier Grenoble\u201d demande la r\u00e9quisition des logements sociaux vides\" title=\"Grenoble : le collectif \u201cR\u00e9concilier Grenoble\u201d demande la r\u00e9quisition des logements sociaux vides\" width=\"1280\" height=\"720\" class=\"img-fluid  mb-3\" loading=\"lazy\"\/>\t\t\t\t\t\t\t\t\t\t\t\t<\/p>\n<p>Grenoble : le collectif \u201cR\u00e9concilier Grenoble\u201d demande la r\u00e9quisition des logements sociaux vides &#8211; DR<\/p>\n<p itemprop=\"description\"><strong>Le collectif \u201cR\u00e9concilier Grenoble\u201d, conduit par Alain Carignon, appelle la municipalit\u00e9 \u00e0 agir face \u00e0 la crise du logement en r\u00e9quisitionnant en priorit\u00e9 les logements sociaux vacants.<\/strong><\/p>\n<p>Dans un communiqu\u00e9 publi\u00e9 ce mercredi, le collectif critique la politique municipale en mati\u00e8re d\u2019habitat et d\u00e9nonce une situation devenue, selon lui, \u00ab\u00a0intenable\u00a0\u00bb.<\/p>\n<p>Grenoble compterait plus de 6600 logements vides, un chiffre qui place la ville en t\u00eate des grandes m\u00e9tropoles fran\u00e7aises selon le collectif. Environ la moiti\u00e9 de ces logements seraient situ\u00e9s dans le parc social, notamment dans certains quartiers comme le Mistral, o\u00f9 le taux de vacance atteindrait \u00ab\u00a0plus de 30%\u00a0\u00bb.<\/p>\n<p>\u201cR\u00e9concilier Grenoble\u201d demande donc aux pr\u00e9sidents des bailleurs sociaux Actis et Grenoble Habitat, Pierre Bejjaji et Claus Habfast, de \u00ab\u00a0commencer par r\u00e9quisitionner les centaines de logements vides du parc social avant de s\u2019attaquer encore aux propri\u00e9taires\u00a0\u00bb.<\/p>\n<p>Le mouvement critique \u00e9galement la \u201cgestion catastrophique du parc social\u201d, qu\u2019il juge responsable d\u2019une fuite de la classe moyenne et d\u2019un nombre croissant de refus d\u2019attribution de logements. Il \u00e9voque aussi le cas du quartier de l\u2019Abbaye, o\u00f9 plusieurs immeubles r\u00e9nov\u00e9s resteraient vacants faute d\u2019acheteurs.<\/p>\n<p>Pour Alain Carignon et son collectif, la municipalit\u00e9 \u00e9cologiste \u00ab\u00a0n\u2019assume pas son slogan du logement inconditionnel\u00a0\u00bb et fait preuve \u00ab\u00a0d\u2019hypocrisie\u00a0\u00bb face aux plus pr\u00e9caires. Le collectif demande \u00ab\u00a0d\u2019en finir avec les promesses non tenues\u00a0\u00bb alors que plusieurs familles seraient encore log\u00e9es dans des \u00e9coles en raison du manque de places d\u2019h\u00e9bergement.<\/p>\n","protected":false},"excerpt":{"rendered":"Grenoble : le collectif \u201cR\u00e9concilier Grenoble\u201d demande la r\u00e9quisition des logements sociaux vides &#8211; DR Le collectif \u201cR\u00e9concilier&hellip;\n","protected":false},"author":2,"featured_media":517493,"comment_status":"","ping_status":"","sticky":false,"template":"","format":"standard","meta":{"footnotes":""},"categories":[9566],"tags":[1111,11,7733,8279,2430,7736,650,7734,2889,2263,1777,674,1011,27,2731,8280,6417,1114,108,4662,12,3725,1825,25,7737],"class_list":{"0":"post-517492","1":"post","2":"type-post","3":"status-publish","4":"format-standard","5":"has-post-thumbnail","7":"category-grenoble","8":"tag-actu","9":"tag-actualites","10":"tag-alpes","11":"tag-alpes1","12":"tag-auvergne-rhone-alpes","13":"tag-cds","14":"tag-cinema","15":"tag-ecoute","16":"tag-emission","17":"tag-equipe","18":"tag-eu","19":"tag-europe","20":"tag-fr","21":"tag-france","22":"tag-grenoble","23":"tag-haute","24":"tag-information","25":"tag-infos","26":"tag-isere","27":"tag-journal","28":"tag-news","29":"tag-podcast","30":"tag-radio","31":"tag-republique-francaise","32":"tag-winamp"},"share_on_mastodon":{"url":"https:\/\/pubeurope.com\/@fr\/115506599230420008","error":""},"_links":{"self":[{"href":"https:\/\/www.europesays.com\/fr\/wp-json\/wp\/v2\/posts\/517492","targetHints":{"allow":["GET"]}}],"collection":[{"href":"https:\/\/www.europesays.com\/fr\/wp-json\/wp\/v2\/posts"}],"about":[{"href":"https:\/\/www.europesays.com\/fr\/wp-json\/wp\/v2\/types\/post"}],"author":[{"embeddable":true,"href":"https:\/\/www.europesays.com\/fr\/wp-json\/wp\/v2\/users\/2"}],"replies":[{"embeddable":true,"href":"https:\/\/www.europesays.com\/fr\/wp-json\/wp\/v2\/comments?post=517492"}],"version-history":[{"count":0,"href":"https:\/\/www.europesays.com\/fr\/wp-json\/wp\/v2\/posts\/517492\/revisions"}],"wp:featuredmedia":[{"embeddable":true,"href":"https:\/\/www.europesays.com\/fr\/wp-json\/wp\/v2\/media\/517493"}],"wp:attachment":[{"href":"https:\/\/www.europesays.com\/fr\/wp-json\/wp\/v2\/media?parent=517492"}],"wp:term":[{"taxonomy":"category","embeddable":true,"href":"https:\/\/www.europesays.com\/fr\/wp-json\/wp\/v2\/categories?post=517492"},{"taxonomy":"post_tag","embeddable":true,"href":"https:\/\/www.europesays.com\/fr\/wp-json\/wp\/v2\/tags?post=517492"}],"curies":[{"name":"wp","href":"https:\/\/api.w.org\/{rel}","templated":true}]}}