{"id":517500,"date":"2025-11-07T04:49:13","date_gmt":"2025-11-07T04:49:13","guid":{"rendered":"https:\/\/www.europesays.com\/fr\/517500\/"},"modified":"2025-11-07T04:49:13","modified_gmt":"2025-11-07T04:49:13","slug":"toute-lactu-top-music-disparition-inquietante-a-reichstett","status":"publish","type":"post","link":"https:\/\/www.europesays.com\/fr\/517500\/","title":{"rendered":"Toute l&rsquo;actu Top Music &#8211; Disparition inqui\u00e9tante \u00e0 Reichstett"},"content":{"rendered":"<p><img decoding=\"async\" class=\"\" style=\"width:100%\" src=\"https:\/\/www.europesays.com\/fr\/wp-content\/uploads\/2025\/11\/77234360_2689768894434425_2567803132000075776_n1710397959487.jpg\" alt=\"La victime avait pr\u00e9venu la gendarmerie peu de temps avant son d\u00e9c\u00e8s\"\/><\/p>\n<p>Kristina a disparu ce jeudi 6 novembre.<\/p>\n<p>Cr\u00e9dit : Facebook \/ Gendarmerie 67 <\/p>\n<p>Aux alentours de 16h, ce jeudi 6 novembre, la gendarmerie du Bas-Rhin a lanc\u00e9 un appel \u00e0 t\u00e9moins pour <strong>la disparition inqui\u00e9tante de Kristina Mikhael<\/strong>, \u00e2g\u00e9e de 21 ans. La jeune fille, domicili\u00e9e \u00e0 Reichstett, aurait quitt\u00e9 son domicile <strong>habill\u00e9e d&rsquo;une veste blanche ainsi qu&rsquo;un jogging blanc<\/strong>. Selon la gendarmerie, elle a \u00e9galement une petite <strong>valise \u00e0 roulettes contenant du maquillage et un sac \u00e0 main<\/strong>.\u00a0<\/p>\n<p><strong>Krisitna Mikhael est de corpulence plut\u00f4t mince<\/strong>, a des <strong>cheveux longs et bruns et mesure 1m70<\/strong>. Malentendante, <strong>elle porte des appareils auditifs<\/strong> et ne parle pas tr\u00e8s bien le fran\u00e7ais. Elle est susceeptible de se trouver dans le secteur de Nancy (54).<\/p>\n<p>Si vous pensez avoir une piste, <strong>n&rsquo;h\u00e9sitez pas \u00e0 contacter la gendarmerie, soit au 17, soit directement l&rsquo;antenne de Mundolsheim au 03 88 19 07 67.\u00a0<\/strong><\/p><\/p>\n","protected":false},"excerpt":{"rendered":"Kristina a disparu ce jeudi 6 novembre. Cr\u00e9dit : Facebook \/ Gendarmerie 67 Aux alentours de 16h, ce&hellip;\n","protected":false},"author":2,"featured_media":517501,"comment_status":"","ping_status":"","sticky":false,"template":"","format":"standard","meta":{"footnotes":""},"categories":[2820],"tags":[1111,11,2389,4260,2649,3676,1067,1777,674,1011,27,3381,775,63796,12,63797,959,7092,25,640,4890],"class_list":{"0":"post-517500","1":"post","2":"type-post","3":"status-publish","4":"format-standard","5":"has-post-thumbnail","7":"category-strasbourg","8":"tag-actu","9":"tag-actualites","10":"tag-alsace","11":"tag-appel-a-temoins","12":"tag-bas-rhin","13":"tag-disparition-inquietante","14":"tag-enquete","15":"tag-eu","16":"tag-europe","17":"tag-fr","18":"tag-france","19":"tag-gendarmerie","20":"tag-grand-est","21":"tag-kristina","22":"tag-news","23":"tag-pistage","24":"tag-recherche","25":"tag-reichstett","26":"tag-republique-francaise","27":"tag-strasbourg","28":"tag-topmusicfrance"},"share_on_mastodon":{"url":"https:\/\/pubeurope.com\/@fr\/115506614877913967","error":""},"_links":{"self":[{"href":"https:\/\/www.europesays.com\/fr\/wp-json\/wp\/v2\/posts\/517500","targetHints":{"allow":["GET"]}}],"collection":[{"href":"https:\/\/www.europesays.com\/fr\/wp-json\/wp\/v2\/posts"}],"about":[{"href":"https:\/\/www.europesays.com\/fr\/wp-json\/wp\/v2\/types\/post"}],"author":[{"embeddable":true,"href":"https:\/\/www.europesays.com\/fr\/wp-json\/wp\/v2\/users\/2"}],"replies":[{"embeddable":true,"href":"https:\/\/www.europesays.com\/fr\/wp-json\/wp\/v2\/comments?post=517500"}],"version-history":[{"count":0,"href":"https:\/\/www.europesays.com\/fr\/wp-json\/wp\/v2\/posts\/517500\/revisions"}],"wp:featuredmedia":[{"embeddable":true,"href":"https:\/\/www.europesays.com\/fr\/wp-json\/wp\/v2\/media\/517501"}],"wp:attachment":[{"href":"https:\/\/www.europesays.com\/fr\/wp-json\/wp\/v2\/media?parent=517500"}],"wp:term":[{"taxonomy":"category","embeddable":true,"href":"https:\/\/www.europesays.com\/fr\/wp-json\/wp\/v2\/categories?post=517500"},{"taxonomy":"post_tag","embeddable":true,"href":"https:\/\/www.europesays.com\/fr\/wp-json\/wp\/v2\/tags?post=517500"}],"curies":[{"name":"wp","href":"https:\/\/api.w.org\/{rel}","templated":true}]}}