{"id":517502,"date":"2025-11-07T04:50:22","date_gmt":"2025-11-07T04:50:22","guid":{"rendered":"https:\/\/www.europesays.com\/fr\/517502\/"},"modified":"2025-11-07T04:50:22","modified_gmt":"2025-11-07T04:50:22","slug":"strasbourg-bloque-en-suede-a-cause-du-brouillard-c4-j3-hacken-strasbourg-1-2","status":"publish","type":"post","link":"https:\/\/www.europesays.com\/fr\/517502\/","title":{"rendered":"Strasbourg bloqu\u00e9 en Su\u00e8de \u00e0 cause du brouillard &#8211; C4 &#8211; J3 &#8211; H\u00e4cken-Strasbourg (1-2)"},"content":{"rendered":"<p>La tuile.<\/p>\n<p>Apr\u00e8s leur <a target=\"_blank\" href=\"https:\/\/www.sofoot.com\/breves\/ligue-conference-strasbourg-domine-difficilement-hacken\" rel=\"nofollow noopener\">victoire arrach\u00e9e au forceps face \u00e0 la valeureuse \u00e9quipe d\u2019H\u00e4cken (1-2)<\/a>, les Strasbourgeois n\u2019ont pas pu repartir de la Su\u00e8de. <strong>Liam Rosenior et sa troupe n\u2019ont en effet pas pu d\u00e9coller en raison des conditions m\u00e9t\u00e9o, dont le brouillard<\/strong>. Cons\u00e9quence, ces derniers vont devoir dormir ce jeudi soir \u00e0 G\u00f6teborg et tenteront de rallier la France vendredi matin.<\/p>\n<p>Un calendrier surcharg\u00e9<\/p>\n<p>Si cet accroc peut pr\u00eater \u00e0 sourire, ce n\u2019est pas forc\u00e9ment optimal pour la r\u00e9cup\u00e9ration des joueurs, qui affronteront ce dimanche \u00e0 17h45 Lille \u00e0 Pierre-Mauroy. Pour rappel, les Alsaciens vont jouer sept matches en 23 jours. Ce dernier ne se terminera que le 18 d\u00e9cembre avec la r\u00e9ception du club islandais de Breidablik.<\/p>\n<p><a target=\"_blank\" href=\"https:\/\/www.sofoot.com\/breves\/joaquin-panichelli-et-valentin-barco-selectionnes-avec-largentine\" rel=\"nofollow noopener\">Heureusement que le travail paie.<\/a><\/p>\n<p>\t\t\t\t\t\t\t\t\t\t<a class=\"lien-connexe\" href=\"https:\/\/www.sofoot.com\/breves\/coupes-deurope-la-france-fait-moins-bien-que-chypre-et-la-pologne\" rel=\"nofollow noopener\" target=\"_blank\">En Europe, la France fait moins bien que Chypre et la Pologne<\/a>\t\t\t\t\t<\/p>\n","protected":false},"excerpt":{"rendered":"La tuile. Apr\u00e8s leur victoire arrach\u00e9e au forceps face \u00e0 la valeureuse \u00e9quipe d\u2019H\u00e4cken (1-2), les Strasbourgeois n\u2019ont&hellip;\n","protected":false},"author":2,"featured_media":517503,"comment_status":"","ping_status":"","sticky":false,"template":"","format":"standard","meta":{"footnotes":""},"categories":[2820],"tags":[1111,47,11,61,69,65,64,1777,674,63,1011,27,775,68,66,12,62,70,25,67,640],"class_list":{"0":"post-517502","1":"post","2":"type-post","3":"status-publish","4":"format-standard","5":"has-post-thumbnail","7":"category-strasbourg","8":"tag-actu","9":"tag-actualite","10":"tag-actualites","11":"tag-actus-football","12":"tag-bundesliga","13":"tag-championnats-europeens","14":"tag-equipe-de-france","15":"tag-eu","16":"tag-europe","17":"tag-football","18":"tag-fr","19":"tag-france","20":"tag-grand-est","21":"tag-ligua","22":"tag-ligue-1","23":"tag-news","24":"tag-news-foot","25":"tag-premier-league","26":"tag-republique-francaise","27":"tag-serie-a","28":"tag-strasbourg"},"share_on_mastodon":{"url":"https:\/\/pubeurope.com\/@fr\/115506618251856795","error":""},"_links":{"self":[{"href":"https:\/\/www.europesays.com\/fr\/wp-json\/wp\/v2\/posts\/517502","targetHints":{"allow":["GET"]}}],"collection":[{"href":"https:\/\/www.europesays.com\/fr\/wp-json\/wp\/v2\/posts"}],"about":[{"href":"https:\/\/www.europesays.com\/fr\/wp-json\/wp\/v2\/types\/post"}],"author":[{"embeddable":true,"href":"https:\/\/www.europesays.com\/fr\/wp-json\/wp\/v2\/users\/2"}],"replies":[{"embeddable":true,"href":"https:\/\/www.europesays.com\/fr\/wp-json\/wp\/v2\/comments?post=517502"}],"version-history":[{"count":0,"href":"https:\/\/www.europesays.com\/fr\/wp-json\/wp\/v2\/posts\/517502\/revisions"}],"wp:featuredmedia":[{"embeddable":true,"href":"https:\/\/www.europesays.com\/fr\/wp-json\/wp\/v2\/media\/517503"}],"wp:attachment":[{"href":"https:\/\/www.europesays.com\/fr\/wp-json\/wp\/v2\/media?parent=517502"}],"wp:term":[{"taxonomy":"category","embeddable":true,"href":"https:\/\/www.europesays.com\/fr\/wp-json\/wp\/v2\/categories?post=517502"},{"taxonomy":"post_tag","embeddable":true,"href":"https:\/\/www.europesays.com\/fr\/wp-json\/wp\/v2\/tags?post=517502"}],"curies":[{"name":"wp","href":"https:\/\/api.w.org\/{rel}","templated":true}]}}