{"id":517506,"date":"2025-11-07T04:52:31","date_gmt":"2025-11-07T04:52:31","guid":{"rendered":"https:\/\/www.europesays.com\/fr\/517506\/"},"modified":"2025-11-07T04:52:31","modified_gmt":"2025-11-07T04:52:31","slug":"les-mots-forts-de-franck-haise-apres-le-cauchemar-de-nice-c3-j4-nice-fribourg-1-3","status":"publish","type":"post","link":"https:\/\/www.europesays.com\/fr\/517506\/","title":{"rendered":"Les mots forts de Franck Haise apr\u00e8s le cauchemar de Nice &#8211; C3 &#8211; J4 &#8211; Nice-Fribourg (1-3)"},"content":{"rendered":"<p>Lucide.<\/p>\n<p>Apr\u00e8s <strong>la quatri\u00e8me d\u00e9faite cons\u00e9cutive en Ligue Europa et un seizi\u00e8me match d\u2019affil\u00e9e sans gagner en Coupe d\u2019Europe<\/strong>, l\u2019entra\u00eeneur de Nice, Franck Haise, n\u2019a pas m\u00e2ch\u00e9 ses mots en conf\u00e9rence de presse : \u00ab\u202fAu-del\u00e0 des erreurs individuelles, tout le monde doit faire mieux. <strong>On n\u2019est pas au niveau en Coupe d\u2019Europe<\/strong>, a l\u00e2ch\u00e9 l\u2019ancien coach de Lens. Je parle d\u2019exigence depuis que je suis ici, le travail au quotidien, ne pas tomber d\u00e8s qu\u2019il y a un duel\u2026 <strong>Beaucoup de joueurs tombent d\u00e8s qu\u2019il y a un duel ! C\u2019est pareil \u00e0 l\u2019entra\u00eenement. Arr\u00eatez de tomber ! \u202f<\/strong>\u00bb<\/p>\n<p>\u00ab\u202fIl ne faut pas faire la gueule quand on est rempla\u00e7ant, quand on sort\u202f\u00bb<\/p>\n<p>Passablement agac\u00e9 par la passivit\u00e9 de ses joueurs, qui avaient pourtant id\u00e9alement commenc\u00e9 <a target=\"_blank\" href=\"https:\/\/www.sofoot.com\/breves\/fribourg-coule-nice\" rel=\"nofollow noopener\">la rencontre face \u00e0 Fribourg (1-3)<\/a> en ouvrant le score avant de tout g\u00e2cher, encore une fois, Haise a tent\u00e9 de faire passer un message \u00e0 ses joueurs. \u00ab\u202fEn col\u00e8re ? Tant qu\u2019on n\u2019aura pas compris qu\u2019il faut faire corps tout le temps\u2026 Tout le temps ! <strong>Qu\u2019il ne faut pas faire la gueule quand on est rempla\u00e7ant, quand on sort\u2026 C\u2019est sur le terrain qu\u2019il faut montrer ! Certains font des bons matchs. Il faut laisser son ego. En plus, il n\u2019y a pas de champion du monde.<\/strong> Donnons le maximum ! J\u2019attends qu\u2019on donne le maximum.\u00a0\u00bb\u00a0Avant-dernier de la Ligue Europa, le Gym devra imp\u00e9rativement faire un r\u00e9sultat lors de la prochaine journ\u00e9e face au FC Porto pour esp\u00e9rer sauver l\u2019honneur, et pourquoi pas accrocher quelque chose.<\/p>\n<p>Faut-il croire aux miracles ?<\/p>\n<p>\t\t\t\t\t\t\t\t\t\t<a class=\"lien-connexe\" href=\"https:\/\/www.sofoot.com\/breves\/coupes-deurope-la-france-fait-moins-bien-que-chypre-et-la-pologne\" rel=\"nofollow noopener\" target=\"_blank\">En Europe, la France fait moins bien que Chypre et la Pologne<\/a>\t\t\t\t\t<\/p>\n","protected":false},"excerpt":{"rendered":"Lucide. Apr\u00e8s la quatri\u00e8me d\u00e9faite cons\u00e9cutive en Ligue Europa et un seizi\u00e8me match d\u2019affil\u00e9e sans gagner en Coupe&hellip;\n","protected":false},"author":2,"featured_media":517507,"comment_status":"","ping_status":"","sticky":false,"template":"","format":"standard","meta":{"footnotes":""},"categories":[2819],"tags":[1111,47,11,61,69,65,64,1777,674,63,1011,27,68,66,12,62,2401,70,882,25,67],"class_list":{"0":"post-517506","1":"post","2":"type-post","3":"status-publish","4":"format-standard","5":"has-post-thumbnail","7":"category-nice","8":"tag-actu","9":"tag-actualite","10":"tag-actualites","11":"tag-actus-football","12":"tag-bundesliga","13":"tag-championnats-europeens","14":"tag-equipe-de-france","15":"tag-eu","16":"tag-europe","17":"tag-football","18":"tag-fr","19":"tag-france","20":"tag-ligua","21":"tag-ligue-1","22":"tag-news","23":"tag-news-foot","24":"tag-nice","25":"tag-premier-league","26":"tag-provence-alpes-cote-dazur","27":"tag-republique-francaise","28":"tag-serie-a"},"share_on_mastodon":{"url":"https:\/\/pubeurope.com\/@fr\/115506626184994884","error":""},"_links":{"self":[{"href":"https:\/\/www.europesays.com\/fr\/wp-json\/wp\/v2\/posts\/517506","targetHints":{"allow":["GET"]}}],"collection":[{"href":"https:\/\/www.europesays.com\/fr\/wp-json\/wp\/v2\/posts"}],"about":[{"href":"https:\/\/www.europesays.com\/fr\/wp-json\/wp\/v2\/types\/post"}],"author":[{"embeddable":true,"href":"https:\/\/www.europesays.com\/fr\/wp-json\/wp\/v2\/users\/2"}],"replies":[{"embeddable":true,"href":"https:\/\/www.europesays.com\/fr\/wp-json\/wp\/v2\/comments?post=517506"}],"version-history":[{"count":0,"href":"https:\/\/www.europesays.com\/fr\/wp-json\/wp\/v2\/posts\/517506\/revisions"}],"wp:featuredmedia":[{"embeddable":true,"href":"https:\/\/www.europesays.com\/fr\/wp-json\/wp\/v2\/media\/517507"}],"wp:attachment":[{"href":"https:\/\/www.europesays.com\/fr\/wp-json\/wp\/v2\/media?parent=517506"}],"wp:term":[{"taxonomy":"category","embeddable":true,"href":"https:\/\/www.europesays.com\/fr\/wp-json\/wp\/v2\/categories?post=517506"},{"taxonomy":"post_tag","embeddable":true,"href":"https:\/\/www.europesays.com\/fr\/wp-json\/wp\/v2\/tags?post=517506"}],"curies":[{"name":"wp","href":"https:\/\/api.w.org\/{rel}","templated":true}]}}