{"id":517514,"date":"2025-11-07T04:57:44","date_gmt":"2025-11-07T04:57:44","guid":{"rendered":"https:\/\/www.europesays.com\/fr\/517514\/"},"modified":"2025-11-07T04:57:44","modified_gmt":"2025-11-07T04:57:44","slug":"cest-quoi-ces-deux-nouvelles-lignes-de-tram-e-et-f-qui-vont-ouvrir-le-6-decembre","status":"publish","type":"post","link":"https:\/\/www.europesays.com\/fr\/517514\/","title":{"rendered":"C\u2019est quoi ces deux nouvelles lignes de tram E et F qui vont ouvrir le 6\u00a0d\u00e9cembre\u00a0?"},"content":{"rendered":"<p> \u00abUne nouvelle \u00e9tape importante pour le r\u00e9seau TBM\u00a0\u00bb. <a href=\"https:\/\/www.20minutes.fr\/bordeaux\/\" class=\"c-link c-link--is-underlined\" target=\"_blank\" rel=\"noopener\">Bordeaux<\/a> M\u00e9tropole et <a href=\"https:\/\/www.20minutes.fr\/dossier\/keolis\" class=\"c-link c-link--is-underlined\" target=\"_blank\" rel=\"noopener\">Keolis<\/a> ont annonc\u00e9 ce jeudi l\u2019ouverture le 6\u00a0d\u00e9cembre prochain des deux nouvelles lignes de <a href=\"https:\/\/www.20minutes.fr\/dossier\/tram\" class=\"c-link c-link--is-underlined\" target=\"_blank\" rel=\"noopener\">tramway<\/a>, la E et la F.<\/p>\n<p><img decoding=\"async\" alt=\"Les deux nouvelles lignes E et F se servent des infrastructures existantes pour cr\u00e9er de nouvelles liaisons.\" class=\"c-img\" loading=\"lazy\" fetchpriority=\"auto\" width=\"718\"  src=\"https:\/\/img.20mn.fr\/-WsqVyOqQ_qhQC9qcRBJWyk\/718x0\" \/>Les deux nouvelles lignes E et F se servent des infrastructures existantes pour cr\u00e9er de nouvelles liaisons.\u2002-\u00a0K\u00e9olis Bordeaux M\u00e9tropole<\/p>\n<p>Il ne s\u2019agit pas \u00e0 proprement parler de la cr\u00e9ation de nouvelles lignes, puisque aucune nouvelle voie n\u2019a \u00e9t\u00e9 cr\u00e9\u00e9e, mais de nouvelles liaisons se servant des infrastructures existantes, \u00ab\u00a0permettant d\u2019augmenter l\u2019offre de transport\u00a0\u00bb. La ligne E permettra ainsi une liaison directe rive gauche\/rive droite, de Gare de Blanquefort \u00e0 Floirac, tandis que la F connectera la gare de B\u00e8gles \u00e0 l\u2019a\u00e9roport de M\u00e9rignac, via la gare Saint-Jean de Bordeaux.<\/p>\n<p>Les tout premiers bus \u00e9lectriques arrivent le 7\u00a0novembre<\/p>\n<p>Autre nouveaut\u00e9 annonc\u00e9e pour le 6\u00a0d\u00e9cembre\u00a0: une deuxi\u00e8me ligne de bus express entrera en service. Apr\u00e8s la ligne G, la H assurera une liaison circulaire par les boulevards en reliant les deux rives de la Garonne. \u00ab\u00a0Elle desservira des p\u00f4les \u00e9conomiques majeurs et des quartiers en plein d\u00e9veloppement\u00a0\u00bb explique Bordeaux M\u00e9tropole, et circulera en double sens au d\u00e9part de Cenon Gare. Elle roulera \u00e0 65\u00a0% en site propre, dont 85\u00a0% sur la rive gauche.<\/p>\n<p><img decoding=\"async\" alt=\"La ligne H sera la premi\u00e8re ligne circulaire de Bordeaux M\u00e9tropole.\" class=\"c-img\" loading=\"lazy\" fetchpriority=\"auto\" width=\"718\"  src=\"https:\/\/img.20mn.fr\/KUsBsOsBSVui8qwvBLg6qyk\/718x0\" \/>La ligne H sera la premi\u00e8re ligne circulaire de Bordeaux M\u00e9tropole.\u2002-\u00a0K\u00e9olis Bordeaux M\u00e9tropole<\/p>\n<p>Par ailleurs, huit nouveaux v\u00e9hicules \u00e9lectriques longs de dix-huit m\u00e8tres circuleront sur la ligne \u00e0 partir du 7\u00a0novembre. Il s\u2019agit des tout premiers bus \u00e9lectriques TBM, mais aussi des premiers v\u00e9hicules \u00e9quip\u00e9s de ports USB, de wifi embarqu\u00e9, de plans de ligne dynamique, de grands \u00e9crans d\u2019information ainsi que de boutons d\u2019appel d\u2019urgence.<\/p>\n","protected":false},"excerpt":{"rendered":"\u00abUne nouvelle \u00e9tape importante pour le r\u00e9seau TBM\u00a0\u00bb. Bordeaux M\u00e9tropole et Keolis ont annonc\u00e9 ce jeudi l\u2019ouverture le&hellip;\n","protected":false},"author":2,"featured_media":517515,"comment_status":"","ping_status":"","sticky":false,"template":"","format":"standard","meta":{"footnotes":""},"categories":[2817],"tags":[1111,11,3177,1997,7048,1777,674,1011,27,2905,4999,12,2219,1306,25,2221,2216],"class_list":{"0":"post-517514","1":"post","2":"type-post","3":"status-publish","4":"format-standard","5":"has-post-thumbnail","7":"category-bordeaux","8":"tag-actu","9":"tag-actualites","10":"tag-aquitaine","11":"tag-bordeaux","12":"tag-bus","13":"tag-eu","14":"tag-europe","15":"tag-fr","16":"tag-france","17":"tag-gironde","18":"tag-keolis","19":"tag-news","20":"tag-nouvelle-aquitaine","21":"tag-regions","22":"tag-republique-francaise","23":"tag-tram","24":"tag-transports-en-commun"},"share_on_mastodon":{"url":"https:\/\/pubeurope.com\/@fr\/115506646576494508","error":""},"_links":{"self":[{"href":"https:\/\/www.europesays.com\/fr\/wp-json\/wp\/v2\/posts\/517514","targetHints":{"allow":["GET"]}}],"collection":[{"href":"https:\/\/www.europesays.com\/fr\/wp-json\/wp\/v2\/posts"}],"about":[{"href":"https:\/\/www.europesays.com\/fr\/wp-json\/wp\/v2\/types\/post"}],"author":[{"embeddable":true,"href":"https:\/\/www.europesays.com\/fr\/wp-json\/wp\/v2\/users\/2"}],"replies":[{"embeddable":true,"href":"https:\/\/www.europesays.com\/fr\/wp-json\/wp\/v2\/comments?post=517514"}],"version-history":[{"count":0,"href":"https:\/\/www.europesays.com\/fr\/wp-json\/wp\/v2\/posts\/517514\/revisions"}],"wp:featuredmedia":[{"embeddable":true,"href":"https:\/\/www.europesays.com\/fr\/wp-json\/wp\/v2\/media\/517515"}],"wp:attachment":[{"href":"https:\/\/www.europesays.com\/fr\/wp-json\/wp\/v2\/media?parent=517514"}],"wp:term":[{"taxonomy":"category","embeddable":true,"href":"https:\/\/www.europesays.com\/fr\/wp-json\/wp\/v2\/categories?post=517514"},{"taxonomy":"post_tag","embeddable":true,"href":"https:\/\/www.europesays.com\/fr\/wp-json\/wp\/v2\/tags?post=517514"}],"curies":[{"name":"wp","href":"https:\/\/api.w.org\/{rel}","templated":true}]}}