{"id":517518,"date":"2025-11-07T04:59:14","date_gmt":"2025-11-07T04:59:14","guid":{"rendered":"https:\/\/www.europesays.com\/fr\/517518\/"},"modified":"2025-11-07T04:59:14","modified_gmt":"2025-11-07T04:59:14","slug":"meteo-apres-les-orages-quel-temps-fera-t-il-a-toulouse-et-en-occitanie-les-previsions","status":"publish","type":"post","link":"https:\/\/www.europesays.com\/fr\/517518\/","title":{"rendered":"M\u00e9t\u00e9o. Apr\u00e8s les orages, quel temps fera-t-il \u00e0 Toulouse et en Occitanie ? Les pr\u00e9visions"},"content":{"rendered":"<p>            Par<br \/>\n        <strong><br \/>\n            <a href=\"https:\/\/actu.fr\/auteur\/marie-lamarque\" title=\"Consulter tous les articles de Marie Lamarque\" target=\"_blank\" rel=\"noopener\">Marie Lamarque<\/a><br \/>\n        <\/strong><\/p>\n<p>        Publi\u00e9 le<\/p>\n<p>            7 nov. 2025 \u00e0 5h50        <\/p>\n<p>Apr\u00e8s<strong> un \u00e9pisode orageux<\/strong> qui s\u2019est accompagn\u00e9 de quelques coups de tonnerre, <a href=\"https:\/\/actu.fr\/occitanie\/toulouse_31555\/un-impact-de-foudre-explosif-a-frappe-le-sud-est-de-toulouse-il-a-ete-entendu-dans-toute-l-agglomeration_63402849.html\" target=\"_blank\" rel=\"noopener\">dont un, particuli\u00e8rement impressionnant<\/a>, enregistr\u00e9 pr\u00e8s de <a href=\"https:\/\/actu.fr\/toulouse\/\" target=\"_blank\" rel=\"noopener\">Toulouse<\/a> dans la matin\u00e9e de jeudi,<strong> la pluie pourrait encore tomber par endroits<\/strong> dans la r\u00e9gion ce vendredi 7 novembre 2025. Mais bien que cach\u00e9 par d\u2019\u00e9pais nuages, le soleil pourrait aussi briller, en particulier sur la fa\u00e7ade m\u00e9diterran\u00e9enne. Le point sur les pr\u00e9visions.<\/p>\n<p>Les pr\u00e9visions \u00e0 Toulouse\u2026<\/p>\n<p class=\" wall-content\"><strong>Dans la Ville rose, le ciel sera tr\u00e8s nuageux<\/strong> ce vendredi, avec un risque de pluie faible au cours de la soir\u00e9e, pour d\u00e9buter ce grand week-end du 11-Novembre. Les temp\u00e9ratures resteront relativement douces, avec <strong>11\u00b0C attendus le matin, et 18\u00b0C au cours de l\u2019apr\u00e8s-midi<\/strong>.<\/p>\n<p>    <img   decoding=\"async\" loading=\"lazy\" src=\"https:\/\/www.europesays.com\/fr\/wp-content\/uploads\/2025\/11\/previsions-meteo-toulouse-pluie-960x640.png\" alt=\"Les pr\u00e9visions m\u00e9t\u00e9o \u00e0 Toulouse pour ce vendredi 7 novembre 2025.\" width=\"960\" height=\"640\"\/><br \/>\n    Les pr\u00e9visions m\u00e9t\u00e9o \u00e0 Toulouse pour ce vendredi 7 novembre 2025. (\u00a9Capture d\u2019\u00e9cran \/ M\u00e9t\u00e9o-France)\u2026et en Occitanie<\/p>\n<p class=\" wall-content\">En Occitanie, <strong>un ciel nuageux et des pluies faibles<\/strong> sont attendus dans la matin\u00e9e, en particulier dans la partie centre de la r\u00e9gion. Ailleurs, on peut s\u2019attendre \u00e0 des \u00e9claircies, et m\u00eame \u00e0 un beau ciel bleu, notamment sur la fa\u00e7ade m\u00e9diterran\u00e9enne.<\/p>\n<p class=\" wall-content\"><strong>Les temp\u00e9ratures resteront tr\u00e8s douces<\/strong>, avec <strong>jusqu\u2019\u00e0 20\u00b0C annonc\u00e9s \u00e0 N\u00eemes et B\u00e9ziers<\/strong>. Il fera aussi<strong> 19\u00b0C \u00e0 Carcassonne, 18\u00b0C \u00e0 Auch et \u00e0 Cahors, 16\u00b0C \u00e0 Foix ou encore 14\u00b0C \u00e0 Mende<\/strong>.\u00a0<\/p>\n<p>Vid\u00e9os : en ce moment sur Actu<br \/>\n    <img   decoding=\"async\" loading=\"lazy\" src=\"https:\/\/www.europesays.com\/fr\/wp-content\/uploads\/2025\/11\/occitanie-meteo-previsions-pluie-960x640.png\" alt=\"Les pr\u00e9visions en Occitanie pour ce vendredi 7 novembre 2025.\" width=\"960\" height=\"640\"\/><br \/>\n    Les pr\u00e9visions en Occitanie pour ce vendredi 7 novembre 2025. (\u00a9Capture d\u2019\u00e9cran \/ M\u00e9t\u00e9o-France)<\/p>\n<p class=\" wall-content\">Personnalisez votre actualit\u00e9 en ajoutant vos villes et m\u00e9dias en favori avec <a href=\"https:\/\/moncompte.actu.fr\" title=\"D\u00e9couvez Mon Actu\" rel=\"nofollow noopener\" data-trk=\"{&quot;cta&quot;:{&quot;action&quot;:&quot;https:\\\/\\\/moncompte.actu.fr&quot;,&quot;category&quot;:&quot;mon compte&quot;,&quot;from&quot;:&quot;article footer&quot;,&quot;name&quot;:&quot;Mon actu&quot;,&quot;type&quot;:&quot;cta&quot;}}\" target=\"_blank\">Mon Actu<\/a>.<\/p>\n","protected":false},"excerpt":{"rendered":"Par Marie Lamarque Publi\u00e9 le 7 nov. 2025 \u00e0 5h50 Apr\u00e8s un \u00e9pisode orageux qui s\u2019est accompagn\u00e9 de&hellip;\n","protected":false},"author":2,"featured_media":517519,"comment_status":"","ping_status":"","sticky":false,"template":"","format":"standard","meta":{"footnotes":""},"categories":[2816],"tags":[1111,11,1777,674,1011,27,2487,2357,12,2680,4459,25,2312],"class_list":{"0":"post-517518","1":"post","2":"type-post","3":"status-publish","4":"format-standard","5":"has-post-thumbnail","7":"category-toulouse","8":"tag-actu","9":"tag-actualites","10":"tag-eu","11":"tag-europe","12":"tag-fr","13":"tag-france","14":"tag-meteo","15":"tag-meteo-france","16":"tag-news","17":"tag-occitanie","18":"tag-pluie","19":"tag-republique-francaise","20":"tag-toulouse"},"share_on_mastodon":{"url":"https:\/\/pubeurope.com\/@fr\/115506653746685807","error":""},"_links":{"self":[{"href":"https:\/\/www.europesays.com\/fr\/wp-json\/wp\/v2\/posts\/517518","targetHints":{"allow":["GET"]}}],"collection":[{"href":"https:\/\/www.europesays.com\/fr\/wp-json\/wp\/v2\/posts"}],"about":[{"href":"https:\/\/www.europesays.com\/fr\/wp-json\/wp\/v2\/types\/post"}],"author":[{"embeddable":true,"href":"https:\/\/www.europesays.com\/fr\/wp-json\/wp\/v2\/users\/2"}],"replies":[{"embeddable":true,"href":"https:\/\/www.europesays.com\/fr\/wp-json\/wp\/v2\/comments?post=517518"}],"version-history":[{"count":0,"href":"https:\/\/www.europesays.com\/fr\/wp-json\/wp\/v2\/posts\/517518\/revisions"}],"wp:featuredmedia":[{"embeddable":true,"href":"https:\/\/www.europesays.com\/fr\/wp-json\/wp\/v2\/media\/517519"}],"wp:attachment":[{"href":"https:\/\/www.europesays.com\/fr\/wp-json\/wp\/v2\/media?parent=517518"}],"wp:term":[{"taxonomy":"category","embeddable":true,"href":"https:\/\/www.europesays.com\/fr\/wp-json\/wp\/v2\/categories?post=517518"},{"taxonomy":"post_tag","embeddable":true,"href":"https:\/\/www.europesays.com\/fr\/wp-json\/wp\/v2\/tags?post=517518"}],"curies":[{"name":"wp","href":"https:\/\/api.w.org\/{rel}","templated":true}]}}