{"id":51752,"date":"2025-04-25T12:37:07","date_gmt":"2025-04-25T12:37:07","guid":{"rendered":"https:\/\/www.europesays.com\/fr\/51752\/"},"modified":"2025-04-25T12:37:07","modified_gmt":"2025-04-25T12:37:07","slug":"la-circulation-des-trains-interrompue-ce-week-end-avec-des-adaptations-a-montpellier","status":"publish","type":"post","link":"https:\/\/www.europesays.com\/fr\/51752\/","title":{"rendered":"la circulation des trains interrompue ce week-end avec des adaptations \u00e0 Montpellier"},"content":{"rendered":"<p>            Par<br \/>\n        <strong><br \/>\n            <a href=\"https:\/\/actu.fr\/auteur\/metropoop\" title=\"Consulter tous les articles de R\u00e9daction M\u00e9tropolitain\" target=\"_blank\" rel=\"noopener\">R\u00e9daction M\u00e9tropolitain<\/a><br \/>\n        <\/strong><\/p>\n<p>        Publi\u00e9 le<\/p>\n<p>            25 avr. 2025 \u00e0 14h28        <\/p>\n<p>Prenez vos pr\u00e9cautions en ce dernier week-end des vacances de P\u00e2ques : en raison d\u2019importants travaux de remplacement d\u2019appareils de voie en gare de N\u00eemes, men\u00e9s par les \u00e9quipes de SNCF R\u00e9seau, la circulation des trains doit \u00eatre interrompue entre N\u00eemes \u2013 Avignon et Marseille.<\/p>\n<p class=\" wall-content\"><strong>Des adaptations \u00e0 Montpellier<\/strong><\/p>\n<p class=\" wall-content\">En effet, ce samedi 26 et ce dimanche 27 avril 2025, en raison de ces perturbations, TaM renforce la navette gare Montpellier Sud de France \u00e9tant donn\u00e9 que ce week-end, en raison des <strong>travaux en gare de N\u00eemes<\/strong>, les TGV sont redirig\u00e9s vers la gare de Montpellier Sud de France.<\/p>\n<p class=\" wall-content\">Suivez toute l\u2019actualit\u00e9 de vos villes et m\u00e9dias favoris en vous inscrivant \u00e0 <a href=\"https:\/\/moncompte.actu.fr\" title=\"D\u00e9couvez Mon Actu\" rel=\"nofollow noopener\" data-trk=\"{&quot;cta&quot;:{&quot;action&quot;:&quot;https:\\\/\\\/moncompte.actu.fr&quot;,&quot;category&quot;:&quot;mon compte&quot;,&quot;from&quot;:&quot;article footer&quot;,&quot;name&quot;:&quot;Mon actu&quot;,&quot;type&quot;:&quot;cta&quot;}}\" target=\"_blank\">Mon Actu<\/a>.<\/p>\n","protected":false},"excerpt":{"rendered":"Par R\u00e9daction M\u00e9tropolitain Publi\u00e9 le 25 avr. 2025 \u00e0 14h28 Prenez vos pr\u00e9cautions en ce dernier week-end des&hellip;\n","protected":false},"author":2,"featured_media":51753,"comment_status":"","ping_status":"","sticky":false,"template":"","format":"standard","meta":{"footnotes":""},"categories":[9599],"tags":[1111,11,1777,674,1011,27,2208,12,2680,25,2215,104,2214],"class_list":{"0":"post-51752","1":"post","2":"type-post","3":"status-publish","4":"format-standard","5":"has-post-thumbnail","7":"category-montpellier","8":"tag-actu","9":"tag-actualites","10":"tag-eu","11":"tag-europe","12":"tag-fr","13":"tag-france","14":"tag-montpellier","15":"tag-news","16":"tag-occitanie","17":"tag-republique-francaise","18":"tag-sncf","19":"tag-societe","20":"tag-tgv"},"share_on_mastodon":{"url":"https:\/\/pubeurope.com\/@fr\/114398641745096646","error":""},"_links":{"self":[{"href":"https:\/\/www.europesays.com\/fr\/wp-json\/wp\/v2\/posts\/51752","targetHints":{"allow":["GET"]}}],"collection":[{"href":"https:\/\/www.europesays.com\/fr\/wp-json\/wp\/v2\/posts"}],"about":[{"href":"https:\/\/www.europesays.com\/fr\/wp-json\/wp\/v2\/types\/post"}],"author":[{"embeddable":true,"href":"https:\/\/www.europesays.com\/fr\/wp-json\/wp\/v2\/users\/2"}],"replies":[{"embeddable":true,"href":"https:\/\/www.europesays.com\/fr\/wp-json\/wp\/v2\/comments?post=51752"}],"version-history":[{"count":0,"href":"https:\/\/www.europesays.com\/fr\/wp-json\/wp\/v2\/posts\/51752\/revisions"}],"wp:featuredmedia":[{"embeddable":true,"href":"https:\/\/www.europesays.com\/fr\/wp-json\/wp\/v2\/media\/51753"}],"wp:attachment":[{"href":"https:\/\/www.europesays.com\/fr\/wp-json\/wp\/v2\/media?parent=51752"}],"wp:term":[{"taxonomy":"category","embeddable":true,"href":"https:\/\/www.europesays.com\/fr\/wp-json\/wp\/v2\/categories?post=51752"},{"taxonomy":"post_tag","embeddable":true,"href":"https:\/\/www.europesays.com\/fr\/wp-json\/wp\/v2\/tags?post=51752"}],"curies":[{"name":"wp","href":"https:\/\/api.w.org\/{rel}","templated":true}]}}