{"id":517520,"date":"2025-11-07T05:01:31","date_gmt":"2025-11-07T05:01:31","guid":{"rendered":"https:\/\/www.europesays.com\/fr\/517520\/"},"modified":"2025-11-07T05:01:31","modified_gmt":"2025-11-07T05:01:31","slug":"ligue-europa-plombe-par-berke-ozer-lille-sincline-a-belgrade","status":"publish","type":"post","link":"https:\/\/www.europesays.com\/fr\/517520\/","title":{"rendered":"Ligue Europa: plomb\u00e9 par Berke \u00d6zer, Lille s&rsquo;incline \u00e0 Belgrade"},"content":{"rendered":"<p class=\"mb-4 text-lg md:leading-8 break-words\">Lille a conc\u00e9d\u00e9 sa deuxi\u00e8me d\u00e9faite cons\u00e9cutive en Ligue Europa, cette fois \u00e0 Belgrade contre l&rsquo;\u00c9toile rouge (1-0), \u00e0 la suite d&rsquo;un p\u00e9nalty conc\u00e9d\u00e9 par son gardien Berke \u00d6zer en fin de match, jeudi soir.<\/p>\n<p class=\"mb-4 text-lg md:leading-8 break-words\">En manque d&rsquo;adresse et d&rsquo;inspiration avec une \u00e9quipe remani\u00e9e, le Losc se dirigeait vers un match nul d\u00e9cevant quand \u00d6zer a fauch\u00e9 le capitaine du club serbe Mirko Ivanic, auteur d&rsquo;une perc\u00e9e dans la surface. Marko Arnautovic n&rsquo;a alors laiss\u00e9 aucune chance au Turc de r\u00e9parer son erreur, d&rsquo;une frappe puissante et pr\u00e9cise (85e).<\/p>\n<p class=\"mb-4 text-lg md:leading-8 break-words\">La pire conclusion possible d&rsquo;une soir\u00e9e o\u00f9 les joueurs de Bruno Genesio ont sembl\u00e9 manquer d&rsquo;allant, leur mal r\u00e9current cette saison, en particulier en coupe d&rsquo;Europe, qui expliquait d\u00e9j\u00e0 leur d\u00e9convenue \u00e0 domicile contre le PAOK (4-3).<\/p>\n<p class=\"mb-4 text-lg md:leading-8 break-words\">Apr\u00e8s deux succ\u00e8s contre Brann Bergen (2-1) et sur le terrain de l&rsquo;AS Rome (1-0), Lille retombe dans le milieu du classement de la phase de ligue avec six points.<\/p>\n<p class=\"mb-4 text-lg md:leading-8 break-words\">Les Dogues ont pourtant, sur le papier, un effectif pour disputer plusieurs comp\u00e9titions tambour battant. Mais paradoxalement, si le banc lillois a \u00e9t\u00e9 tr\u00e8s performant cette saison pour conclure les matches, il peine \u00e0 prendre le relais des titulaires lorsqu&rsquo;il s&rsquo;agit de les d\u00e9buter.<\/p>\n<p class=\"mb-4 text-lg md:leading-8 break-words\">Ainsi, Calvin Verdonk, Marius Broholm, Tiago Santos, Nabil Bentaleb et Ngal&rsquo;ayel Mukau ne sont pas parvenus \u00e0 faire oublier les titulaires habituels. Parmi eux, seul Broholm s&rsquo;est montr\u00e9 \u00e0 son avantage, avec une frappe enroul\u00e9e dangereuse (24e) et une passe en position de N.10 qui aurait d\u00fb \u00eatre d\u00e9cisive pour Hamza Igamane, qui a perdu son duel avec le gardien Matheus Magalh\u00e3es (63e).<\/p>\n<p class=\"mb-4 text-lg md:leading-8 break-words\">Le portier br\u00e9silien a \u00e9t\u00e9 l&rsquo;artisan majeur du succ\u00e8s de l&rsquo;\u00c9toile rouge, au Marakana, stoppant une premi\u00e8re frappe flottante d&rsquo;Igamane (44e) et r\u00e9ussissant surtout un arr\u00eat d\u00e9terminant face \u00e0 Olivier Giroud (90e), avant qu&rsquo;Ayyoub Bouaddi ne trouve la barre transversale.<\/p>\n<p class=\"mb-4 text-lg md:leading-8 break-words\">Le contraste est clair avec la performance d&rsquo;\u00d6zer, qui avait pourtant bien d\u00e9but\u00e9, repoussant deux tentatives de suite (4e) apr\u00e8s un corner des Serbes.<\/p>\n<p class=\"mb-4 text-lg md:leading-8 break-words\">Constant dans l&rsquo;inconstance cette saison, Lille voudra se relancer \u00e0 Strasbourg dimanche (17h15) en Ligue 1 avant d&rsquo;envisager, en fin de mois, la venue du Dinamo Zagreb en Ligue Europa.<\/p>\n<p class=\"mb-4 text-lg md:leading-8 break-words\">rbo\/bm<\/p>\n","protected":false},"excerpt":{"rendered":"Lille a conc\u00e9d\u00e9 sa deuxi\u00e8me d\u00e9faite cons\u00e9cutive en Ligue Europa, cette fois \u00e0 Belgrade contre l&rsquo;\u00c9toile rouge (1-0),&hellip;\n","protected":false},"author":2,"featured_media":517521,"comment_status":"","ping_status":"","sticky":false,"template":"","format":"standard","meta":{"footnotes":""},"categories":[2815],"tags":[1111,11,22277,54696,8095,53987,1777,674,1011,27,39078,811,63798,5843,1307,2267,63800,63799,63801,12,5959,25,640,54697],"class_list":{"0":"post-517520","1":"post","2":"type-post","3":"status-publish","4":"format-standard","5":"has-post-thumbnail","7":"category-lille","8":"tag-actu","9":"tag-actualites","10":"tag-belgrade","11":"tag-brann-bergen","12":"tag-bruno-genesio","13":"tag-calvin-verdonk","14":"tag-eu","15":"tag-europe","16":"tag-fr","17":"tag-france","18":"tag-hamza-igamane","19":"tag-hauts-de-france","20":"tag-letoile-rouge","21":"tag-ligue-europa","22":"tag-lille","23":"tag-losc","24":"tag-marius-broholm","25":"tag-marko-arnautovic","26":"tag-nabil-bentaleb","27":"tag-news","28":"tag-olivier-giroud","29":"tag-republique-francaise","30":"tag-strasbourg","31":"tag-tiago-santos"},"share_on_mastodon":{"url":"https:\/\/pubeurope.com\/@fr\/115506661547518044","error":""},"_links":{"self":[{"href":"https:\/\/www.europesays.com\/fr\/wp-json\/wp\/v2\/posts\/517520","targetHints":{"allow":["GET"]}}],"collection":[{"href":"https:\/\/www.europesays.com\/fr\/wp-json\/wp\/v2\/posts"}],"about":[{"href":"https:\/\/www.europesays.com\/fr\/wp-json\/wp\/v2\/types\/post"}],"author":[{"embeddable":true,"href":"https:\/\/www.europesays.com\/fr\/wp-json\/wp\/v2\/users\/2"}],"replies":[{"embeddable":true,"href":"https:\/\/www.europesays.com\/fr\/wp-json\/wp\/v2\/comments?post=517520"}],"version-history":[{"count":0,"href":"https:\/\/www.europesays.com\/fr\/wp-json\/wp\/v2\/posts\/517520\/revisions"}],"wp:featuredmedia":[{"embeddable":true,"href":"https:\/\/www.europesays.com\/fr\/wp-json\/wp\/v2\/media\/517521"}],"wp:attachment":[{"href":"https:\/\/www.europesays.com\/fr\/wp-json\/wp\/v2\/media?parent=517520"}],"wp:term":[{"taxonomy":"category","embeddable":true,"href":"https:\/\/www.europesays.com\/fr\/wp-json\/wp\/v2\/categories?post=517520"},{"taxonomy":"post_tag","embeddable":true,"href":"https:\/\/www.europesays.com\/fr\/wp-json\/wp\/v2\/tags?post=517520"}],"curies":[{"name":"wp","href":"https:\/\/api.w.org\/{rel}","templated":true}]}}