{"id":517522,"date":"2025-11-07T05:02:13","date_gmt":"2025-11-07T05:02:13","guid":{"rendered":"https:\/\/www.europesays.com\/fr\/517522\/"},"modified":"2025-11-07T05:02:13","modified_gmt":"2025-11-07T05:02:13","slug":"marseille-un-chirurgien-condamne-pour-avoir-escroque-la-securite-sociale-de-plus-de","status":"publish","type":"post","link":"https:\/\/www.europesays.com\/fr\/517522\/","title":{"rendered":"Marseille\u00a0: un chirurgien condamn\u00e9 pour avoir escroqu\u00e9 la S\u00e9curit\u00e9 sociale de plus de"},"content":{"rendered":"<p>Un chirurgien, chef du service orthop\u00e9die de l\u2019h\u00f4pital Edmond-Garcin \u00e0 Aubagne (Bouches-du-Rh\u00f4ne), vient d\u2019\u00eatre condamn\u00e9 par le tribunal de Marseille. Il lui \u00e9tait reproch\u00e9 d\u2019avoir per\u00e7u plus de 467\u00a0000\u00a0\u20ac de la part de la S\u00e9curit\u00e9 sociale, pour des op\u00e9rations r\u00e9alis\u00e9es entre 2019 et 2022, rapporte <a href=\"https:\/\/www.laprovence.com\/article\/faits-divers-justice\/11127416978395\/escroquerie-de-467000e-a-la-secu-le-chirurgien-aubagnais-ecope-de-2-ans-avec-sursis-et-100000e-d-amende\" target=\"_blank\" rel=\"noopener\"> La Provence <\/a>. Des interventions pour lesquelles il n\u2019\u00e9tait parfois pas qualifi\u00e9. Certaines n\u2019ont jamais \u00e9t\u00e9 r\u00e9alis\u00e9es ou par d\u2019autres professionnels.<\/p>\n<p>Le m\u00e9decin avait sign\u00e9 une convention avec l\u2019h\u00f4pital, l\u2019autorisant \u00e0 exercer deux demi-journ\u00e9es par semaine en lib\u00e9ral. Une condition\u00a0: que cette activit\u00e9, plus r\u00e9mun\u00e9ratrice, ne d\u00e9passe pas 20\u00a0% de son temps de travail. Les actes r\u00e9alis\u00e9s sur ses patients priv\u00e9s devaient \u00eatre d\u00e9clar\u00e9s, pour \u00eatre pay\u00e9s.<\/p>\n<p>900\u00a0interventions litigieuses<\/p>\n<p>C\u2019est un chirurgien contractuel qui avait d\u00e9nonc\u00e9 les pratiques du pr\u00e9venu. Selon lui, le m\u00e9decin aurait r\u00e9cup\u00e9r\u00e9 plusieurs donn\u00e9es et informations sur des patients dans les logiciels de l\u2019h\u00f4pital pour effectuer ses fausses d\u00e9clarations\u00a0: nom, date de l\u2019op\u00e9ration ou encore nom du chirurgien qui avait r\u00e9ellement op\u00e9r\u00e9. <strong>\u00ab\u00a0Il r\u00e9cup\u00e9rait ensuite sur un logiciel les num\u00e9ros de S\u00e9curit\u00e9 sociale des patients concern\u00e9s pour g\u00e9n\u00e9rer \u00e0 l\u2019aide d\u2019un logiciel de facturation des feuilles de soins qu\u2019il transmettait \u00e0 l\u2019Assurance maladie\u00a0\u00bb<\/strong> a indiqu\u00e9 l\u2019avocat de la S\u00e9curit\u00e9 sociale \u00e0 La Provence.<\/p>\n<p>Selon l\u2019enqu\u00eate, ce ne sont pas moins de 900\u00a0interventions litigieuses qui auraient \u00e9t\u00e9 r\u00e9alis\u00e9es pour un montant total de 467\u00a0272,23\u00a0\u20ac, dont 327\u00a0485\u00a0\u20ac rien qu\u2019en 2021.\u00a0Selon <a href=\"https:\/\/www.francebleu.fr\/infos\/faits-divers-justice\/deux-ans-de-prison-avec-sursis-pour-un-chirurgien-de-l-hopital-d-aubagne-accuse-de-fraude-a-la-securite-sociale-9070934\" target=\"_blank\" rel=\"noopener\"> ici Provence <\/a>, cette escroquerie lui aurait permis de multiplier ses revenus par six.<\/p>\n<p>Une audience sur int\u00e9r\u00eats civils<\/p>\n<p>Au tribunal, le pr\u00e9venu a reconnu en partie les faits mais a expliqu\u00e9 avoir d\u00e9clar\u00e9 des op\u00e9rations r\u00e9alis\u00e9es \u00e0 plusieurs mains, aux c\u00f4t\u00e9s de confr\u00e8res. Il a affirm\u00e9 ne pas savoir qu\u2019il ne pouvait pas les d\u00e9clarer.<\/p>\n<p>Le tribunal l\u2019a condamn\u00e9 \u00e0 24\u00a0mois de prison avec sursis, \u00e0 100\u00a0000\u00a0\u20ac d\u2019amende, et \u00e0 une interdiction de 5\u00a0ans d\u2019exercer la profession de chirurgien dans le cadre d\u2019une activit\u00e9 lib\u00e9rale au sein d\u2019un \u00e9tablissement public. <a href=\"https:\/\/www.lefigaro.fr\/marseille\/marseille-un-chirurgien-condamne-a-100-000-euros-d-amende-pour-avoir-escroque-la-securite-sociale-20251104\" target=\"_blank\" rel=\"noopener\"> Le Figaro <\/a> indique qu\u2019une audience sur int\u00e9r\u00eats civils se tiendra le 13\u00a0mars 2026 pour tenter de d\u00e9terminer le pr\u00e9judice des parties civiles, notamment de neuf caisses primaires d\u2019Assurance maladie.<\/p>\n<p>\u00a0<\/p>\n","protected":false},"excerpt":{"rendered":"Un chirurgien, chef du service orthop\u00e9die de l\u2019h\u00f4pital Edmond-Garcin \u00e0 Aubagne (Bouches-du-Rh\u00f4ne), vient d\u2019\u00eatre condamn\u00e9 par le tribunal&hellip;\n","protected":false},"author":2,"featured_media":517523,"comment_status":"","ping_status":"","sticky":false,"template":"","format":"standard","meta":{"footnotes":""},"categories":[2814],"tags":[6541,29033,1111,11,13967,8652,38771,1777,674,1011,27,884,12,882,25,656,12326,2812],"class_list":{"0":"post-517522","1":"post","2":"type-post","3":"status-publish","4":"format-standard","5":"has-post-thumbnail","7":"category-marseille","8":"tag-6541","9":"tag-29033","10":"tag-actu","11":"tag-actualites","12":"tag-chirurgien","13":"tag-condamne","14":"tag-escroque","15":"tag-eu","16":"tag-europe","17":"tag-fr","18":"tag-france","19":"tag-marseille","20":"tag-news","21":"tag-provence-alpes-cote-dazur","22":"tag-republique-francaise","23":"tag-securite","24":"tag-seyne","25":"tag-sociale"},"share_on_mastodon":{"url":"https:\/\/pubeurope.com\/@fr\/115506665485635623","error":""},"_links":{"self":[{"href":"https:\/\/www.europesays.com\/fr\/wp-json\/wp\/v2\/posts\/517522","targetHints":{"allow":["GET"]}}],"collection":[{"href":"https:\/\/www.europesays.com\/fr\/wp-json\/wp\/v2\/posts"}],"about":[{"href":"https:\/\/www.europesays.com\/fr\/wp-json\/wp\/v2\/types\/post"}],"author":[{"embeddable":true,"href":"https:\/\/www.europesays.com\/fr\/wp-json\/wp\/v2\/users\/2"}],"replies":[{"embeddable":true,"href":"https:\/\/www.europesays.com\/fr\/wp-json\/wp\/v2\/comments?post=517522"}],"version-history":[{"count":0,"href":"https:\/\/www.europesays.com\/fr\/wp-json\/wp\/v2\/posts\/517522\/revisions"}],"wp:featuredmedia":[{"embeddable":true,"href":"https:\/\/www.europesays.com\/fr\/wp-json\/wp\/v2\/media\/517523"}],"wp:attachment":[{"href":"https:\/\/www.europesays.com\/fr\/wp-json\/wp\/v2\/media?parent=517522"}],"wp:term":[{"taxonomy":"category","embeddable":true,"href":"https:\/\/www.europesays.com\/fr\/wp-json\/wp\/v2\/categories?post=517522"},{"taxonomy":"post_tag","embeddable":true,"href":"https:\/\/www.europesays.com\/fr\/wp-json\/wp\/v2\/tags?post=517522"}],"curies":[{"name":"wp","href":"https:\/\/api.w.org\/{rel}","templated":true}]}}