{"id":517526,"date":"2025-11-07T05:04:12","date_gmt":"2025-11-07T05:04:12","guid":{"rendered":"https:\/\/www.europesays.com\/fr\/517526\/"},"modified":"2025-11-07T05:04:12","modified_gmt":"2025-11-07T05:04:12","slug":"lyon-deux-jours-pour-tout-savoir-sur-leconomie-regenerative-et-soutenir-le-vivant","status":"publish","type":"post","link":"https:\/\/www.europesays.com\/fr\/517526\/","title":{"rendered":"Lyon. Deux jours pour tout savoir sur l\u2019\u00e9conomie r\u00e9g\u00e9n\u00e9rative et \u00ab\u00a0soutenir le vivant\u00a0\u00bb"},"content":{"rendered":"<p class=\"xsm-p emxed-markup\">L\u2019association lyonnaise Mush organise les Rencontres de l\u2019\u00e9conomie r\u00e9g\u00e9n\u00e9rative, ce vendredi\u00a07 et samedi 8\u00a0novembre \u00e0 la Cit\u00e9 internationale de la gastronomie \u00e0 Lyon. Un \u00e9v\u00e9nement annuel qui fait suite aux Rencontres de la perma-\u00e9conomie \u00e0 la Permaculturelle, espace de coworking \u00ab\u00a0\u00e9thique\u00a0\u00bb \u00e0 Lyon 4e. Avec cette fois l\u2019objectif d\u2019accueillir un millier de personnes, l\u2019un des plus importants rendez-vous \u00a0pour \u00ab\u00a0soutenir le vivant et s\u2019adapter \u00e0 un monde de plus en plus instable\u00a0\u00bb.<\/p>\n<p class=\"xsm-p emxed-markup\">Une communaut\u00e9 issue du r\u00e9seau Team for the planet,\u00a0<a class=\"emxed-markup\" href=\"https:\/\/www.leprogres.fr\/economie\/2025\/10\/30\/dereglement-climatique-team-for-the-planet-lance-son-antenne-ligerienne\" target=\"_blank\" rel=\"nofollow noopener\">un mouvement citoyen pour lutter contre le changement climatique<\/a> \u00e0 l\u2019\u00e9chelle mondiale.<\/p>\n<p>  \u00ab\u00a0Le but est de faire en sorte que l\u2019\u00e9conomie soit au service du vivant\u00a0\u00bb<\/p>\n<p class=\"xsm-p emxed-markup\">Au programme des tables rondes participatives (l\u2019\u00e9conomie r\u00e9g\u00e9n\u00e9rative\u00a0: passer du r\u00eave \u00e0 l\u2019action ou encore Sant\u00e9 mentale\u00a0: qui porte la r\u00e9g\u00e9n\u00e9ration de l\u2019humain\u00a0?&#8230;) en pr\u00e9sence de sp\u00e9cialistes de la question (Fabrice Bonnifet, Isabelle Delannoy, Olivier Hamant, Lumia, Emmanuel Delannoy, Christian Bru\u00e8re, Thomas Breuzard\u2026).<\/p>\n<p class=\"xsm-p emxed-markup\">\u00ab\u00a0Le but est de faire en sorte que l\u2019\u00e9conomie soit au service du vivant, d\u00e9veloppe\u00a0Fabien Lopez, cofondateur de l\u2019\u00e9v\u00e9nement et pr\u00e9sident cofondateur de Mush.\u00a0Le constat c\u2019est qu\u2019on a d\u00e9j\u00e0 d\u00e9truit beaucoup de capitaux naturels et humains.\u00a0On ne peut pas r\u00e9g\u00e9n\u00e9rer l\u2019\u00e9cosyst\u00e8me si on ne r\u00e9duit pas l\u2019emprise\u00a0\u00bb, poursuit le militant (Sator, Genact\u2026).<\/p>\n<p class=\"xsm-p emxed-markup\">Parmi les participants des entrepreneurs, chercheurs, \u00e9tudiants et plus globalement \u00ab\u00a0toutes les personnes qui ont saisi que le monde va mal et qui veulent \u00eatre les pionniers d\u2019une \u00e9conomie diff\u00e9rente. \u00c0 savoir pas au service de l\u2019enrichissement de quelques personnes mais pour notre milieu de vie qu\u2019on a d\u00e9j\u00e0 d\u00e9truit.\u00a0\u00bb<\/p>\n<p class=\"note\"><a href=\"http:\/\/www.wearemush.com\" target=\"_blank\" rel=\"nofollow noopener\">www.wearemush.com<\/a><\/p>\n","protected":false},"excerpt":{"rendered":"L\u2019association lyonnaise Mush organise les Rencontres de l\u2019\u00e9conomie r\u00e9g\u00e9n\u00e9rative, ce vendredi\u00a07 et samedi 8\u00a0novembre \u00e0 la Cit\u00e9 internationale&hellip;\n","protected":false},"author":2,"featured_media":517527,"comment_status":"","ping_status":"","sticky":false,"template":"","format":"standard","meta":{"footnotes":""},"categories":[1889],"tags":[1111,11,2430,33,2757,1777,674,1011,27,2428,2756,12,25,2429],"class_list":{"0":"post-517526","1":"post","2":"type-post","3":"status-publish","4":"format-standard","5":"has-post-thumbnail","7":"category-lyon","8":"tag-actu","9":"tag-actualites","10":"tag-auvergne-rhone-alpes","11":"tag-economie","12":"tag-edition-lyon-villeurbanne","13":"tag-eu","14":"tag-europe","15":"tag-fr","16":"tag-france","17":"tag-lyon","18":"tag-lyon-bassin","19":"tag-news","20":"tag-republique-francaise","21":"tag-rhone"},"share_on_mastodon":{"url":"https:\/\/pubeurope.com\/@fr\/115506673405712461","error":""},"_links":{"self":[{"href":"https:\/\/www.europesays.com\/fr\/wp-json\/wp\/v2\/posts\/517526","targetHints":{"allow":["GET"]}}],"collection":[{"href":"https:\/\/www.europesays.com\/fr\/wp-json\/wp\/v2\/posts"}],"about":[{"href":"https:\/\/www.europesays.com\/fr\/wp-json\/wp\/v2\/types\/post"}],"author":[{"embeddable":true,"href":"https:\/\/www.europesays.com\/fr\/wp-json\/wp\/v2\/users\/2"}],"replies":[{"embeddable":true,"href":"https:\/\/www.europesays.com\/fr\/wp-json\/wp\/v2\/comments?post=517526"}],"version-history":[{"count":0,"href":"https:\/\/www.europesays.com\/fr\/wp-json\/wp\/v2\/posts\/517526\/revisions"}],"wp:featuredmedia":[{"embeddable":true,"href":"https:\/\/www.europesays.com\/fr\/wp-json\/wp\/v2\/media\/517527"}],"wp:attachment":[{"href":"https:\/\/www.europesays.com\/fr\/wp-json\/wp\/v2\/media?parent=517526"}],"wp:term":[{"taxonomy":"category","embeddable":true,"href":"https:\/\/www.europesays.com\/fr\/wp-json\/wp\/v2\/categories?post=517526"},{"taxonomy":"post_tag","embeddable":true,"href":"https:\/\/www.europesays.com\/fr\/wp-json\/wp\/v2\/tags?post=517526"}],"curies":[{"name":"wp","href":"https:\/\/api.w.org\/{rel}","templated":true}]}}