{"id":517528,"date":"2025-11-07T05:05:22","date_gmt":"2025-11-07T05:05:22","guid":{"rendered":"https:\/\/www.europesays.com\/fr\/517528\/"},"modified":"2025-11-07T05:05:22","modified_gmt":"2025-11-07T05:05:22","slug":"lyon-anais-belouassa-cherifi-entre-en-campagne-et-tape-sur-aulas-guignol-de-la-droite-et-de-la-macronie","status":"publish","type":"post","link":"https:\/\/www.europesays.com\/fr\/517528\/","title":{"rendered":"Lyon. Ana\u00efs Belouassa Cherifi entre en campagne et tape sur Aulas \u00ab\u00a0Guignol de la droite et de la Macronie\u00a0\u00bb"},"content":{"rendered":"<p>Petite salle, mais effet de masse au lancement de campagne de l\u2019Insoumise Ana\u00efs Belouassa Cherifi, jeudi soir \u00e0 Lyon. Le meeting retransmis a d\u2019embl\u00e9e trouv\u00e9 son ton. Celui de la radicalit\u00e9. D\u00e8s l\u2019introduction, Salim, porte-parole de Locataires Ensemble, a appel\u00e9 \u00e0 pr\u00e9parer \u00ab\u00a0de grandes gr\u00e8ves de loyer\u00a0\u00bb.<\/p>\n<p>\u00ab\u00a0Plus le temps d\u2019attendre pour une bifurcation \u00e9cologique, pour un v\u00e9ritable internationalisme, pour sortir les gens de la rue\u00a0\u00bb, pr\u00e9vient <a href=\"https:\/\/www.leprogres.fr\/p\/clemence-guette\" target=\"_blank\" rel=\"nofollow noopener\">Cl\u00e9mence Guett\u00e9<\/a>. La d\u00e9put\u00e9e LFI, vice-pr\u00e9sidente de l\u2019Assembl\u00e9e nationale, venue soutenir sa \u00ab\u00a0camarade et amie\u00a0\u00bb, explique passer de sales semaines dans&#8230;<\/p>\n","protected":false},"excerpt":{"rendered":"Petite salle, mais effet de masse au lancement de campagne de l\u2019Insoumise Ana\u00efs Belouassa Cherifi, jeudi soir \u00e0&hellip;\n","protected":false},"author":2,"featured_media":517529,"comment_status":"","ping_status":"","sticky":false,"template":"","format":"standard","meta":{"footnotes":""},"categories":[1889],"tags":[1111,11,2430,2757,4188,1777,674,107,1011,27,2338,2428,2756,12,316,25,2429],"class_list":{"0":"post-517528","1":"post","2":"type-post","3":"status-publish","4":"format-standard","5":"has-post-thumbnail","7":"category-lyon","8":"tag-actu","9":"tag-actualites","10":"tag-auvergne-rhone-alpes","11":"tag-edition-lyon-villeurbanne","12":"tag-elections-municipales","13":"tag-eu","14":"tag-europe","15":"tag-fil-info","16":"tag-fr","17":"tag-france","18":"tag-la-france-insoumise","19":"tag-lyon","20":"tag-lyon-bassin","21":"tag-news","22":"tag-politique","23":"tag-republique-francaise","24":"tag-rhone"},"share_on_mastodon":{"url":"https:\/\/pubeurope.com\/@fr\/115506677219565956","error":""},"_links":{"self":[{"href":"https:\/\/www.europesays.com\/fr\/wp-json\/wp\/v2\/posts\/517528","targetHints":{"allow":["GET"]}}],"collection":[{"href":"https:\/\/www.europesays.com\/fr\/wp-json\/wp\/v2\/posts"}],"about":[{"href":"https:\/\/www.europesays.com\/fr\/wp-json\/wp\/v2\/types\/post"}],"author":[{"embeddable":true,"href":"https:\/\/www.europesays.com\/fr\/wp-json\/wp\/v2\/users\/2"}],"replies":[{"embeddable":true,"href":"https:\/\/www.europesays.com\/fr\/wp-json\/wp\/v2\/comments?post=517528"}],"version-history":[{"count":0,"href":"https:\/\/www.europesays.com\/fr\/wp-json\/wp\/v2\/posts\/517528\/revisions"}],"wp:featuredmedia":[{"embeddable":true,"href":"https:\/\/www.europesays.com\/fr\/wp-json\/wp\/v2\/media\/517529"}],"wp:attachment":[{"href":"https:\/\/www.europesays.com\/fr\/wp-json\/wp\/v2\/media?parent=517528"}],"wp:term":[{"taxonomy":"category","embeddable":true,"href":"https:\/\/www.europesays.com\/fr\/wp-json\/wp\/v2\/categories?post=517528"},{"taxonomy":"post_tag","embeddable":true,"href":"https:\/\/www.europesays.com\/fr\/wp-json\/wp\/v2\/tags?post=517528"}],"curies":[{"name":"wp","href":"https:\/\/api.w.org\/{rel}","templated":true}]}}