{"id":517534,"date":"2025-11-07T05:10:20","date_gmt":"2025-11-07T05:10:20","guid":{"rendered":"https:\/\/www.europesays.com\/fr\/517534\/"},"modified":"2025-11-07T05:10:20","modified_gmt":"2025-11-07T05:10:20","slug":"national-trois-joueurs-majeurs-du-sm-caen-suspendus-contre-paris-13-atletico","status":"publish","type":"post","link":"https:\/\/www.europesays.com\/fr\/517534\/","title":{"rendered":"National. Trois joueurs majeurs du SM Caen suspendus contre Paris 13 Atletico"},"content":{"rendered":"<p>            Par<br \/>\n        <strong><br \/>\n            <a href=\"https:\/\/actu.fr\/auteur\/aline-chatel\" title=\"Consulter tous les articles de Aline Chatel\" target=\"_blank\" rel=\"noopener\">Aline Chatel<\/a><br \/>\n        <\/strong><\/p>\n<p>        Publi\u00e9 le<\/p>\n<p>            6 nov. 2025 \u00e0 13h04<br \/>\n        ; mis \u00e0 jour le 6 nov. 2025 \u00e0 18h52    <\/p>\n<p>Le <a href=\"https:\/\/actu.fr\/tag\/stade-malherbe-de-caen\" target=\"_blank\" rel=\"noopener\">Stade Malherbe Caen<\/a> devra se passer de plusieurs joueurs, ce vendredi 7 novembre 2025, devant Paris 13 Atletico. L\u2019\u00e9quipe la plus souvent sanctionn\u00e9e du championnat de National (31 cartons jaunes \u00e0 son passif, quatre cartons rouges) sera priv\u00e9e de <b>Yann M\u2019Vila, Maxime Etuin<\/b> et <b>Ivann Botella<\/b> pour suspension. Les deux premiers ont \u00e9cop\u00e9 d\u2019un match de suspension pour trois cartons jaunes en moins de dix matchs. Botella en sera \u00e0 son troisi\u00e8me et dernier match de suspension apr\u00e8s un carton rouge direct.\u00a0<\/p>\n<p class=\" wall-content\">Caen sera \u00e9galement priv\u00e9 de<b> Diab\u00e9 Bolumbu et Samuel Noireau-Dauriat<\/b>, bless\u00e9s. Valentin Henry fait son retour dans le pr\u00e9-groupe de Maxime d\u2019Ornano, o\u00f9 figure \u00e9galement le d\u00e9fenseur central de l\u2019\u00e9quipe r\u00e9serve<\/p>\n<p class=\" wall-content\"><b>Mathis Romder et le milieu Gabin Tom\u00e9<\/b>. Williams Mazi\u00e9 sera, en revanche, de retour dans ce groupe. Il y aura probablement des jeunes joueurs de l\u2019\u00e9quipe r\u00e9serve parmi les 16 \u00e9l\u00e9ments retenus par Maxime d\u2019Ornano.<\/p>\n<p class=\" wall-content\">Personnalisez votre actualit\u00e9 en ajoutant vos villes et m\u00e9dias en favori avec <a href=\"https:\/\/moncompte.actu.fr\" title=\"D\u00e9couvez Mon Actu\" rel=\"nofollow noopener\" data-trk=\"{&quot;cta&quot;:{&quot;action&quot;:&quot;https:\\\/\\\/moncompte.actu.fr&quot;,&quot;category&quot;:&quot;mon compte&quot;,&quot;from&quot;:&quot;article footer&quot;,&quot;name&quot;:&quot;Mon actu&quot;,&quot;type&quot;:&quot;cta&quot;}}\" target=\"_blank\">Mon Actu<\/a>.<\/p>\n","protected":false},"excerpt":{"rendered":"Par Aline Chatel Publi\u00e9 le 6 nov. 2025 \u00e0 13h04 ; mis \u00e0 jour le 6 nov. 2025&hellip;\n","protected":false},"author":2,"featured_media":517535,"comment_status":"","ping_status":"","sticky":false,"template":"","format":"standard","meta":{"footnotes":""},"categories":[1888],"tags":[1111,1928,11,1927,1777,674,63,1011,27,12,1926,626,1925,25,15104,1745,60,266],"class_list":{"0":"post-517534","1":"post","2":"type-post","3":"status-publish","4":"format-standard","5":"has-post-thumbnail","7":"category-paris","8":"tag-actu","9":"tag-actu-paris","10":"tag-actualites","11":"tag-actualites-paris","12":"tag-eu","13":"tag-europe","14":"tag-football","15":"tag-fr","16":"tag-france","17":"tag-news","18":"tag-news-paris","19":"tag-paris","20":"tag-paris-news","21":"tag-republique-francaise","22":"tag-sm-caen","23":"tag-sport-caen","24":"tag-sports","25":"tag-stade-malherbe-de-caen"},"share_on_mastodon":{"url":"https:\/\/pubeurope.com\/@fr\/115506696957508998","error":""},"_links":{"self":[{"href":"https:\/\/www.europesays.com\/fr\/wp-json\/wp\/v2\/posts\/517534","targetHints":{"allow":["GET"]}}],"collection":[{"href":"https:\/\/www.europesays.com\/fr\/wp-json\/wp\/v2\/posts"}],"about":[{"href":"https:\/\/www.europesays.com\/fr\/wp-json\/wp\/v2\/types\/post"}],"author":[{"embeddable":true,"href":"https:\/\/www.europesays.com\/fr\/wp-json\/wp\/v2\/users\/2"}],"replies":[{"embeddable":true,"href":"https:\/\/www.europesays.com\/fr\/wp-json\/wp\/v2\/comments?post=517534"}],"version-history":[{"count":0,"href":"https:\/\/www.europesays.com\/fr\/wp-json\/wp\/v2\/posts\/517534\/revisions"}],"wp:featuredmedia":[{"embeddable":true,"href":"https:\/\/www.europesays.com\/fr\/wp-json\/wp\/v2\/media\/517535"}],"wp:attachment":[{"href":"https:\/\/www.europesays.com\/fr\/wp-json\/wp\/v2\/media?parent=517534"}],"wp:term":[{"taxonomy":"category","embeddable":true,"href":"https:\/\/www.europesays.com\/fr\/wp-json\/wp\/v2\/categories?post=517534"},{"taxonomy":"post_tag","embeddable":true,"href":"https:\/\/www.europesays.com\/fr\/wp-json\/wp\/v2\/tags?post=517534"}],"curies":[{"name":"wp","href":"https:\/\/api.w.org\/{rel}","templated":true}]}}