{"id":517542,"date":"2025-11-07T05:15:17","date_gmt":"2025-11-07T05:15:17","guid":{"rendered":"https:\/\/www.europesays.com\/fr\/517542\/"},"modified":"2025-11-07T05:15:17","modified_gmt":"2025-11-07T05:15:17","slug":"usa-pas-de-passeports-non-correspondants-au-genre-de-naissance-2","status":"publish","type":"post","link":"https:\/\/www.europesays.com\/fr\/517542\/","title":{"rendered":"USA: pas de passeports non correspondants au genre de naissance"},"content":{"rendered":"<p class=\"wysiwyg-h2\">La Cour supr\u00eame am\u00e9ricaine a avalis\u00e9 jeudi l&rsquo;interdiction par l&rsquo;administration Trump de la d\u00e9livrance de passeports portant le genre &lsquo;X&rsquo; ou un genre diff\u00e9rent de celui de naissance pour les personnes transgenres ou s&rsquo;identifiant comme non binaires.<\/p>\n<p>Donald Trump a sign\u00e9 le 20 janvier, jour de son investiture, un d\u00e9cret selon lequel son administration ne reconna\u00eetrait d\u00e9sormais l&rsquo;existence que de &lsquo;deux sexes, masculin et f\u00e9minin&rsquo;, d\u00e9finis \u00e0 la naissance.<\/p>\n<p>Il revenait ainsi sur une r\u00e9forme introduite sous son pr\u00e9d\u00e9cesseur d\u00e9mocrate Joe Biden. Le d\u00e9partement d&rsquo;Etat am\u00e9ricain avait ensuite annonc\u00e9 qu&rsquo;il cessait de d\u00e9livrer des passeports avec le genre &lsquo;X&rsquo; ou d&rsquo;un genre diff\u00e9rent du genre de naissance des titulaires du document.<\/p>\n<p>Cette d\u00e9cision avait \u00e9t\u00e9 contest\u00e9e en justice et suspendue en premi\u00e8re instance en juin, puis en appel en septembre.<\/p>\n<p>Mercredi, la Cour supr\u00eame, contre l&rsquo;avis des trois juges progressistes (sur neuf au total), a lev\u00e9 cette suspension.<\/p>\n<p>&lsquo;Afficher le sexe des titulaires du passeport \u00e0 la naissance ne porte pas davantage aux principes d&rsquo;\u00e9galit\u00e9 devant la loi que d&rsquo;afficher leur pays de naissance &#8211; dans les deux cas le gouvernement ne fait qu&rsquo;attester d&rsquo;un fait \u00e9tabli&rsquo;, a-t-elle affirm\u00e9.<\/p>\n<p>L&rsquo;influente organisation de d\u00e9fense des droits civiques ACLU, impliqu\u00e9e dans la proc\u00e9dure, voit dans cette d\u00e9cision &lsquo;un retour en arri\u00e8re pour les libert\u00e9s de toutes les personnes \u00e0 \u00eatre elles-m\u00eames&rsquo;, lui reprochant &lsquo;d&rsquo;alimenter le feu qu&rsquo;attise l&rsquo;administration Trump contre les personnes transgenres et leurs droits constitutionnels&rsquo;.<\/p>\n<p>Le premier passeport am\u00e9ricain avec genre &lsquo;X&rsquo; avait \u00e9t\u00e9 d\u00e9livr\u00e9 en octobre 2021 par le d\u00e9partement d&rsquo;Etat pour les &lsquo;personnes non binaires, intersexes&rsquo; et plus largement celles qui ne se reconnaissent pas dans les crit\u00e8res de genre propos\u00e9s jusqu&rsquo;alors.<\/p>\n<p>Les droits des personnes transgenres sont un des th\u00e8mes majeurs des guerres soci\u00e9tales qui fracturent les Etats-Unis. Donald Trump en avait fait l&rsquo;un des axes de sa campagne en 2024, promettant de mettre fin au &lsquo;d\u00e9lire transgenre&rsquo;.<\/p>\n<p>Depuis son retour au pouvoir, il est revenu sur une s\u00e9rie d&rsquo;acquis obtenus par les personnes transgenres.<\/p>\n<p>Il a ainsi ordonn\u00e9 l&rsquo;exclusion des personnes transgenres des forces arm\u00e9es et autoris\u00e9 les agences f\u00e9d\u00e9rales \u00e0 couper les subventions aux \u00e9coles qui permettent aux athl\u00e8tes transgenres de concourir dans des championnats f\u00e9minins.<\/p>\n<p>La Cour supr\u00eame a provisoirement autoris\u00e9 l&rsquo;administration Trump \u00e0 exclure les personnes transgenres de l&rsquo;arm\u00e9e, avant une d\u00e9cision sur le fond.<\/p>\n<p>Elle doit par ailleurs statuer dans les prochains mois sur la participation des personnes transgenres aux comp\u00e9titions sportives f\u00e9minines.<\/p>\n<p> \/ATS<\/p>\n","protected":false},"excerpt":{"rendered":"La Cour supr\u00eame am\u00e9ricaine a avalis\u00e9 jeudi l&rsquo;interdiction par l&rsquo;administration Trump de la d\u00e9livrance de passeports portant le&hellip;\n","protected":false},"author":2,"featured_media":517543,"comment_status":"","ping_status":"","sticky":false,"template":"","format":"standard","meta":{"footnotes":""},"categories":[1589],"tags":[11,1829,1832,1836,1827,73,1866,1830,1831,1826,1844,1840,1839,1841,1838,12,1843,1828,1834,1825,1833,1822,1823,1824,1837,1864,1865,1863,308,1835,1842],"class_list":{"0":"post-517542","1":"post","2":"type-post","3":"status-publish","4":"format-standard","5":"has-post-thumbnail","7":"category-etats-unis","8":"tag-actualites","9":"tag-ajoie","10":"tag-animation","11":"tag-bienne","12":"tag-delemont","13":"tag-etats-unis","14":"tag-etats-unis-damerique","15":"tag-franches-montagnes","16":"tag-frequence","17":"tag-jura","18":"tag-jura-bernois","19":"tag-la-chaux-de-fonds","20":"tag-moutier","21":"tag-neuchatel","22":"tag-neuveville","23":"tag-news","24":"tag-payerne","25":"tag-porrentruy","26":"tag-publicite","27":"tag-radio","28":"tag-redaction","29":"tag-rfj","30":"tag-rjb","31":"tag-rtn","32":"tag-tavannes","33":"tag-united-states","34":"tag-united-states-of-america","35":"tag-us","36":"tag-usa","37":"tag-vallon-de-st-imier","38":"tag-yverdon"},"share_on_mastodon":{"url":"https:\/\/pubeurope.com\/@fr\/115506716628764161","error":""},"_links":{"self":[{"href":"https:\/\/www.europesays.com\/fr\/wp-json\/wp\/v2\/posts\/517542","targetHints":{"allow":["GET"]}}],"collection":[{"href":"https:\/\/www.europesays.com\/fr\/wp-json\/wp\/v2\/posts"}],"about":[{"href":"https:\/\/www.europesays.com\/fr\/wp-json\/wp\/v2\/types\/post"}],"author":[{"embeddable":true,"href":"https:\/\/www.europesays.com\/fr\/wp-json\/wp\/v2\/users\/2"}],"replies":[{"embeddable":true,"href":"https:\/\/www.europesays.com\/fr\/wp-json\/wp\/v2\/comments?post=517542"}],"version-history":[{"count":0,"href":"https:\/\/www.europesays.com\/fr\/wp-json\/wp\/v2\/posts\/517542\/revisions"}],"wp:featuredmedia":[{"embeddable":true,"href":"https:\/\/www.europesays.com\/fr\/wp-json\/wp\/v2\/media\/517543"}],"wp:attachment":[{"href":"https:\/\/www.europesays.com\/fr\/wp-json\/wp\/v2\/media?parent=517542"}],"wp:term":[{"taxonomy":"category","embeddable":true,"href":"https:\/\/www.europesays.com\/fr\/wp-json\/wp\/v2\/categories?post=517542"},{"taxonomy":"post_tag","embeddable":true,"href":"https:\/\/www.europesays.com\/fr\/wp-json\/wp\/v2\/tags?post=517542"}],"curies":[{"name":"wp","href":"https:\/\/api.w.org\/{rel}","templated":true}]}}