{"id":517546,"date":"2025-11-07T05:17:11","date_gmt":"2025-11-07T05:17:11","guid":{"rendered":"https:\/\/www.europesays.com\/fr\/517546\/"},"modified":"2025-11-07T05:17:11","modified_gmt":"2025-11-07T05:17:11","slug":"prevoir-sa-retraite-des-6-ans-lallemagne-y-songe-serieusement-liberation","status":"publish","type":"post","link":"https:\/\/www.europesays.com\/fr\/517546\/","title":{"rendered":"Pr\u00e9voir sa retraite d\u00e8s 6\u00a0ans, l\u2019Allemagne y songe s\u00e9rieusement \u2013 Lib\u00e9ration"},"content":{"rendered":"<p class=\"sc-cPiKLX AiZTS text-element\">Apr\u00e8s la retraite anticip\u00e9e, voici la pr\u00e9voyance anticip\u00e9e. Le gouvernement allemand concocte actuellement une nouvelle loi pour initier les jeunes aux march\u00e9s financiers et les sensibiliser \u00e0 la pr\u00e9voyance vieillesse par capitalisation. L\u2019id\u00e9e est simple : l\u2019Etat verse chaque mois sur un compte 10 euros \u00e0 tous les enfants scolaris\u00e9s, de 6 ans jusqu\u2019\u00e0 leur majorit\u00e9. Plus de 600 000 \u00e9l\u00e8ves sont susceptibles d\u2019en b\u00e9n\u00e9ficier \u00e0 partir du 1er janvier 2026. Le capital et ses int\u00e9r\u00eats, exon\u00e9r\u00e9s d\u2019imp\u00f4ts, ne pourront \u00eatre revers\u00e9s qu\u2019\u00e0 l\u2019\u00e2ge l\u00e9gal de la retraite (<a href=\"https:\/\/www.liberation.fr\/politique\/en-allemagne-les-immigres-au-secours-des-retraites-20230311_IOW27D6IWBAXXATL3LC6XJDTRA\/\" target=\"_blank\" rel=\"noopener\" title=\"https:\/\/www.liberation.fr\/politique\/en-allemagne-les-immigres-au-secours-des-retraites-20230311_IOW27D6IWBAXXATL3LC6XJDTRA\/\">67 ans en Allemagne<\/a>).<\/p>\n<p class=\"sc-cPiKLX AiZTS text-element\">Le projet de loi a \u00e9t\u00e9 examin\u00e9 cet \u00e9t\u00e9 en conseil des ministres et doit \u00eatre vot\u00e9 par l\u2019Assembl\u00e9e f\u00e9d\u00e9rale (Bundestag) avant la fin de l\u2019ann\u00e9e. \u00abNous voulons faire bouger le syst\u00e8me des retraites\u00bb, explique le chancelier conservateur, <a href=\"https:\/\/www.liberation.fr\/international\/europe\/allemagne-friedrich-merz-narrive-pas-a-mettre-sa-coalition-au-pas-20251016_PRL4TGMAQVDKZA2QUTKKNXXNKU\/?redirected=1\" target=\"_blank\" rel=\"noopener\" title=\"https:\/\/www.liberation.fr\/international\/europe\/allemagne-friedrich-merz-narrive-pas-a-mettre-sa-coalition-au-pas-20251016_PRL4TGMAQVDKZA2QUTKKNXXNKU\/?redirected=1\">Friedrich Merz<\/a><\/p>\n","protected":false},"excerpt":{"rendered":"Apr\u00e8s la retraite anticip\u00e9e, voici la pr\u00e9voyance anticip\u00e9e. Le gouvernement allemand concocte actuellement une nouvelle loi pour initier&hellip;\n","protected":false},"author":2,"featured_media":517547,"comment_status":"","ping_status":"","sticky":false,"template":"","format":"standard","meta":{"footnotes":""},"categories":[1587],"tags":[11,672,1804,1805,1803,1777,674,1801,12,1802,364],"class_list":{"0":"post-517546","1":"post","2":"type-post","3":"status-publish","4":"format-standard","5":"has-post-thumbnail","7":"category-allemagne","8":"tag-actualites","9":"tag-allemagne","10":"tag-bundesrepublik-deutschland","11":"tag-de","12":"tag-deutschland","13":"tag-eu","14":"tag-europe","15":"tag-germany","16":"tag-news","17":"tag-republique-federale-dallemagne","18":"tag-union-europeenne"},"share_on_mastodon":{"url":"https:\/\/pubeurope.com\/@fr\/115506724523854005","error":""},"_links":{"self":[{"href":"https:\/\/www.europesays.com\/fr\/wp-json\/wp\/v2\/posts\/517546","targetHints":{"allow":["GET"]}}],"collection":[{"href":"https:\/\/www.europesays.com\/fr\/wp-json\/wp\/v2\/posts"}],"about":[{"href":"https:\/\/www.europesays.com\/fr\/wp-json\/wp\/v2\/types\/post"}],"author":[{"embeddable":true,"href":"https:\/\/www.europesays.com\/fr\/wp-json\/wp\/v2\/users\/2"}],"replies":[{"embeddable":true,"href":"https:\/\/www.europesays.com\/fr\/wp-json\/wp\/v2\/comments?post=517546"}],"version-history":[{"count":0,"href":"https:\/\/www.europesays.com\/fr\/wp-json\/wp\/v2\/posts\/517546\/revisions"}],"wp:featuredmedia":[{"embeddable":true,"href":"https:\/\/www.europesays.com\/fr\/wp-json\/wp\/v2\/media\/517547"}],"wp:attachment":[{"href":"https:\/\/www.europesays.com\/fr\/wp-json\/wp\/v2\/media?parent=517546"}],"wp:term":[{"taxonomy":"category","embeddable":true,"href":"https:\/\/www.europesays.com\/fr\/wp-json\/wp\/v2\/categories?post=517546"},{"taxonomy":"post_tag","embeddable":true,"href":"https:\/\/www.europesays.com\/fr\/wp-json\/wp\/v2\/tags?post=517546"}],"curies":[{"name":"wp","href":"https:\/\/api.w.org\/{rel}","templated":true}]}}