{"id":517558,"date":"2025-11-07T05:25:21","date_gmt":"2025-11-07T05:25:21","guid":{"rendered":"https:\/\/www.europesays.com\/fr\/517558\/"},"modified":"2025-11-07T05:25:21","modified_gmt":"2025-11-07T05:25:21","slug":"pourquoi-le-sud-africain-asenathi-ntlabakanye-a-t-il-ete-appele-pour-la-tournee-en-europe-malgre-un-controle-antidopage-positif","status":"publish","type":"post","link":"https:\/\/www.europesays.com\/fr\/517558\/","title":{"rendered":"pourquoi le Sud-Africain Asenathi Ntlabakanye a-t-il \u00e9t\u00e9 appel\u00e9 pour la tourn\u00e9e en Europe malgr\u00e9 un contr\u00f4le antidopage positif\u00a0?"},"content":{"rendered":"\n<p class=\"c-chapo \">\n  Le pilier des Springboks, contr\u00f4l\u00e9 une premi\u00e8re fois positif en ao\u00fbt puis une autre fois en septembre, n&rsquo;a pas \u00e9t\u00e9 s\u00e9lectionn\u00e9 pour affronter la France samedi. Il pourrait l&rsquo;\u00eatre face \u00e0 l&rsquo;Italie, l&rsquo;Irlande ou le pays de Galles.\n<\/p>\n<p>      lire plus tard<\/p>\n<p id=\"dialog__title\" class=\"dialog__title\">Pour sauvegarder cet article, connectez-vous ou cr\u00e9ez un compte franceinfo<\/p>\n<p class=\"dialog__description\">Sans paiement. Sans abonnement.<\/p>\n<p>        Fermer la fen\u00eatre d\u2019activation des notifications France Info<\/p>\n<p>      cr\u00e9er votre compte<\/p>\n<p>      se connecter<\/p>\n<p>        Fermer la fen\u00eatre de pr\u00e9sentation<\/p>\n<p>    <img loading=\"lazy\" decoding=\"async\" class=\"signature__image lazyload\" width=\"100\" height=\"100\" data- alt=\"\" src=\"https:\/\/www.europesays.com\/fr\/wp-content\/uploads\/2025\/05\/64a430a2e1f98_theo-rond.png\"\/><\/p>\n<p>          France T\u00e9l\u00e9visions &#8211; R\u00e9daction Sport<\/p>\n<p>    Publi\u00e9 le 06\/11\/2025 15:48<\/p>\n<p>        Temps de lecture : 4min<\/p>\n<p>    <img decoding=\"async\"  alt=\"Le pilier sud-africain Asenathi Ntlabakanye (\u00e0 gauche) apr\u00e8s le match face aux Barbarians le 28 juin 2025. (BERTRAM MALGAS\/ZUMA\/SIPA)\" width=\"432\" height=\"243\" src=\"https:\/\/www.europesays.com\/fr\/wp-content\/uploads\/2025\/11\/sipa-sipahub60029429-000019-6909f53aecb7d567566979.jpg\" fetchpriority=\"high\"\/><\/p>\n<p>      Le pilier sud-africain Asenathi Ntlabakanye (\u00e0 gauche) apr\u00e8s le match face aux Barbarians le 28 juin 2025. (BERTRAM MALGAS\/ZUMA\/SIPA)<\/p>\n<p>Un rappel en s\u00e9lection qui fait logiquement parler. Le Sud-Africain Asenathi Ntlabakanye a \u00e9t\u00e9 rappel\u00e9, dimanche\u00a02 novembre, pour remplacer Ox Nche, bless\u00e9, dans le groupe des Springboks pour le reste de la tourn\u00e9e en Europe. Non s\u00e9lectionn\u00e9, jeudi\u00a06 novembre, pour affronter <a href=\"https:\/\/www.franceinfo.fr\/sports\/rugby\/coupe-d-automne-des-nations\/rugby-romain-ntamack-nolann-le-garrec-a-la-charniere-pour-une-premiere-gael-fickou-capitaine-la-composition-du-xv-de-france-pour-defier-l-afrique-du-sud_7599044.html\" rel=\"nofollow noopener\" target=\"_blank\">le XV de France<\/a> samedi au Stade de France, il pourrait en revanche jouer face \u00e0 l&rsquo;Italie (15\u00a0novembre), l&rsquo;Irlande (22\u00a0novembre) ou le pays de Galles (29\u00a0novembre). Probl\u00e8me\u00a0: un test antidopage r\u00e9alis\u00e9 en juillet a r\u00e9v\u00e9l\u00e9 un contr\u00f4le positif. Comment peut-il alors jouer\u00a0? \u00a0\u00a0<\/p>\n<p>Alors qu&rsquo;il \u00e9tait en tourn\u00e9e avec les Springboks en juillet, le pilier de 26\u00a0ans a subi un contr\u00f4le inopin\u00e9 men\u00e9 par l&rsquo;Institut sud-africain pour un sport sans dopage (Saids). Le 24\u00a0ao\u00fbt, l&rsquo;agence a indiqu\u00e9 que le test avait r\u00e9v\u00e9l\u00e9 un contr\u00f4le positif pour \u00ab\u00a0pr\u00e9sence et utilisation d&rsquo;une substance sp\u00e9cifi\u00e9e\u00a0\u00bb, qui figure <a href=\"https:\/\/www.wada-ama.org\/sites\/default\/files\/resources\/files\/2022list_final_fr_0.pdf\" target=\"_blank\" rel=\"noopener nofollow\">sur la liste des produits interdits de l&rsquo;Agence Mondiale Antidopage (AMA)<\/a>. Selon l&rsquo;agence, ces substances \u00ab\u00a0sp\u00e9cifi\u00e9es\u00a0\u00bb \u00ab\u00a0ne devraient en aucune mani\u00e8re \u00eatre consid\u00e9r\u00e9es comme moins importantes ou moins dangereuses que d&rsquo;autres substances ou m\u00e9thodes dopantes. Au contraire, ce sont simplement des substances et des m\u00e9thodes qui ont plus de probabilit\u00e9 d&rsquo;avoir \u00e9t\u00e9 consomm\u00e9es ou utilis\u00e9es par un sportif dans un but autre que l&rsquo;am\u00e9lioration des performances sportives.\u00a0\u00bb<\/p>\n<p>Cette substance, \u00ab\u00a0qui n&rsquo;am\u00e9liore pas les performances\u00a0\u00bb selon le communiqu\u00e9 d&rsquo;alors de la F\u00e9d\u00e9ration sud-africaine, lui avait \u00e9t\u00e9 prescrite par \u00ab\u00a0un m\u00e9decin sp\u00e9cialiste d\u00e9but 2025 pour des raisons m\u00e9dicales\u00a0\u00bb, et \u00ab\u00a0\u00e0 aucun moment\u00a0\u00bb le joueur \u00ab\u00a0n&rsquo;a cherch\u00e9 \u00e0 obtenir un avantage indu\u00a0\u00bb, avait assur\u00e9 la F\u00e9d\u00e9ration.<\/p>\n<blockquote class=\"twitter-tweet\">\n<p lang=\"fr\" dir=\"ltr\">Le pilier des Springboks, Asenathi Ntlabakanye (26 ans ; 2 s\u00e9lections) a \u00e9t\u00e9 contr\u00f4l\u00e9 positif \u00e0 une substance interdite, annonce la f\u00e9d\u00e9ration de rugby sud-africaine. <\/p>\n<p>Il ne fera pas partie du groupe qui se d\u00e9placera pour les deux rencontres en Nouvelle-Z\u00e9lande.<\/p>\n<p>\ud83d\udcf8 : SA Rugby <a href=\"https:\/\/t.co\/QRQUTknJTG\" rel=\"nofollow\">pic.twitter.com\/QRQUTknJTG<\/a><\/p>\n<p>\u2014 Pablo Guillen (@pablo_guillen_) <a href=\"https:\/\/twitter.com\/pablo_guillen_\/status\/1959643190077661361?ref_src=twsrc%5Etfw\" rel=\"nofollow noopener\" target=\"_blank\">August 24, 2025<\/a><\/p><\/blockquote>\n<p>Mais ses d\u00e9boires ne s&rsquo;arr\u00eatent pas l\u00e0. Le 9\u00a0septembre, l&rsquo;Institut sud-africain pour un sport sans dopage avait annonc\u00e9 poursuivre le joueur pour \u00ab\u00a0utilisation d&rsquo;une substance non sp\u00e9cifi\u00e9e (DHEA)\u00a0\u00bb,<strong> <\/strong>d\u00e9couverte \u00e0 l&rsquo;occasion du m\u00eame contr\u00f4le. La substance n&rsquo;\u00e9tait plus pr\u00e9sente dans le corps du pilier sud-africain au moment du contr\u00f4le mais avait \u00e9t\u00e9 d\u00e9clar\u00e9e par le joueur lui-m\u00eame sur le formulaire m\u00e9dical. La d\u00e9hydro\u00e9piandrost\u00e9rone (DHEA), <a href=\"https:\/\/www.wada-ama.org\/fr\/ressources\/recherche-scientifique\/exogenous-dhea-administration-and-performance-possible-mechanisms\" rel=\"nofollow noopener\" target=\"_blank\">une substance pouvant entra\u00eener une augmentation du taux d&rsquo;androg\u00e8nes dans l&rsquo;organisme<\/a>, comme la testost\u00e9rone, est plac\u00e9e <a href=\"https:\/\/www.wada-ama.org\/sites\/default\/files\/resources\/files\/2022list_final_fr_0.pdf\" target=\"_blank\" rel=\"noopener nofollow\">sur la liste des produits interdits comme st\u00e9ro\u00efde anabolisant androg\u00e8ne<\/a> par l&rsquo;AMA.\u00a0<\/p>\n<p>L&rsquo;Agence sud-africaine antidopage, autorit\u00e9 charg\u00e9e du contr\u00f4le et de la gestion des r\u00e9sultats, n&rsquo;a selon ses r\u00e8gles pas suspendu provisoirement le joueur car il n&rsquo;a pas \u00e9t\u00e9 contr\u00f4l\u00e9 positif \u00e0 une substance non-sp\u00e9cifi\u00e9e (en l&rsquo;occurrence la DHEA). Asenathi Ntlabakanye n&rsquo;a, par la suite, pas choisi de se soumettre volontairement \u00e0 une suspension, ce qui signifie qu&rsquo;il peut continuer \u00e0 jouer jusqu&rsquo;\u00e0 ce qu&rsquo;une d\u00e9cision soit rendue. Le pilier peut donc jouer avec son \u00e9quipe des Lions de Johannesburg mais \u00e9galement avec les Springboks au moins jusqu&rsquo;\u00e0 cette date.<\/p>\n<p>\u00ab\u00a0Si l&rsquo;athl\u00e8te est reconnu coupable d&rsquo;une ou plusieurs infractions de dopage, toute sanction impos\u00e9e commencera \u00e0 la date de la d\u00e9cision rendue, puisque l&rsquo;athl\u00e8te n&rsquo;a pas purg\u00e9 de suspension provisoire. Dans les cas o\u00f9 les athl\u00e8tes purgent une suspension provisoire, le tribunal d\u00e9duit souvent cette p\u00e9riode de la sanction finale\u00a0\u00bb, pr\u00e9cise l&rsquo;agence sud-africaine \u00e0 franceinfo:\u00a0sport.<\/p>\n<p>\u00ab\u00a0Je ne vais pas commenter une affaire qui est en cours pour le moment\u00a0\u00bb, a \u00e9vacu\u00e9 de son c\u00f4t\u00e9 l&rsquo;adjoint irlandais des Springboks, Felix Jones, aux journalistes. \u00ab\u00a0Ses comp\u00e9tences sont impressionnantes. C&rsquo;est un joueur tr\u00e8s dynamique, qui peut se d\u00e9placer facilement pour quelqu&rsquo;un qui sait se d\u00e9brouiller en m\u00eal\u00e9e\u00a0\u00bb, a-t-il ajout\u00e9.<\/p>\n<p><script async src=\"https:\/\/platform.twitter.com\/widgets.js\" charset=\"utf-8\"><\/script><\/p>\n","protected":false},"excerpt":{"rendered":"Le pilier des Springboks, contr\u00f4l\u00e9 une premi\u00e8re fois positif en ao\u00fbt puis une autre fois en septembre, n&rsquo;a&hellip;\n","protected":false},"author":2,"featured_media":517559,"comment_status":"","ping_status":"","sticky":false,"template":"","format":"standard","meta":{"footnotes":""},"categories":[1416],"tags":[1011,27,479,1468,60],"class_list":{"0":"post-517558","1":"post","2":"type-post","3":"status-publish","4":"format-standard","5":"has-post-thumbnail","7":"category-rugby","8":"tag-fr","9":"tag-france","10":"tag-rugby","11":"tag-rugby-football","12":"tag-sports"},"share_on_mastodon":{"url":"https:\/\/pubeurope.com\/@fr\/115506757065007350","error":""},"_links":{"self":[{"href":"https:\/\/www.europesays.com\/fr\/wp-json\/wp\/v2\/posts\/517558","targetHints":{"allow":["GET"]}}],"collection":[{"href":"https:\/\/www.europesays.com\/fr\/wp-json\/wp\/v2\/posts"}],"about":[{"href":"https:\/\/www.europesays.com\/fr\/wp-json\/wp\/v2\/types\/post"}],"author":[{"embeddable":true,"href":"https:\/\/www.europesays.com\/fr\/wp-json\/wp\/v2\/users\/2"}],"replies":[{"embeddable":true,"href":"https:\/\/www.europesays.com\/fr\/wp-json\/wp\/v2\/comments?post=517558"}],"version-history":[{"count":0,"href":"https:\/\/www.europesays.com\/fr\/wp-json\/wp\/v2\/posts\/517558\/revisions"}],"wp:featuredmedia":[{"embeddable":true,"href":"https:\/\/www.europesays.com\/fr\/wp-json\/wp\/v2\/media\/517559"}],"wp:attachment":[{"href":"https:\/\/www.europesays.com\/fr\/wp-json\/wp\/v2\/media?parent=517558"}],"wp:term":[{"taxonomy":"category","embeddable":true,"href":"https:\/\/www.europesays.com\/fr\/wp-json\/wp\/v2\/categories?post=517558"},{"taxonomy":"post_tag","embeddable":true,"href":"https:\/\/www.europesays.com\/fr\/wp-json\/wp\/v2\/tags?post=517558"}],"curies":[{"name":"wp","href":"https:\/\/api.w.org\/{rel}","templated":true}]}}