{"id":517560,"date":"2025-11-07T05:26:20","date_gmt":"2025-11-07T05:26:20","guid":{"rendered":"https:\/\/www.europesays.com\/fr\/517560\/"},"modified":"2025-11-07T05:26:20","modified_gmt":"2025-11-07T05:26:20","slug":"billie-jean-king-cup-cornet-jy-pense-depuis-que-jai-25-ans-sports","status":"publish","type":"post","link":"https:\/\/www.europesays.com\/fr\/517560\/","title":{"rendered":"Billie Jean King Cup &#8211; Cornet : \u00ab J&rsquo;y pense depuis que j&rsquo;ai 25 ans \u00bb : Sports"},"content":{"rendered":"<p class=\"date\">\n                                                            Thomas Siniecki, Media365 : publi\u00e9 le jeudi 06 novembre 2025 \u00e0 17h42\n                                                    <\/p>\n<p>La jeune retrait\u00e9e, \u00e0 35 ans, compte bien s&rsquo;investir \u00e0 fond dans son r\u00f4le, \u00e0 la t\u00eate d&rsquo;une \u00e9quipe qu&rsquo;elle conna\u00eet (tr\u00e8s) bien.<\/p>\n<p>Aliz\u00e9 Cornet est officiellement <a href=\"https:\/\/sports.orange.fr\/tennis\/article\/billie-jean-king-cup-cornet-nommee-capitaine-de-l-equipe-de-france-CNT000002lx9pT.html\" rel=\"nofollow noopener\" target=\"_blank\">la nouvelle capitaine de l&rsquo;\u00e9quipe de France de Billie Jean King Cup<\/a>, depuis quelques jours, et \u00ab\u00a0rien que d&rsquo;entendre dire le nom de mon nouveau statut, \u00e7a me donne des frissons, parce que c&rsquo;\u00e9tait tout simplement un r\u00eave pour moi\u00a0\u00bb : \u00ab\u00a0J&rsquo;y pense depuis que j&rsquo;ai environ 25 ans. Je savais que plus tard dans ma vie, j&rsquo;allais un jour \u00eatre capitaine. Pour moi c&rsquo;\u00e9tait une \u00e9vidence, de pouvoir un jour transmettre mes valeurs et mon exp\u00e9rience dans une \u00e9quipe et \u00e0 des filles qui en ont besoin.\u00a0\u00bb<\/p>\n<p>\u00ab\u00a0J&rsquo;ai envie d&rsquo;aller sur le terrain, de suivre les filles sur les matchs, de voir ce qu&rsquo;il se passe chez les jeunes\u00a0\u00bb<\/p>\n<p>Absentes du groupe mondial lors des deux derni\u00e8res \u00e9ditions, alors qu&rsquo;elles s&rsquo;\u00e9taient impos\u00e9es en 2019 sous la direction de Julien Benneteau, les Bleues comptaient Aliz\u00e9 Cornet dans leurs rangs \u00e0 cette \u00e9poque pas si lointaine, de m\u00eame qu&rsquo;en 2016 lorsqu&rsquo;elles avaient atteint la finale &#8211; <a href=\"https:\/\/sports.orange.fr\/tennis\/article\/bjk-cup-vers-un-tandem-mauresmo-parmentier-CNT000002l4Dcj.html\" rel=\"nofollow noopener\" target=\"_blank\">Am\u00e9lie Mauresmo, de nouveau candidate au capitanat cette ann\u00e9e<\/a>, \u00e9tait alors sur le banc. \u00ab\u00a0Pour le moment, je me suis fix\u00e9 l&rsquo;objectif de mettre en place ma philosophie dans le groupe, qui sera beaucoup bas\u00e9e sur l&rsquo;humain, l&rsquo;\u00e9coute et la bienveillance.\u00a0\u00bb Des objectifs sportifs en d\u00e9couleront, bien s\u00fbr, \u00ab\u00a0mais forc\u00e9ment ce dont j&rsquo;ai envie, au d\u00e9but,\u00a0c&rsquo;est d&rsquo;insuffler un souffle de solidarit\u00e9 et d&rsquo;entraide dans l&rsquo;\u00e9quipe\u00a0\u00bb.<\/p>\n<p>Heureuse d&rsquo;avoir eu notamment un retour positif de Lois Boisson, \u00ab\u00a0m\u00eame si ce n&rsquo;est pas quelqu&rsquo;un de tr\u00e8s d\u00e9monstratif\u00a0\u00bb sourit-elle, la capitaine a \u00ab\u00a0envie d&rsquo;avoir les mains dans le cambouis\u00a0\u00bb : \u00ab\u00a0J&rsquo;ai envie d&rsquo;aller sur le terrain, de suivre les filles sur les matchs, de voir ce qu&rsquo;il se passe sur les tournois de seconde cat\u00e9gorie chez les jeunes. Je pense que c&rsquo;est comme \u00e7a qu&rsquo;on a une vraie force, un angle d&rsquo;attaque qui est vraiment efficace. C&rsquo;est quand on passe du temps qu&rsquo;on s&rsquo;investit.\u00a0\u00bb Au mois d&rsquo;avril, les Bleues joueront \u00e0 nouveau leur promotion parmi l&rsquo;\u00e9lite du mois de septembre, ce qu&rsquo;elles ont manqu\u00e9 cette ann\u00e9e apr\u00e8s une ultime confrontation face \u00e0 la Belgique. Le premier match avait \u00e9t\u00e9 perdu par une certaine&#8230; Aliz\u00e9 Cornet.<\/p>\n","protected":false},"excerpt":{"rendered":"Thomas Siniecki, Media365 : publi\u00e9 le jeudi 06 novembre 2025 \u00e0 17h42 La jeune retrait\u00e9e, \u00e0 35 ans,&hellip;\n","protected":false},"author":2,"featured_media":517561,"comment_status":"","ping_status":"","sticky":false,"template":"","format":"standard","meta":{"footnotes":""},"categories":[1415],"tags":[1011,27,60,1467],"class_list":{"0":"post-517560","1":"post","2":"type-post","3":"status-publish","4":"format-standard","5":"has-post-thumbnail","7":"category-tennis","8":"tag-fr","9":"tag-france","10":"tag-sports","11":"tag-tennis"},"share_on_mastodon":{"url":"https:\/\/pubeurope.com\/@fr\/115506759803396480","error":""},"_links":{"self":[{"href":"https:\/\/www.europesays.com\/fr\/wp-json\/wp\/v2\/posts\/517560","targetHints":{"allow":["GET"]}}],"collection":[{"href":"https:\/\/www.europesays.com\/fr\/wp-json\/wp\/v2\/posts"}],"about":[{"href":"https:\/\/www.europesays.com\/fr\/wp-json\/wp\/v2\/types\/post"}],"author":[{"embeddable":true,"href":"https:\/\/www.europesays.com\/fr\/wp-json\/wp\/v2\/users\/2"}],"replies":[{"embeddable":true,"href":"https:\/\/www.europesays.com\/fr\/wp-json\/wp\/v2\/comments?post=517560"}],"version-history":[{"count":0,"href":"https:\/\/www.europesays.com\/fr\/wp-json\/wp\/v2\/posts\/517560\/revisions"}],"wp:featuredmedia":[{"embeddable":true,"href":"https:\/\/www.europesays.com\/fr\/wp-json\/wp\/v2\/media\/517561"}],"wp:attachment":[{"href":"https:\/\/www.europesays.com\/fr\/wp-json\/wp\/v2\/media?parent=517560"}],"wp:term":[{"taxonomy":"category","embeddable":true,"href":"https:\/\/www.europesays.com\/fr\/wp-json\/wp\/v2\/categories?post=517560"},{"taxonomy":"post_tag","embeddable":true,"href":"https:\/\/www.europesays.com\/fr\/wp-json\/wp\/v2\/tags?post=517560"}],"curies":[{"name":"wp","href":"https:\/\/api.w.org\/{rel}","templated":true}]}}