{"id":517564,"date":"2025-11-07T05:31:16","date_gmt":"2025-11-07T05:31:16","guid":{"rendered":"https:\/\/www.europesays.com\/fr\/517564\/"},"modified":"2025-11-07T05:31:16","modified_gmt":"2025-11-07T05:31:16","slug":"mercato-un-grand-dallemagne-sattaque-a-un-prodige-du-psg-parisfans","status":"publish","type":"post","link":"https:\/\/www.europesays.com\/fr\/517564\/","title":{"rendered":"Mercato \u2013 Un grand d\u2019Allemagne s\u2019attaque \u00e0 un prodige du PSG &#8211; ParisFans"},"content":{"rendered":"<ol>\n<li><a href=\"https:\/\/news.google.com\/rss\/articles\/CBMipwFBVV95cUxOdUY1X2c3Sl8xcmhEeXdCUHM2MkVXSWsySmcwaW5scUlLZ3ZWdVpnbUpFazRjbmdVdWtWTUk2QTJBTzZNbEE0VkdnVTJiNG5XR1FlbmN2Y01tWjB1SFlTbjJ4Y25tdFl5cTN3SnNqeGc4X2tfZkRXODVRQUVoUkljckpmSFB5N2tRd3U3c0NOSjNZMlNtVk9TcTlFc3Z3N1R3TmQ1QmFSaw?oc=5\" target=\"_blank\" rel=\"noopener\">Mercato \u2013 Un grand d\u2019Allemagne s\u2019attaque \u00e0 un prodige du PSG<\/a>&nbsp;&nbsp;ParisFans<\/li>\n<li><a href=\"https:\/\/news.google.com\/rss\/articles\/CBMiqwFBVV95cUxOUTZiVUlwU1hjbk1nRGhJTDh0a29GR1hDLVVXc3lRZi1lMnYwX2EzM3hVOUdLSWpXTnVQWTViZmRjMnA2azRKWkg1WElVMlVhNU1fTHFrQURhdDREalVSRWpmV0VnZGZWQkF0OVM5alBtZDdkTmFBRjVocUh6dVdISXFoMVltLXgxNzhqTzlVRFgtVzEzQUJEdVktcGtzYTRZUTJHOTRmZTUwZDg?oc=5\" target=\"_blank\" rel=\"noopener\">PSG : Mathis Jang\u00e9al, la p\u00e9pite de 17 ans, file vers la Bundesliga !<\/a>&nbsp;&nbsp;But! Football Club<\/li>\n<li><a href=\"https:\/\/news.google.com\/rss\/articles\/CBMipgFBVV95cUxOYXZHajVrVEhBNHJsdm1GOW03aG8tWnpoQ3dlUVF3bHRlX3EwOTdUV3N4VTNqZjlXdjI3SDRPVDZod1dseFI5LVBrWENyZnhRWWdFeVZEWF9kVUxRY1VUbGtvQUdWalhRdUlRX1IxV0dBVGF4QU41TEJjZS0tOG02dmJHUmh3a3dZRU85T25fSTloOTh6bUc2a1hCM0ZYd2hXUC1zbWtn?oc=5\" target=\"_blank\" rel=\"noopener\">Un crack vol\u00e9 au PSG : Le deal surprise annonc\u00e9 \u00e0 l\u2019\u00e9tranger !<\/a>&nbsp;&nbsp;Le10Sport<\/li>\n<li><a href=\"https:\/\/news.google.com\/rss\/articles\/CBMif0FVX3lxTE45ZFl6cktFLW15NHBITW8xY2o0SDREc0hXcnpIZk52dDVkczZJRHNRQ3dCWGNhR3BlY1c5YzFGYm9FdVFFcVUwWDVXNzNSU2V0ZjNsM0pNZXZqemRHVW92aEowamFfVnE3T3VZRlJza1dSbEhyemxqcGhtZHRXVEU?oc=5\" target=\"_blank\" rel=\"noopener\">Un tr\u00e8s sale coup venu d&rsquo;Allemagne pour le PSG<\/a>&nbsp;&nbsp;Foot01<\/li>\n<li><a href=\"https:\/\/news.google.com\/rss\/articles\/CBMid0FVX3lxTE4zT1FzYUI3aElGbDhSbGExUWJIeFkySnktNjQ4Vkpub0VZelFpREhoVm5OTWNKQ1lHOTlMTjJUaENvQ2p6SzNhMkhLRDIyVk91RC0tQ2xBdHI2c0U2enktQjIzMmVScllLU3RUOXNMLUFYcU1QTFAw0gF3QVVfeXFMUEFwemFjN25JaUhQUlRhVGVNb2V0N0dPaURQX2JMYmN6RDd5WDVtbURNWU9kdjZxWmNlSVpQRlZ5Y1F1cXlRVW1id1J3bDdNaWhSNElqakYyOVpTNGdSN1JKLWdTbDV2VnVla3dJTmFoa0lwWVVyY1E?oc=5\" target=\"_blank\" rel=\"noopener\">PSG : Francfort lorgne Jangeal<\/a>&nbsp;&nbsp;Maxifoot<\/li>\n<\/ol>\n","protected":false},"excerpt":{"rendered":"Mercato \u2013 Un grand d\u2019Allemagne s\u2019attaque \u00e0 un prodige du PSG&nbsp;&nbsp;ParisFans PSG : Mathis Jang\u00e9al, la p\u00e9pite de&hellip;\n","protected":false},"author":2,"featured_media":517565,"comment_status":"","ping_status":"","sticky":false,"template":"","format":"standard","meta":{"footnotes":""},"categories":[1410],"tags":[63,1011,27,3099,55242,1434,178,60,96],"class_list":{"0":"post-517564","1":"post","2":"type-post","3":"status-publish","4":"format-standard","5":"has-post-thumbnail","7":"category-football","8":"tag-football","9":"tag-fr","10":"tag-france","11":"tag-francfort","12":"tag-mathis-jangeal","13":"tag-mercato","14":"tag-rumeur","15":"tag-sports","16":"tag-une"},"share_on_mastodon":{"url":"https:\/\/pubeurope.com\/@fr\/115506779628277983","error":""},"_links":{"self":[{"href":"https:\/\/www.europesays.com\/fr\/wp-json\/wp\/v2\/posts\/517564","targetHints":{"allow":["GET"]}}],"collection":[{"href":"https:\/\/www.europesays.com\/fr\/wp-json\/wp\/v2\/posts"}],"about":[{"href":"https:\/\/www.europesays.com\/fr\/wp-json\/wp\/v2\/types\/post"}],"author":[{"embeddable":true,"href":"https:\/\/www.europesays.com\/fr\/wp-json\/wp\/v2\/users\/2"}],"replies":[{"embeddable":true,"href":"https:\/\/www.europesays.com\/fr\/wp-json\/wp\/v2\/comments?post=517564"}],"version-history":[{"count":0,"href":"https:\/\/www.europesays.com\/fr\/wp-json\/wp\/v2\/posts\/517564\/revisions"}],"wp:featuredmedia":[{"embeddable":true,"href":"https:\/\/www.europesays.com\/fr\/wp-json\/wp\/v2\/media\/517565"}],"wp:attachment":[{"href":"https:\/\/www.europesays.com\/fr\/wp-json\/wp\/v2\/media?parent=517564"}],"wp:term":[{"taxonomy":"category","embeddable":true,"href":"https:\/\/www.europesays.com\/fr\/wp-json\/wp\/v2\/categories?post=517564"},{"taxonomy":"post_tag","embeddable":true,"href":"https:\/\/www.europesays.com\/fr\/wp-json\/wp\/v2\/tags?post=517564"}],"curies":[{"name":"wp","href":"https:\/\/api.w.org\/{rel}","templated":true}]}}