{"id":517570,"date":"2025-11-07T05:35:13","date_gmt":"2025-11-07T05:35:13","guid":{"rendered":"https:\/\/www.europesays.com\/fr\/517570\/"},"modified":"2025-11-07T05:35:13","modified_gmt":"2025-11-07T05:35:13","slug":"tout-du-cl-anne-elisabeth-lemoine-derape-face-a-benoit-poelvoorde-dans-c-a-vous","status":"publish","type":"post","link":"https:\/\/www.europesays.com\/fr\/517570\/","title":{"rendered":"Tout du c*l\u2026\u00a0\u00bb : Anne-Elisabeth Lemoine d\u00e9rape face \u00e0 Beno\u00eet Poelvoorde dans \u00ab\u00a0C \u00e0 vous"},"content":{"rendered":"<p>      R\u00e9sum\u00e9<\/p>\n<p>Lors d&rsquo;une \u00e9mission, Anne-Elisabeth Lemoine a fait un lapsus involontaire en \u00e9voquant un r\u00f4le dans un film m\u00ealant humour et sujets sensibles, d\u00e9clenchant un fou rire g\u00e9n\u00e9ral.<\/p>\n<p>        Sommaire<\/p>\n<p>C\u2019est un fou rire dont seul le plateau de C \u00e0 vous a le secret ! Ce jeudi 6 novembre 2025, Anne-Elisabeth Lemoine recevait sur France 5, <a href=\"https:\/\/www.public.fr\/tag\/benoit-poelvoorde\" target=\"_blank\" rel=\"noopener\">Beno\u00eet Poelvoorde <\/a>et Pascal Elb\u00e9 \u00e0 l\u2019occasion de la sortie du film La Bonne \u00c9toile, une com\u00e9die dramatique sign\u00e9e Pascal Elb\u00e9, \u00e0 d\u00e9couvrir au cin\u00e9ma d\u00e8s le 12 novembre. Face au c\u00e9l\u00e8bre acteur belge, connu pour son humour d\u00e9cal\u00e9 et son temp\u00e9rament impr\u00e9visible, la journaliste a, une nouvelle fois, prouv\u00e9 qu\u2019elle aussi savait\u2026 se montrer authentique. Et parfois, cela donne lieu \u00e0 des lapsus aussi involontaires qu\u2019hilarants.<\/p>\n<p>Beno\u00eet Poelvoorde \u00e0 l&rsquo;affiche d&rsquo;un nouveau film <\/p>\n<p>Dans La Bonne \u00c9toile, <strong>Beno\u00eet Poelvoorde<\/strong>, <strong>Audrey Lamy<\/strong> et <strong>Zabou Breitman<\/strong> se partagent l\u2019affiche d\u2019un film aussi dr\u00f4le que sensible. R\u00e9alis\u00e9e par <strong>Pascal Elb\u00e9<\/strong>, cette satire tragi-comique se d\u00e9roule en <strong>1940<\/strong>, au moment o\u00f9 la France bascule dans la guerre et l\u2019Occupation.<\/p>\n<p>Beno\u00eet Poelvoorde y incarne <strong>Jean Chevalin<\/strong>, un homme ordinaire qui, sur un malentendu absurde, d\u00e9cide de se faire passer pour un <strong>juif<\/strong>, persuad\u00e9 que \u00ab\u00a0les juifs s\u2019en sortent toujours mieux que les autres\u00a0\u00bb. Une id\u00e9e absurde n\u00e9e d\u2019une discussion de comptoir, qui va \u00e9videmment l\u2019entra\u00eener dans une s\u00e9rie de quiproquos \u00e0 la fois dr\u00f4les et tragiques.<\/p>\n<p>Le film, qui m\u00eale ironie, humanit\u00e9 et po\u00e9sie, aborde ainsi le sujet de l\u2019antis\u00e9mitisme avec un ton rare et audacieux.<\/p>\n<blockquote class=\"wp-block-quote is-layout-flow wp-block-quote-is-layout-flow\">\n<p>\u00ab Ce film s\u2019inscrit dans une forme de conte ou de fable. J\u2019ai voulu traiter un sujet grave avec l\u00e9g\u00e8ret\u00e9. Notre histoire est tr\u00e8s riche, il ne faut pas l\u2019oublier, ni en avoir honte. Ce r\u00f4le de transmission est bien pour les jeunes \u00bb, a expliqu\u00e9 <strong>Pascal Elb\u00e9<\/strong> dans un entretien accord\u00e9 au Journal de Sa\u00f4ne-et-Loire.<\/p>\n<p>Anne-Elisabeth Lemoine victime d\u2019un \u00e9norme lapsus<\/p>\n<p>Invit\u00e9s sur le plateau de C \u00e0 vous pour \u00e9voquer ce projet ambitieux, <strong>Beno\u00eet Poelvoorde<\/strong> et <strong>Pascal Elb\u00e9<\/strong> ont rapidement mis une ambiance bon enfant. Fid\u00e8le \u00e0 sa r\u00e9putation, l\u2019acteur belge a multipli\u00e9 les traits d\u2019humour et les remarques d\u00e9cal\u00e9es, provoquant l\u2019hilarit\u00e9 des chroniqueurs et de l\u2019animatrice.<\/p>\n<p>Mais au moment d\u2019\u00e9voquer le personnage principal du film, <strong><a href=\"https:\/\/www.public.fr\/tag\/anne-elisabeth-lemoine\" target=\"_blank\" rel=\"noopener\">Anne-Elisabeth Lemoine<\/a><\/strong> a connu un <strong>gros moment de solitude<\/strong>. En pleine explication, la pr\u00e9sentatrice a gliss\u00e9 un mot de travers :<\/p>\n<blockquote class=\"wp-block-quote is-layout-flow wp-block-quote-is-layout-flow\">\n<p>\u00ab Vous vous \u00eates pr\u00e9cipit\u00e9 en lisant le sc\u00e9nario, en disant \u201cce r\u00f4le, c\u2019est pour moi !\u201d Ce Jean Chevalin, donc, persuad\u00e9 qu\u2019\u00eatre juif peut lui porter chance en 40, se fait appeler Jacob\u2026 mais il ignore absolument tout du cl* \u00bb, a-t-elle lanc\u00e9 avant de se reprendre aussit\u00f4t : \u00ab \u2026du culte ! \u00bb<\/p>\n<\/blockquote>\n<p>Une bourde imm\u00e9diatement relev\u00e9e par <strong>Beno\u00eet Poelvoorde<\/strong>, hilare, qui s\u2019est mis \u00e0 rire aux \u00e9clats, suivi par toute l\u2019\u00e9quipe de l\u2019\u00e9mission. L\u2019acteur, visiblement ravi de la situation, n\u2019a pas manqu\u00e9 d\u2019en rajouter une couche : \u00ab Ah ben \u00e7a, c\u2019est une belle pr\u00e9sentation ! Je me fais passer pour un juif qui ignore tout du c*l ! \u00bb. <\/p>\n<p>La s\u00e9quence, capt\u00e9e par les cam\u00e9ras de France 5, s\u2019est rapidement transform\u00e9e en <strong>fou rire collectif<\/strong>. Anne-Elisabeth Lemoine, les joues rouges et la main sur le visage, a tent\u00e9 tant bien que mal de reprendre le fil de l\u2019interview, sans vraiment y parvenir.<\/p>\n<\/blockquote>\n<p>\n          Hits &amp; People en continu\n        <\/p>\n<p>\n          Public Radio\n        <\/p>\n<p>      Mentionn\u00e9s dans cet article<\/p>\n<p>      Sur le m\u00eame sujet<\/p>\n","protected":false},"excerpt":{"rendered":"R\u00e9sum\u00e9 Lors d&rsquo;une \u00e9mission, Anne-Elisabeth Lemoine a fait un lapsus involontaire en \u00e9voquant un r\u00f4le dans un film&hellip;\n","protected":false},"author":2,"featured_media":517571,"comment_status":"","ping_status":"","sticky":false,"template":"","format":"standard","meta":{"footnotes":""},"categories":[1356],"tags":[5631,63804,5632,58,59,1011,27,252,1364],"class_list":{"0":"post-517570","1":"post","2":"type-post","3":"status-publish","4":"format-standard","5":"has-post-thumbnail","7":"category-television","8":"tag-anne-elisabeth-lemoine","9":"tag-benoit-poelvoorde","10":"tag-c-a-vous","11":"tag-divertissement","12":"tag-entertainment","13":"tag-fr","14":"tag-france","15":"tag-television","16":"tag-tv"},"share_on_mastodon":{"url":"https:\/\/pubeurope.com\/@fr\/115506795280772681","error":""},"_links":{"self":[{"href":"https:\/\/www.europesays.com\/fr\/wp-json\/wp\/v2\/posts\/517570","targetHints":{"allow":["GET"]}}],"collection":[{"href":"https:\/\/www.europesays.com\/fr\/wp-json\/wp\/v2\/posts"}],"about":[{"href":"https:\/\/www.europesays.com\/fr\/wp-json\/wp\/v2\/types\/post"}],"author":[{"embeddable":true,"href":"https:\/\/www.europesays.com\/fr\/wp-json\/wp\/v2\/users\/2"}],"replies":[{"embeddable":true,"href":"https:\/\/www.europesays.com\/fr\/wp-json\/wp\/v2\/comments?post=517570"}],"version-history":[{"count":0,"href":"https:\/\/www.europesays.com\/fr\/wp-json\/wp\/v2\/posts\/517570\/revisions"}],"wp:featuredmedia":[{"embeddable":true,"href":"https:\/\/www.europesays.com\/fr\/wp-json\/wp\/v2\/media\/517571"}],"wp:attachment":[{"href":"https:\/\/www.europesays.com\/fr\/wp-json\/wp\/v2\/media?parent=517570"}],"wp:term":[{"taxonomy":"category","embeddable":true,"href":"https:\/\/www.europesays.com\/fr\/wp-json\/wp\/v2\/categories?post=517570"},{"taxonomy":"post_tag","embeddable":true,"href":"https:\/\/www.europesays.com\/fr\/wp-json\/wp\/v2\/tags?post=517570"}],"curies":[{"name":"wp","href":"https:\/\/api.w.org\/{rel}","templated":true}]}}