{"id":517574,"date":"2025-11-07T05:37:12","date_gmt":"2025-11-07T05:37:12","guid":{"rendered":"https:\/\/www.europesays.com\/fr\/517574\/"},"modified":"2025-11-07T05:37:12","modified_gmt":"2025-11-07T05:37:12","slug":"les-braises-virginie-efira-au-service-dune-evocation-nuancee-et-emouvante-des-gilets-jaunes","status":"publish","type":"post","link":"https:\/\/www.europesays.com\/fr\/517574\/","title":{"rendered":"\u00ab\u00a0Les braises\u00a0\u00bb\u00a0: Virginie Efira au service d\u2019une \u00e9vocation nuanc\u00e9e et \u00e9mouvante des Gilets jaunes"},"content":{"rendered":"<p>\n                                                                Sept ans apr\u00e8s le mouvement des Gilets Jaunes, le cin\u00e9aste Thomas Khruitof parvient \u00e0 en rendre compte avec justesse et \u00e0 lui rendre justice, en suivant le parcours d\u2019un couple uni mais diff\u00e9remment investi, incarn\u00e9 par les formidables Virgine Efira et Ariel Worthalter.\n                            <\/p>\n<p>Aussi bizarre que cela puisse para\u00eetre, le <a href=\"https:\/\/www.midilibre.fr\/2024\/11\/17\/on-demande-au-gouvernement-decouter-le-peuple-les-gilets-jaunes-font-leur-retour-sur-le-rond-point-de-leurope-a-bagnols-sur-ceze-12328799.php\" target=\"_self\" rel=\"nofollow noopener\">mouvement des Gilets jaunes<\/a> n\u2019est gu\u00e8re apparu sur grand \u00e9cran. \u00c0 l\u2019exception notable du documentaire\u00a0Un pays qui se tient sage\u00a0de David Dufresne en 2020 et de la fiction\u00a0La fracture\u00a0de Catherine Corsini en 2021. Qu\u2019un fait social aussi majeur, sensible et passionnant ait \u00e9t\u00e9 ainsi n\u00e9glig\u00e9 ne laisse pas d\u2019interroger. Plut\u00f4t que se hasarder \u00e0 en tirer quelque conclusion, on pr\u00e9f\u00e8re se r\u00e9jouir de voir s\u2019y int\u00e9resser un cin\u00e9aste comme Thomas Kruithof dont le pr\u00e9c\u00e9dent film, Les promesses, en 2021, \u00e9tait marqu\u00e9 par la justesse de son regard sur l\u2019engagement en politique.<\/p>\n<p>Pour \u00e9voquer cette fois un engagement citoyen qu\u2019au fur et \u00e0 mesure des week-ends de 2018\/2019, nombre de m\u00e9dias avaient r\u00e9sum\u00e9 de plus en plus \u00e0 des statistiques (nombre de manifestants, d\u00e9g\u00e2ts, interpellations, bless\u00e9s\u2026), le r\u00e9alisateur choisit la seule hauteur d\u00e9cente\u00a0: la taille humaine.<\/p>\n<p>Les braises\u00a0brosse ainsi le portrait d\u2019un couple ordinaire, amoureux, deux enfants, aux prises avec le r\u00e9el fran\u00e7ais de l\u2019automne 2018\u00a0: Karine (Virginie Efira, tr\u00e8s sobre), ouvri\u00e8re dans une usine agroalimentaire, et Jimmy (Arieh Worthalter, intense), patron d\u2019une petite entreprise de transport routier. Elle voit les cadences toujours s\u2019intensifier tandis que lui est \u00e0 la merci des exigences de ses clients. Elle rejoint vite le mouvement de protestation contre la hausse des carburants quand lui, compr\u00e9hensif mais plus circonspect, pr\u00e9f\u00e8re redoubler d\u2019efforts dans son travail.<\/p>\n<p>Un regard plein d\u2019empathie<\/p>\n<p>Thomas Kruithof maintient ainsi un point d\u2019\u00e9quilibre et de respect entre ces deux r\u00e9actions diff\u00e9rentes mais audibles face aux difficult\u00e9s du quotidien, de m\u00eame qu\u2019il ne s\u00e9pare pas l\u2019intime du collectif, et signifie par l\u00e0 que le politique se joue \u00e0 tous les endroits. Il montre la solidarit\u00e9 et la chaleur dans le mouvement, la joie d\u2019agir, le plaisir de d\u00e9battre, la griserie d\u2019exister. Il n\u2019\u00e9lude pas l\u2019emportement, l\u2019\u00e9garement peut-\u00eatre, ni la fermet\u00e9 de la r\u00e9ponse, la r\u00e9pression. Il n\u2019oublie pas le contrechamp de la gal\u00e8re, et de la crise qui, indiff\u00e9rente, suit son cours.<\/p>\n<p>Bref, un regard remarquablement nuanc\u00e9 sur les \u201cgilets jaunes\u201d qu\u2019il faut se garder d\u2019estimer neutre\u00a0: Les braises, qui, en plus de maintenir sa parfaite hauteur de vue, a trouv\u00e9 la bonne distance, porte un message clair, et \u00e9clair\u00e9. Jusque dans son titre.<\/p>\n","protected":false},"excerpt":{"rendered":"Sept ans apr\u00e8s le mouvement des Gilets Jaunes, le cin\u00e9aste Thomas Khruitof parvient \u00e0 en rendre compte avec&hellip;\n","protected":false},"author":2,"featured_media":517575,"comment_status":"","ping_status":"","sticky":false,"template":"","format":"standard","meta":{"footnotes":""},"categories":[1354],"tags":[58,59,1346,1011,27,1360],"class_list":{"0":"post-517574","1":"post","2":"type-post","3":"status-publish","4":"format-standard","5":"has-post-thumbnail","7":"category-films","8":"tag-divertissement","9":"tag-entertainment","10":"tag-films","11":"tag-fr","12":"tag-france","13":"tag-movies"},"share_on_mastodon":{"url":"https:\/\/pubeurope.com\/@fr\/115506803354553144","error":""},"_links":{"self":[{"href":"https:\/\/www.europesays.com\/fr\/wp-json\/wp\/v2\/posts\/517574","targetHints":{"allow":["GET"]}}],"collection":[{"href":"https:\/\/www.europesays.com\/fr\/wp-json\/wp\/v2\/posts"}],"about":[{"href":"https:\/\/www.europesays.com\/fr\/wp-json\/wp\/v2\/types\/post"}],"author":[{"embeddable":true,"href":"https:\/\/www.europesays.com\/fr\/wp-json\/wp\/v2\/users\/2"}],"replies":[{"embeddable":true,"href":"https:\/\/www.europesays.com\/fr\/wp-json\/wp\/v2\/comments?post=517574"}],"version-history":[{"count":0,"href":"https:\/\/www.europesays.com\/fr\/wp-json\/wp\/v2\/posts\/517574\/revisions"}],"wp:featuredmedia":[{"embeddable":true,"href":"https:\/\/www.europesays.com\/fr\/wp-json\/wp\/v2\/media\/517575"}],"wp:attachment":[{"href":"https:\/\/www.europesays.com\/fr\/wp-json\/wp\/v2\/media?parent=517574"}],"wp:term":[{"taxonomy":"category","embeddable":true,"href":"https:\/\/www.europesays.com\/fr\/wp-json\/wp\/v2\/categories?post=517574"},{"taxonomy":"post_tag","embeddable":true,"href":"https:\/\/www.europesays.com\/fr\/wp-json\/wp\/v2\/tags?post=517574"}],"curies":[{"name":"wp","href":"https:\/\/api.w.org\/{rel}","templated":true}]}}