{"id":517586,"date":"2025-11-07T05:43:17","date_gmt":"2025-11-07T05:43:17","guid":{"rendered":"https:\/\/www.europesays.com\/fr\/517586\/"},"modified":"2025-11-07T05:43:17","modified_gmt":"2025-11-07T05:43:17","slug":"new-york-sest-donnee-a-un-islamiste-apres-lelection-de-zohran-mamdani-droite-et-extreme-droite-francaises-en-plein-delire-islamophobe","status":"publish","type":"post","link":"https:\/\/www.europesays.com\/fr\/517586\/","title":{"rendered":"\u00ab\u00a0New York s\u2019est donn\u00e9e \u00e0 un islamiste\u00a0\u00bb : apr\u00e8s l&rsquo;\u00e9lection de Zohran Mamdani, droite et extr\u00eame droite fran\u00e7aises en plein d\u00e9lire islamophobe"},"content":{"rendered":"<p>Alors que la gauche fran\u00e7aise est engag\u00e9e dans une bataille interpr\u00e9tative autour de la victoire de Zohran Mamdani (primaire ou pas primaire, socialisme mod\u00e9r\u00e9 ou \u00ab\u00a0gauche de rupture\u00a0\u00bb), pour l\u2019extr\u00eame droite et une partie de la droite, l\u2019affaire est entendue. De gauche, musulman, pourfendeur du gouvernement Netanyahou, d\u00e9fenseur des droits LGBT\u2026 Le nouveau maire de New York est le diable, ni plus ni moins. Leurs r\u00e9actions donnent un aper\u00e7u de la violence qui s\u2019abattrait, en France, sur une figure politique musulmane qui \u00e9mergerait&#8230;<\/p>\n","protected":false},"excerpt":{"rendered":"Alors que la gauche fran\u00e7aise est engag\u00e9e dans une bataille interpr\u00e9tative autour de la victoire de Zohran Mamdani&hellip;\n","protected":false},"author":2,"featured_media":517587,"comment_status":"","ping_status":"","sticky":false,"template":"","format":"standard","meta":{"footnotes":""},"categories":[5],"tags":[11,6429,1011,27,14,12,28,62862],"class_list":{"0":"post-517586","1":"post","2":"type-post","3":"status-publish","4":"format-standard","5":"has-post-thumbnail","7":"category-international","8":"tag-actualites","9":"tag-extru00eame-droite","10":"tag-fr","11":"tag-france","12":"tag-international","13":"tag-news","14":"tag-world","15":"tag-zohran-mamdani"},"share_on_mastodon":{"url":"https:\/\/pubeurope.com\/@fr\/115506826729623425","error":""},"_links":{"self":[{"href":"https:\/\/www.europesays.com\/fr\/wp-json\/wp\/v2\/posts\/517586","targetHints":{"allow":["GET"]}}],"collection":[{"href":"https:\/\/www.europesays.com\/fr\/wp-json\/wp\/v2\/posts"}],"about":[{"href":"https:\/\/www.europesays.com\/fr\/wp-json\/wp\/v2\/types\/post"}],"author":[{"embeddable":true,"href":"https:\/\/www.europesays.com\/fr\/wp-json\/wp\/v2\/users\/2"}],"replies":[{"embeddable":true,"href":"https:\/\/www.europesays.com\/fr\/wp-json\/wp\/v2\/comments?post=517586"}],"version-history":[{"count":0,"href":"https:\/\/www.europesays.com\/fr\/wp-json\/wp\/v2\/posts\/517586\/revisions"}],"wp:featuredmedia":[{"embeddable":true,"href":"https:\/\/www.europesays.com\/fr\/wp-json\/wp\/v2\/media\/517587"}],"wp:attachment":[{"href":"https:\/\/www.europesays.com\/fr\/wp-json\/wp\/v2\/media?parent=517586"}],"wp:term":[{"taxonomy":"category","embeddable":true,"href":"https:\/\/www.europesays.com\/fr\/wp-json\/wp\/v2\/categories?post=517586"},{"taxonomy":"post_tag","embeddable":true,"href":"https:\/\/www.europesays.com\/fr\/wp-json\/wp\/v2\/tags?post=517586"}],"curies":[{"name":"wp","href":"https:\/\/api.w.org\/{rel}","templated":true}]}}