{"id":517588,"date":"2025-11-07T05:44:10","date_gmt":"2025-11-07T05:44:10","guid":{"rendered":"https:\/\/www.europesays.com\/fr\/517588\/"},"modified":"2025-11-07T05:44:10","modified_gmt":"2025-11-07T05:44:10","slug":"macron-se-dit-plutot-positif-sur-la-possibilite-daccepter-laccord-commercial-ue-mercosur","status":"publish","type":"post","link":"https:\/\/www.europesays.com\/fr\/517588\/","title":{"rendered":"Macron se dit \u00abplut\u00f4t positif\u00bb sur la possibilit\u00e9 d&rsquo;accepter l&rsquo;accord commercial UE-Mercosur"},"content":{"rendered":"<p class=\"fig-paragraph\">Le pr\u00e9sident fran\u00e7ais\u00a0<a href=\"https:\/\/www.lefigaro.fr\/tag\/emmanuel-macron\" target=\"_blank\" rel=\"nofollow noopener\" data-gtm-custom-categorie=\"navigation\" data-gtm-custom-action=\"crossclick\" data-gtm-custom-label=\"Contextuel\" data-gtm-event=\"customEventSPE\">Emmanuel Macron<\/a>\u00a0s&rsquo;est dit \u00abplut\u00f4t positif\u00bb jeudi sur la possibilit\u00e9 d&rsquo;accepter l&rsquo;accord commercial entre l&rsquo;Union europ\u00e9enne et le Mercosur, tr\u00e8s critiqu\u00e9 en France, m\u00eame s&rsquo;il a affirm\u00e9 rester \u00abvigilant\u00bb.<\/p>\n<p class=\"fig-paragraph\">\u00abJe suis plut\u00f4t positif, mais je reste vigilant parce que je d\u00e9fends aussi les int\u00e9r\u00eats de la France\u00bb, a d\u00e9clar\u00e9 Emmanuel Macron aux journalistes, en marge du sommet des chefs d&rsquo;\u00c9tats qui pr\u00e9c\u00e8de la\u00a0<a href=\"http:\/\/www.lefigaro.fr\/sciences\/dossier\/cop30-au-bresil-sur-le-changement-climatique-notre-dossier-pour-tout-comprendre\" target=\"_blank\" data-fig-type=\"Topic\" rel=\"noopener\" data-gtm-custom-categorie=\"navigation\" data-gtm-custom-action=\"crossclick\" data-gtm-custom-label=\"Contextuel\" data-gtm-event=\"customEventSPE\" data-fig-domain=\"LEFIGARO\">COP30<\/a>\u00a0\u00e0 Bel\u00e9m, au Br\u00e9sil.<\/p>\n","protected":false},"excerpt":{"rendered":"Le pr\u00e9sident fran\u00e7ais\u00a0Emmanuel Macron\u00a0s&rsquo;est dit \u00abplut\u00f4t positif\u00bb jeudi sur la possibilit\u00e9 d&rsquo;accepter l&rsquo;accord commercial entre l&rsquo;Union europ\u00e9enne et&hellip;\n","protected":false},"author":2,"featured_media":517589,"comment_status":"","ping_status":"","sticky":false,"template":"","format":"standard","meta":{"footnotes":""},"categories":[4],"tags":[11,1073,1011,27,21426,12,25],"class_list":{"0":"post-517588","1":"post","2":"type-post","3":"status-publish","4":"format-standard","5":"has-post-thumbnail","7":"category-france","8":"tag-actualites","9":"tag-emmanuel-macron","10":"tag-fr","11":"tag-france","12":"tag-mercosur","13":"tag-news","14":"tag-republique-francaise"},"share_on_mastodon":{"url":"https:\/\/pubeurope.com\/@fr\/115506830639688544","error":""},"_links":{"self":[{"href":"https:\/\/www.europesays.com\/fr\/wp-json\/wp\/v2\/posts\/517588","targetHints":{"allow":["GET"]}}],"collection":[{"href":"https:\/\/www.europesays.com\/fr\/wp-json\/wp\/v2\/posts"}],"about":[{"href":"https:\/\/www.europesays.com\/fr\/wp-json\/wp\/v2\/types\/post"}],"author":[{"embeddable":true,"href":"https:\/\/www.europesays.com\/fr\/wp-json\/wp\/v2\/users\/2"}],"replies":[{"embeddable":true,"href":"https:\/\/www.europesays.com\/fr\/wp-json\/wp\/v2\/comments?post=517588"}],"version-history":[{"count":0,"href":"https:\/\/www.europesays.com\/fr\/wp-json\/wp\/v2\/posts\/517588\/revisions"}],"wp:featuredmedia":[{"embeddable":true,"href":"https:\/\/www.europesays.com\/fr\/wp-json\/wp\/v2\/media\/517589"}],"wp:attachment":[{"href":"https:\/\/www.europesays.com\/fr\/wp-json\/wp\/v2\/media?parent=517588"}],"wp:term":[{"taxonomy":"category","embeddable":true,"href":"https:\/\/www.europesays.com\/fr\/wp-json\/wp\/v2\/categories?post=517588"},{"taxonomy":"post_tag","embeddable":true,"href":"https:\/\/www.europesays.com\/fr\/wp-json\/wp\/v2\/tags?post=517588"}],"curies":[{"name":"wp","href":"https:\/\/api.w.org\/{rel}","templated":true}]}}