{"id":517590,"date":"2025-11-07T05:45:22","date_gmt":"2025-11-07T05:45:22","guid":{"rendered":"https:\/\/www.europesays.com\/fr\/517590\/"},"modified":"2025-11-07T05:45:22","modified_gmt":"2025-11-07T05:45:22","slug":"pourquoi-epargnants-et-proprietaires-vont-payer-pour-la-suspension-de-la-reforme-des-retraites","status":"publish","type":"post","link":"https:\/\/www.europesays.com\/fr\/517590\/","title":{"rendered":"Pourquoi \u00e9pargnants et propri\u00e9taires vont payer pour la suspension de la r\u00e9forme des retraites"},"content":{"rendered":"<p>\n    <strong>D\u00c9CRYPTAGE &#8211;<\/strong> Les d\u00e9put\u00e9s ont adopt\u00e9 un amendement au projet de loi de financement de la S\u00e9curit\u00e9 sociale visant \u00e0 augmenter les revenus de la CSG sur certains placements et revenus du patrimoine, pour un gain attendu de 2,66\u00a0milliards d\u2019euros.<\/p>\n<p class=\"fig-paragraph\">C\u2019est une nouvelle victoire pour les socialistes, qui sont parvenus \u00e0 imposer leur marque sur le budget de la S\u00e9curit\u00e9 sociale. Apr\u00e8s l\u2019examen houleux d\u2019une partie du\u00a0<a href=\"http:\/\/www.lefigaro.fr\/conjoncture\/budget-2026-le-grand-menage-promis-chez-les-operateurs-de-l-etat-attendra-20251029\" data-fig-type=\"Article\" data-gtm-custom-categorie=\"navigation\" data-gtm-custom-action=\"crossclick\" data-gtm-custom-label=\"Contextuel\" data-gtm-event=\"customEventSPE\" data-fig-domain=\"LEFIGARO\" target=\"_blank\" rel=\"noopener\">projet de loi de finances (PLF)<\/a>, les d\u00e9put\u00e9s s\u2019\u00e9charpent depuis mardi sur\u00a0<a href=\"http:\/\/www.lefigaro.fr\/conjoncture\/budget-de-la-secu-la-cour-des-comptes-alerte-sur-la-perte-de-controle-des-finances-sociales-20251103\" data-fig-type=\"Article\" data-gtm-custom-categorie=\"navigation\" data-gtm-custom-action=\"crossclick\" data-gtm-custom-label=\"Contextuel\" data-gtm-event=\"customEventSPE\" data-fig-domain=\"LEFIGARO\" target=\"_blank\" rel=\"noopener\">le projet de loi de financement de la S\u00e9curit\u00e9 sociale (PLFSS)<\/a>, lequel conna\u00eet d\u00e9j\u00e0 ses premiers rebondissements. Les d\u00e9put\u00e9s ont adopt\u00e9 mercredi soir un amendement PS pr\u00e9voyant une hausse exceptionnelle de la contribution sociale g\u00e9n\u00e9ralis\u00e9e (CSG) sur certains revenus du patrimoine et de placements. Plusieurs millions de Fran\u00e7ais devraient \u00eatre concern\u00e9s par cette mesure, dont le rendement attendu est de 2,66\u00a0milliards d\u2019euros au b\u00e9n\u00e9fice de la\u00a0<a href=\"http:\/\/www.lefigaro.fr\/conjoncture\/inquiets-pour-leur-financement-l-hopital-public-et-prive-unis-face-au-budget-de-la-securite-sociale-20251104\" data-fig-type=\"Article\" data-gtm-custom-categorie=\"navigation\" data-gtm-custom-action=\"crossclick\" data-gtm-custom-label=\"Contextuel\" data-gtm-event=\"customEventSPE\" data-fig-domain=\"LEFIGARO\" target=\"_blank\" rel=\"noopener\">S\u00e9curit\u00e9 sociale<\/a>.<\/p>\n<p class=\"fig-paragraph\">Alors qu\u2019un autre amendement port\u00e9 par les socialistes sur la hausse de la CSG avait \u00e9t\u00e9 rejet\u00e9 en s\u00e9ance, faute de soutien de LFI et des \u00c9cologistes, un deuxi\u00e8me a fait carton plein, non seulement \u00e0 gauche mais aussi du c\u00f4t\u00e9 des d\u00e9put\u00e9s repr\u00e9sentant deux des partis du bloc central (Renaissance\u2026<\/p>\n<p class=\"fig-premium-paywall__infos\">\n        Cet article est r\u00e9serv\u00e9 aux abonn\u00e9s.        Il vous reste 82% \u00e0 d\u00e9couvrir.\n    <\/p>\n<p>                <img  data- alt=\"Le Figaro\" class=\"fig-img--complete fig-img\"\/><\/p>\n<p class=\"fig-premium-paywall__title\">Vous avez envie de lire la suite ?<\/p>\n<p class=\"fig-premium-paywall__subtitle\">D\u00e9bloquez tous les articles imm\u00e9diatement.<\/p>\n<p class=\"fig-premium-paywall__connect\">\n                D\u00e9j\u00e0 abonn\u00e9\u00a0?                <a class=\"fig-premium-paywall__connect-link\" href=\"https:\/\/connect.lefigaro.fr\/login?client=horizon_web&amp;type=main&amp;redirect_uri=https%3A%2F%2Fwww.lefigaro.fr%2Fconjoncture%2Fpourquoi-epargnants-et-proprietaires-vont-payer-pour-la-suspension-de-la-reforme-des-retraites-20251106\" data-js-gtm=\"{&quot;customCategorie&quot;: &quot;conversion&quot;, &quot;customAction&quot;: &quot;before_Landing_Connexion_paywall_auto&quot;, &quot;customLabel&quot;: &quot;bGVmaWdhcm8uZnJfXzFmMGJhZjdmLThkMjQtNjlhYS04YjNkLWU5YzIxNmE2MTk4Yl9fQXJ0aWNsZQ==_Pourquoi \u00e9pargnants et propri\u00e9taires vont payer pour la suspension de la r\u00e9forme des retraites_292&quot;, &quot;customIDSPE&quot;: &quot;bGVmaWdhcm8uZnJfXzFmMGJhZjdmLThkMjQtNjlhYS04YjNkLWU5YzIxNmE2MTk4Yl9fQXJ0aWNsZQ==&quot;, &quot;event&quot;: &quot;customEventSPE&quot;}\" target=\"_blank\" rel=\"noopener\"><br \/>\n                    Connectez-vous<br \/>\n                <\/a>\n            <\/p>\n","protected":false},"excerpt":{"rendered":"D\u00c9CRYPTAGE &#8211; Les d\u00e9put\u00e9s ont adopt\u00e9 un amendement au projet de loi de financement de la S\u00e9curit\u00e9 sociale&hellip;\n","protected":false},"author":2,"featured_media":517591,"comment_status":"","ping_status":"","sticky":false,"template":"","format":"standard","meta":{"footnotes":""},"categories":[2],"tags":[11,1011,27,342,12,731],"class_list":{"0":"post-517590","1":"post","2":"type-post","3":"status-publish","4":"format-standard","5":"has-post-thumbnail","7":"category-actualites","8":"tag-actualites","9":"tag-fr","10":"tag-france","11":"tag-impots","12":"tag-news","13":"tag-securite-sociale"},"share_on_mastodon":{"url":"https:\/\/pubeurope.com\/@fr\/115506834525112996","error":""},"_links":{"self":[{"href":"https:\/\/www.europesays.com\/fr\/wp-json\/wp\/v2\/posts\/517590","targetHints":{"allow":["GET"]}}],"collection":[{"href":"https:\/\/www.europesays.com\/fr\/wp-json\/wp\/v2\/posts"}],"about":[{"href":"https:\/\/www.europesays.com\/fr\/wp-json\/wp\/v2\/types\/post"}],"author":[{"embeddable":true,"href":"https:\/\/www.europesays.com\/fr\/wp-json\/wp\/v2\/users\/2"}],"replies":[{"embeddable":true,"href":"https:\/\/www.europesays.com\/fr\/wp-json\/wp\/v2\/comments?post=517590"}],"version-history":[{"count":0,"href":"https:\/\/www.europesays.com\/fr\/wp-json\/wp\/v2\/posts\/517590\/revisions"}],"wp:featuredmedia":[{"embeddable":true,"href":"https:\/\/www.europesays.com\/fr\/wp-json\/wp\/v2\/media\/517591"}],"wp:attachment":[{"href":"https:\/\/www.europesays.com\/fr\/wp-json\/wp\/v2\/media?parent=517590"}],"wp:term":[{"taxonomy":"category","embeddable":true,"href":"https:\/\/www.europesays.com\/fr\/wp-json\/wp\/v2\/categories?post=517590"},{"taxonomy":"post_tag","embeddable":true,"href":"https:\/\/www.europesays.com\/fr\/wp-json\/wp\/v2\/tags?post=517590"}],"curies":[{"name":"wp","href":"https:\/\/api.w.org\/{rel}","templated":true}]}}