{"id":517592,"date":"2025-11-07T05:46:13","date_gmt":"2025-11-07T05:46:13","guid":{"rendered":"https:\/\/www.europesays.com\/fr\/517592\/"},"modified":"2025-11-07T05:46:13","modified_gmt":"2025-11-07T05:46:13","slug":"comment-le-foyer-revivre-aide-les-plus-fragiles","status":"publish","type":"post","link":"https:\/\/www.europesays.com\/fr\/517592\/","title":{"rendered":"comment le Foyer Revivre aide les plus fragiles"},"content":{"rendered":"<p>Sur le pas-de-porte du 22 rue Marengo, Boubakar veille et filtre les all\u00e9es et venues. \u00ab\u00a0Vous venez pour le repas de Revivre\u00a0? C\u2019est au bout, dans la salle du fond\u00a0\u00bb, indique ce grand gaillard qui inspire le respect. Apr\u00e8s avoir pass\u00e9 un couloir, quelques personnes discutent dans la petite arri\u00e8re-cour d\u2019immeubles modestes. Tout au fond, dans ce qui \u00e9tait probablement un ancien atelier, une grande salle \u00e0 manger a \u00e9t\u00e9 am\u00e9nag\u00e9e.<\/p>\n<p>C\u2019est l\u00e0 que se retrouvent, chaque mercredi et jeudi, les St\u00e9phanoises et St\u00e9phanois les plus d\u00e9munis. Ces personnes en situation de d\u00e9tresse mat\u00e9rielle ou morale sont accueillies sans aucune discrimination. Elles arrivent \u00e0 partir de 14 heures, pr\u00e9sentent leurs cartes, quand elles sont d\u00e9j\u00e0 inscrites, avant de s\u2019installer seules, ou en petits groupes, aux tables. L\u00e0, elles partagent un caf\u00e9, un th\u00e9, une partie de belote, en attendant que le repas soit servi. Il y a m\u00eame un baby-foot o\u00f9 les messieurs&#8230;<\/p>\n","protected":false},"excerpt":{"rendered":"Sur le pas-de-porte du 22 rue Marengo, Boubakar veille et filtre les all\u00e9es et venues. \u00ab\u00a0Vous venez pour&hellip;\n","protected":false},"author":2,"featured_media":517593,"comment_status":"","ping_status":"","sticky":false,"template":"","format":"standard","meta":{"footnotes":""},"categories":[9653],"tags":[1111,11,2430,7539,1777,674,1011,27,12,25,4001,7538,801,104,1631],"class_list":{"0":"post-517592","1":"post","2":"type-post","3":"status-publish","4":"format-standard","5":"has-post-thumbnail","7":"category-saint-etienne","8":"tag-actu","9":"tag-actualites","10":"tag-auvergne-rhone-alpes","11":"tag-edition-loire-sud","12":"tag-eu","13":"tag-europe","14":"tag-fr","15":"tag-france","16":"tag-news","17":"tag-republique-francaise","18":"tag-saint-etienne","19":"tag-saint-etienne-ville","20":"tag-social","21":"tag-societe","22":"tag-vie-associative"},"share_on_mastodon":{"url":"https:\/\/pubeurope.com\/@fr\/115506838729333244","error":""},"_links":{"self":[{"href":"https:\/\/www.europesays.com\/fr\/wp-json\/wp\/v2\/posts\/517592","targetHints":{"allow":["GET"]}}],"collection":[{"href":"https:\/\/www.europesays.com\/fr\/wp-json\/wp\/v2\/posts"}],"about":[{"href":"https:\/\/www.europesays.com\/fr\/wp-json\/wp\/v2\/types\/post"}],"author":[{"embeddable":true,"href":"https:\/\/www.europesays.com\/fr\/wp-json\/wp\/v2\/users\/2"}],"replies":[{"embeddable":true,"href":"https:\/\/www.europesays.com\/fr\/wp-json\/wp\/v2\/comments?post=517592"}],"version-history":[{"count":0,"href":"https:\/\/www.europesays.com\/fr\/wp-json\/wp\/v2\/posts\/517592\/revisions"}],"wp:featuredmedia":[{"embeddable":true,"href":"https:\/\/www.europesays.com\/fr\/wp-json\/wp\/v2\/media\/517593"}],"wp:attachment":[{"href":"https:\/\/www.europesays.com\/fr\/wp-json\/wp\/v2\/media?parent=517592"}],"wp:term":[{"taxonomy":"category","embeddable":true,"href":"https:\/\/www.europesays.com\/fr\/wp-json\/wp\/v2\/categories?post=517592"},{"taxonomy":"post_tag","embeddable":true,"href":"https:\/\/www.europesays.com\/fr\/wp-json\/wp\/v2\/tags?post=517592"}],"curies":[{"name":"wp","href":"https:\/\/api.w.org\/{rel}","templated":true}]}}