{"id":517600,"date":"2025-11-07T05:51:19","date_gmt":"2025-11-07T05:51:19","guid":{"rendered":"https:\/\/www.europesays.com\/fr\/517600\/"},"modified":"2025-11-07T05:51:19","modified_gmt":"2025-11-07T05:51:19","slug":"un-orgue-completement-neuf-pour-le-temple-protestant-de-sanary","status":"publish","type":"post","link":"https:\/\/www.europesays.com\/fr\/517600\/","title":{"rendered":"Un orgue \u00ab compl\u00e8tement neuf \u00bb pour le temple protestant de Sanary"},"content":{"rendered":"<p class=\"fs-5 \">Apr\u00e8s avoir construit l\u2019orgue de l\u2019\u00e9glise Saint-Nazaire, le facteur d\u2019orgues Pascal Quoirin esp\u00e8re \u00e9quiper le temple protestant d\u2019un nouvel instrument. Il sera pr\u00e9sent \u00e0 Sanary dimanche. Interview.<\/p>\n<p class=\"fs-5 \"><strong>En quel \u00e9tat est l\u2019orgue du temple de Sanary ?<\/strong><\/p>\n<p class=\"fs-5 \">Il y a d\u00e9j\u00e0 dans le temple de Sanary un orgue qui a \u00e9t\u00e9 construit dans les ann\u00e9es 1950-1955. Tr\u00e8s bas de gamme. Au niveau musical, ce n&rsquo;est pas un instrument qui permet d&rsquo;aborder le r\u00e9pertoire dans de bonnes conditions, mais qui contient des \u00e9l\u00e9ments assez sains dedans. Et nous avons aussi un deuxi\u00e8me orgue, celui du pasteur Valloton, une personnalit\u00e9 importante dans le monde de l&rsquo;orgue dans les ann\u00e9es 1955-1970. Il s&rsquo;est construit un orgue \u00e0 sa retraite \u00e0 Sanary. Et, \u00e0 son d\u00e9c\u00e8s, sa famille a souhait\u00e9 faire don de cet instrument. Il a des points faibles, parce qu\u2019il n\u2019est pas construit par un professionnel. Mais c&rsquo;est une \u0153uvre qu&rsquo;il faut respecter.<\/p>\n<p class=\"fs-5 \"><strong>Qu\u2019allez-vous faire de ces deux orgues ?<\/strong><\/p>\n<p class=\"fs-5 \">Le projet consiste \u00e0 r\u00e9cup\u00e9rer ce qui est r\u00e9cup\u00e9rable et retraitable, disons, des \u00e9l\u00e9ments des deux orgues pour en faire un nouveau. La question est de savoir comment faire un nouvel orgue qui soit mieux structur\u00e9 et construit. Au final, on sera tr\u00e8s proche d&rsquo;un orgue compl\u00e8tement neuf.<\/p>\n<p class=\"fs-5 \"><strong>Mais il y a d\u00e9j\u00e0 un orgue en l\u2019\u00e9glise Saint-Nazaire&#8230;<\/strong><\/p>\n<p class=\"fs-5 \">Ces deux instruments sont compl\u00e9mentaires. Et \u00e0 Toulon, il y a une classe d&rsquo;orgue, une des plus importantes de France, avec \u00e9norm\u00e9ment d&rsquo;\u00e9l\u00e8ves, dirig\u00e9e par Pascal Marsault. Les cours, les concours et les examens peuvent se d\u00e9rouler \u00e0 Sanary. Donc l\u00e0, il y aura deux orgues pour l&rsquo;\u00e9cole.<\/p>\n<p class=\"fs-5 \"><strong>Vous avez d\u00e9j\u00e0 restaur\u00e9 de nombreux orgues, dont celui de Notre-Dame de Paris !<\/strong><\/p>\n<p class=\"fs-5 \">L\u2019orgue n&rsquo;a pas \u00e9t\u00e9 touch\u00e9 par l&rsquo;incendie. Mais quand \u00e7a a br\u00fbl\u00e9, le plomb qui recouvre les toits a fondu. Et des poussi\u00e8res ont \u00e9t\u00e9 envoy\u00e9es l\u00e0 o\u00f9 se trouve l&rsquo;orgue. Le trou b\u00e9ant dans la toiture a beaucoup d\u00e9grad\u00e9 l&rsquo;instrument, car l&rsquo;hygrom\u00e9trie a baiss\u00e9 brutalement et \u00e7a a d\u00e9t\u00e9rior\u00e9 des pi\u00e8ces de l&rsquo;instrument, les sommiers dessouffl\u00e9s par exemple. Alors, on a d\u00fb tout refaire. Il a fallu d\u00e9monter enti\u00e8rement l&rsquo;instrument, bien s\u00fbr, le ramener \u00e0 un atelier, puis restaurer pi\u00e8ce par pi\u00e8ce. On a pass\u00e9 pr\u00e8s de 350 peaux de moutons, soit un troupeau entier !<\/p>\n<p class=\"fs-5 \"><strong>Comment expliquez-vous une telle mobilisation pour sauver notre patrimoine ?<\/strong><\/p>\n<p class=\"fs-5 \">Dans les ann\u00e9es 2000 \u00e0 2010, il y avait tr\u00e8s peu de choses qui se faisaient, notamment au niveau des cath\u00e9drales. Et quand, finalement, on s\u2019est aper\u00e7u qu\u2019il n&rsquo;y avait que quelques cath\u00e9drales qui \u00e9taient en \u00e9tat de fonctionner, on a eu une relance. Mais maintenant, on arrive au bout. Avec l&rsquo;\u00e9tat des finances du pays, tous les projets qui nous donnaient une vision d&rsquo;avenir pour des m\u00e9tiers comme le n\u00f4tre sont diff\u00e9r\u00e9s.<\/p>\n<p class=\"fs-5 \"><strong>Vous donnerez aussi une conf\u00e9rence ce dimanche \u00e0 Sanary ?<\/strong><\/p>\n<p class=\"fs-5 \">Je raconte toute l&rsquo;histoire, l&rsquo;\u00e9volution de l&rsquo;orgue, comment on faisait \u00e0 l&rsquo;Antiquit\u00e9, etc. Comment il est arriv\u00e9 dans l&rsquo;\u00c9glise. Car il faut savoir que l\u2019orgue a \u00e9t\u00e9 tr\u00e8s longtemps interdit dans l&rsquo;\u00c9glise\u2026 Et puis bien s\u00fbr, la mani\u00e8re dont c\u2019est construit aujourd&rsquo;hui.<\/p>\n<p>                                                                                Une conf\u00e9rence de soutien dimanche<\/p>\n<p class=\"fs-5 \">L\u2019association Chamades des Amis de l\u2019orgue du temple de Sanary (CAOTS) a d\u00e9j\u00e0 \u00e9t\u00e9 dot\u00e9e d\u2019une subvention de 120 000 euros du minist\u00e8re de la Culture. Avec les 80 000 euros de dons r\u00e9colt\u00e9s aupr\u00e8s de ses adh\u00e9rents, cela porte le budget \u00e0 200 000 euros. Mais il reste encore 200 000 euros \u00e0 trouver pour doter le temple de Sanary d\u2019un orgue professionnel.<\/p>\n<p class=\"fs-5 \">\u00ab Le minist\u00e8re de la Culture s\u2019engageant a \u00e0 nos c\u00f4t\u00e9s, j\u2019esp\u00e8re que \u00e7a ouvrira des portes aupr\u00e8s des autres collectivit\u00e9s \u00bb, lance Bastien Durrleman, le pr\u00e9sident de l\u2019association. La Ville de Sanary et la communaut\u00e9 d\u2019agglom\u00e9ration Sud Sainte Baume ont aussi \u00e9t\u00e9 sollicit\u00e9es.<\/p>\n<p class=\"fs-5 \">\u00ab Les deux derni\u00e8res ann\u00e9es ont \u00e9t\u00e9 consacr\u00e9es \u00e0 former un socle solide avec plus de 250 adh\u00e9rents, ce qui est formidable pour une jeune association \u00bb, souligne Bastien Durrleman. Objectif : inaugurer l\u2019orgue en 2029.<\/p>\n<p class=\"fs-5 \">Chamades propose une conf\u00e9rence musicale atypique \u00ab L\u2019histoire de l\u2019orgue de l\u2019Antiquit\u00e9 \u00e0 nos jours \u00bb avec Pascal Quoirin et Guy Bovet (orgue) ce dimanche 9 novembre \u00e0 15 h en l\u2019\u00e9glise Saint-Nazaire de Sanary. Pour soutenir l\u2019association, une adh\u00e9sion annuelle \u00e0 partir de 20 euros est demand\u00e9e.<\/p>\n<p class=\"fs-5 \">Contact : t\u00e9l. : 07.61.98.59.17 et chamadesorguesanary@gmail.com<\/p>\n","protected":false},"excerpt":{"rendered":"Apr\u00e8s avoir construit l\u2019orgue de l\u2019\u00e9glise Saint-Nazaire, le facteur d\u2019orgues Pascal Quoirin esp\u00e8re \u00e9quiper le temple protestant d\u2019un&hellip;\n","protected":false},"author":2,"featured_media":517601,"comment_status":"","ping_status":"","sticky":false,"template":"","format":"standard","meta":{"footnotes":""},"categories":[9619],"tags":[1111,11,1777,674,1011,27,12,882,25,2310],"class_list":{"0":"post-517600","1":"post","2":"type-post","3":"status-publish","4":"format-standard","5":"has-post-thumbnail","7":"category-toulon","8":"tag-actu","9":"tag-actualites","10":"tag-eu","11":"tag-europe","12":"tag-fr","13":"tag-france","14":"tag-news","15":"tag-provence-alpes-cote-dazur","16":"tag-republique-francaise","17":"tag-toulon"},"share_on_mastodon":{"url":"https:\/\/pubeurope.com\/@fr\/115506858182933139","error":""},"_links":{"self":[{"href":"https:\/\/www.europesays.com\/fr\/wp-json\/wp\/v2\/posts\/517600","targetHints":{"allow":["GET"]}}],"collection":[{"href":"https:\/\/www.europesays.com\/fr\/wp-json\/wp\/v2\/posts"}],"about":[{"href":"https:\/\/www.europesays.com\/fr\/wp-json\/wp\/v2\/types\/post"}],"author":[{"embeddable":true,"href":"https:\/\/www.europesays.com\/fr\/wp-json\/wp\/v2\/users\/2"}],"replies":[{"embeddable":true,"href":"https:\/\/www.europesays.com\/fr\/wp-json\/wp\/v2\/comments?post=517600"}],"version-history":[{"count":0,"href":"https:\/\/www.europesays.com\/fr\/wp-json\/wp\/v2\/posts\/517600\/revisions"}],"wp:featuredmedia":[{"embeddable":true,"href":"https:\/\/www.europesays.com\/fr\/wp-json\/wp\/v2\/media\/517601"}],"wp:attachment":[{"href":"https:\/\/www.europesays.com\/fr\/wp-json\/wp\/v2\/media?parent=517600"}],"wp:term":[{"taxonomy":"category","embeddable":true,"href":"https:\/\/www.europesays.com\/fr\/wp-json\/wp\/v2\/categories?post=517600"},{"taxonomy":"post_tag","embeddable":true,"href":"https:\/\/www.europesays.com\/fr\/wp-json\/wp\/v2\/tags?post=517600"}],"curies":[{"name":"wp","href":"https:\/\/api.w.org\/{rel}","templated":true}]}}