{"id":517607,"date":"2025-11-07T05:57:11","date_gmt":"2025-11-07T05:57:11","guid":{"rendered":"https:\/\/www.europesays.com\/fr\/517607\/"},"modified":"2025-11-07T05:57:11","modified_gmt":"2025-11-07T05:57:11","slug":"laurent-thoviste-et-luc-forestier-seront-ce-vendredi-soir-aux-cotes-de-franck-longo","status":"publish","type":"post","link":"https:\/\/www.europesays.com\/fr\/517607\/","title":{"rendered":"Laurent Thoviste et Luc Forestier seront ce vendredi soir aux c\u00f4t\u00e9s de Franck Longo"},"content":{"rendered":"<p>On se souvient qu\u2019en 2019, <a href=\"https:\/\/www.ledauphine.com\/isere-sud\/2018\/04\/01\/franck-longo-part-pour-les-municipales-et-appelle-laurent-thoviste-a-le-rejoindre\" target=\"_blank\" rel=\"noopener\">Franck Longo appelait Laurent Thoviste \u00e0 faire une liste commune pour <\/a> les municipales. Ils \u00e9taient alors tous les deux dans l\u2019opposition. L\u2019un Modem, l\u2019autre PS. Mais le second avait constitu\u00e9 sa propre liste au premier tour, avant une fusion qui l\u2019avait emport\u00e9. Pour les municipales 2026, on se demandait donc si les deux hommes allaient repartir ensemble\u2026 Eh bien, cette fois, c\u2019est Laurent Thoviste qui appelle <a href=\"https:\/\/www.ledauphine.com\/p\/franck-longo\" target=\"_blank\" rel=\"noopener\">Franck Longo<\/a> \u00e0 se lancer\u2026 ensemble.<\/p>\n<p>Cela veut dire que Laurent Thoviste, qui n\u2019est plus encart\u00e9 PS mais restant \u00ab\u00a0social d\u00e9mocrate\u00a0\u00bb, repart en campagne\u00a0: \u00ab\u00a0C\u2019est vrai en 2020, je n\u2019\u00e9tais pas s\u00fbr de vouloir rempiler une fois de plus. Je suis \u00e9lu depuis 2001.\u00a0\u00bb Mais le groupe majoritaire \u00ab\u00a0souhaite que je continue parce que j\u2019ai de l\u2019exp\u00e9rience\u00a0\u00bb. L\u2019adjoint \u00e0 l\u2019urbanisme r\u00e9pond \u00e0 cette demande aussi parce que \u00ab\u00a0ce mandat a \u00e9t\u00e9 compliqu\u00e9\u00a0: le Covid et la guerre en Ukraine ont ralenti des projets fontainois. Tout comme le Plan de pr\u00e9vention des risques d\u2019inondation en a bloqu\u00e9 d\u2019autres ou \u00e0 cause du manque de fluidit\u00e9 \u00e0 la M\u00e9tro\u00a0\u00bb. Un petit go\u00fbt d\u2019inachev\u00e9 en somme. Pas seulement. \u00ab\u00a0Lorsqu\u2019en 2020, nous avons d\u00e9cid\u00e9 de ne former qu\u2019un seul groupe majoritaire, nous avons \u00e9galement fusionn\u00e9 les projets. Nous avons su faire des compromis sur ce qui \u00e9tait important pour chacune des deux listes de d\u00e9part.\u00a0\u00bb Dans ces conditions, Laurent Thoviste ne voit pas \u00ab\u00a0d\u2019int\u00e9r\u00eat \u00e0 pr\u00e9senter une liste autonome au premier tour\u00a0\u00bb.<\/p>\n<p>Son colistier et pr\u00e9sident de groupe Luc Forestier, Renaissance, assure que \u00ab\u00a0cette union n\u2019a jamais \u00e9t\u00e9 factice. Les d\u00e9saccords ont \u00e9t\u00e9 g\u00e9r\u00e9s intelligemment. Le groupe a su incarner le d\u00e9passement des \u00e9tiquettes politiques et s\u2019en tenir au programme. M\u00eame si on nous a attaqu\u00e9s, nous, nous n\u2019avons jamais \u00e9t\u00e9 sur des positionnements nationaux.\u00a0\u00bb Les deux hommes se tiendront donc ce vendredi soir aux c\u00f4t\u00e9s de Franck Longo, qui dressera le bilan de mandat \u00e0 la salle Edmond-Vigne \u00e0 18\u00a0h, avant, sans doute de se d\u00e9clarer candidat.<\/p>\n","protected":false},"excerpt":{"rendered":"On se souvient qu\u2019en 2019, Franck Longo appelait Laurent Thoviste \u00e0 faire une liste commune pour les municipales.&hellip;\n","protected":false},"author":2,"featured_media":517608,"comment_status":"","ping_status":"","sticky":false,"template":"","format":"standard","meta":{"footnotes":""},"categories":[9566],"tags":[1111,11,2430,112,4188,1777,674,9592,11680,1011,27,2731,108,12,316,25],"class_list":{"0":"post-517607","1":"post","2":"type-post","3":"status-publish","4":"format-standard","5":"has-post-thumbnail","7":"category-grenoble","8":"tag-actu","9":"tag-actualites","10":"tag-auvergne-rhone-alpes","11":"tag-edition-grenoble-agglomeration","12":"tag-elections-municipales","13":"tag-eu","14":"tag-europe","15":"tag-fontaine","16":"tag-fontaine-bassin","17":"tag-fr","18":"tag-france","19":"tag-grenoble","20":"tag-isere","21":"tag-news","22":"tag-politique","23":"tag-republique-francaise"},"share_on_mastodon":{"url":"https:\/\/pubeurope.com\/@fr\/115506882206980708","error":""},"_links":{"self":[{"href":"https:\/\/www.europesays.com\/fr\/wp-json\/wp\/v2\/posts\/517607","targetHints":{"allow":["GET"]}}],"collection":[{"href":"https:\/\/www.europesays.com\/fr\/wp-json\/wp\/v2\/posts"}],"about":[{"href":"https:\/\/www.europesays.com\/fr\/wp-json\/wp\/v2\/types\/post"}],"author":[{"embeddable":true,"href":"https:\/\/www.europesays.com\/fr\/wp-json\/wp\/v2\/users\/2"}],"replies":[{"embeddable":true,"href":"https:\/\/www.europesays.com\/fr\/wp-json\/wp\/v2\/comments?post=517607"}],"version-history":[{"count":0,"href":"https:\/\/www.europesays.com\/fr\/wp-json\/wp\/v2\/posts\/517607\/revisions"}],"wp:featuredmedia":[{"embeddable":true,"href":"https:\/\/www.europesays.com\/fr\/wp-json\/wp\/v2\/media\/517608"}],"wp:attachment":[{"href":"https:\/\/www.europesays.com\/fr\/wp-json\/wp\/v2\/media?parent=517607"}],"wp:term":[{"taxonomy":"category","embeddable":true,"href":"https:\/\/www.europesays.com\/fr\/wp-json\/wp\/v2\/categories?post=517607"},{"taxonomy":"post_tag","embeddable":true,"href":"https:\/\/www.europesays.com\/fr\/wp-json\/wp\/v2\/tags?post=517607"}],"curies":[{"name":"wp","href":"https:\/\/api.w.org\/{rel}","templated":true}]}}