{"id":517609,"date":"2025-11-07T05:58:17","date_gmt":"2025-11-07T05:58:17","guid":{"rendered":"https:\/\/www.europesays.com\/fr\/517609\/"},"modified":"2025-11-07T05:58:17","modified_gmt":"2025-11-07T05:58:17","slug":"la-mobilisation-contre-les-verts-lfi","status":"publish","type":"post","link":"https:\/\/www.europesays.com\/fr\/517609\/","title":{"rendered":"LA MOBILISATION CONTRE LES VERTS\/LFI"},"content":{"rendered":"<p>Posted On 7 novembre 2025 <\/p>\n<p style=\"text-align: justify;\">C&rsquo;est un 5 novembre que Guy Fawkes, citoyen r\u00e9volutionnaire, a men\u00e9 un coup d&rsquo;\u00c9tat contre le Parlement britannique lors de la Conspiration des poudres. Ce 5 novembre, rue de la R\u00e9publique, c&rsquo;est contre l&rsquo;explosion de tout le tissu social et la destruction des biblioth\u00e8ques de Grenoble que manifestaient plusieurs dizaines de personnes, protestant contre la politique du livre de la municipalit\u00e9, qui conspire contre les Grenoblois en cherchant \u00e0 fermer les biblioth\u00e8ques de proximit\u00e9. Une politique qui entra\u00eene le saccage de tout un \u00e9cosyst\u00e8me social et culturel.\u00a0<\/p>\n<p><a href=\"https:\/\/grenoble-le-changement.fr\/wp-content\/uploads\/2025\/11\/manif-bibli-5-ov.png\" rel=\"lightbox[85982] nofollow noopener\" target=\"_blank\"><img loading=\"lazy\" decoding=\"async\" class=\"wp-image-85986 jetpack-lazy-image\" src=\"https:\/\/grenoble-le-changement.fr\/wp-content\/uploads\/2025\/11\/manif-bibli-5-ov-300x223.png\" alt=\"\" width=\"626\" height=\"465\" data-lazy-src=\"https:\/\/www.europesays.com\/fr\/wp-content\/uploads\/2025\/11\/manif-bibli-5-ov-300x223.png\" \/><\/a>Le collectif \u00ab\u00a0Gardons nos biblioth\u00e8ques du Centre-Ville de Grenoble\u00a0\u00bb a rassembl\u00e9 plusieurs dizaines de personnes lors de son intervention devant la biblioth\u00e8que.<br \/>\n2016 : L&rsquo;\u00c9T\u00c9 O\u00d9 PIOLLE A FERM\u00c9 DEUX BIBLIOTH\u00c8QUES<\/p>\n<p style=\"text-align: justify;\">Rappel des faits. <a target=\"_blank\" href=\"https:\/\/www.rue89lyon.fr\/2016\/10\/20\/grenoble-bibliothecaires-en-tete-de-lutte-contre-plan-de-rigueur-municipal\/\" rel=\"nofollow noopener\">En juin 2016, la municipalit\u00e9 Piolle annonce un \u00ab\u00a0plan de sauvegarde des services publics\u00a0\u00bb<\/a> qui comprend la fermeture de trois biblioth\u00e8ques : Pr\u00e9mol, Hauquelin et Alliance. L&rsquo;\u00e9conomie vis\u00e9es : 300 000 euros (bien loin du niveau abyssal de dette et de d\u00e9penses de fonctionnement).<a target=\"_blank\" href=\"https:\/\/grenoble.indymedia.org\/articles-4\/locaux\/2016-10-09-Bibliotheques-de-Grenoble-en-lutte\" rel=\"nofollow noopener\"> Treize postes de biblioth\u00e9caires sont supprim\u00e9s<\/a>.<\/p>\n<p style=\"text-align: justify;\"><a target=\"_blank\" href=\"https:\/\/fr.wikipedia.org\/wiki\/Biblioth%C3%A8que_municipale_de_Grenoble\" rel=\"nofollow noopener\">Les biblioth\u00e8ques Pr\u00e9mol et Hauquelin ferment durant l&rsquo;\u00e9t\u00e9 2016<\/a>. La premi\u00e8re se situe au Village Olympique, quartier en politique de la ville. La seconde se trouve pr\u00e8s de l&rsquo;Alma, \u00e9galement class\u00e9 en politique de la ville.<a target=\"_blank\" href=\"https:\/\/www.placegrenet.fr\/2016\/06\/29\/fermetures-de-bibliotheques-a-grenoble-premol-alliance-hauquelin-entrent-resistance\/95051\" rel=\"nofollow noopener\"> Pr\u00e9mol \u00e9tait \u00ab\u00a0le dernier acc\u00e8s aux services publics\u00a0\u00bb pour les habitants de ce quartier populaire du sud grenoblois<\/a>.<\/p>\n<p><a href=\"https:\/\/grenoble-le-changement.fr\/wp-content\/uploads\/2023\/12\/Manif-bibliothe\u0301ques-e-.png\" rel=\"lightbox[85982] nofollow noopener\" target=\"_blank\"><img loading=\"lazy\" decoding=\"async\" class=\" wp-image-70827 jetpack-lazy-image\" src=\"https:\/\/grenoble-le-changement.fr\/wp-content\/uploads\/2023\/12\/Manif-bibliothe\u0301ques-e--300x201.png\" alt=\"\" width=\"599\" height=\"401\" data-lazy-src=\"https:\/\/www.europesays.com\/fr\/wp-content\/uploads\/2025\/11\/Manif-bibliothe\u0301ques-e--300x201.png\" \/><\/a>Manifestation contre les suppressions de biblioth\u00e8ques en 2016.<\/p>\n<p style=\"text-align: justify;\"><a target=\"_blank\" href=\"http:\/\/www.placegrenet.fr\/2016\/06\/29\/fermetures-de-bibliotheques-a-grenoble-premol-alliance-hauquelin-entrent-resistance\/95051\" rel=\"nofollow noopener\">La biblioth\u00e8que Alliance, rue Stalingrad, r\u00e9siste jusqu&rsquo;au premier semestre 2017<\/a>. Les habitants et usagers se mobilisent.<a target=\"_blank\" href=\"https:\/\/fr.wikipedia.org\/wiki\/Biblioth%C3%A8que_municipale_de_Grenoble\" rel=\"nofollow noopener\"> Le 18 janvier 2017, le collectif \u00e9paul\u00e9 par des habitants emp\u00eache physiquement le d\u00e9m\u00e9nagement des livres de Pr\u00e9mol<\/a>. Le Canard Encha\u00een\u00e9 titre dans son \u00e9dition du 29 mars 2017 : \u00ab\u00a0Des livres rong\u00e9s par les Verts\u00a0\u00bb. Cette mobilisation citoyenne permettra de sauver 1 biblioth\u00e8que sur les 3.<\/p>\n<p>LE SYST\u00c8ME PIOLLE S&rsquo;ABRITE DERRI\u00c8RE LES CRS<\/p>\n<p style=\"text-align: justify;\">\u00c0 l&rsquo;\u00e9poque c&rsquo;est l&rsquo;incompr\u00e9hension \u00e0 Grenoble face \u00e0 cette d\u00e9cision d&rsquo;une municipalit\u00e9 \u00ab\u00a0de gauche\u00a0\u00bb.\u00a0<a target=\"_blank\" href=\"https:\/\/www.rue89lyon.fr\/2016\/10\/20\/grenoble-bibliothecaires-en-tete-de-lutte-contre-plan-de-rigueur-municipal\/\" rel=\"nofollow noopener\">Les biblioth\u00e9caires t\u00e9moignent de leur mission \u00e0 la crois\u00e9e du culturel, du social et de l&rsquo;\u00e9ducation<\/a>. Plus disponibles et accessibles qu&rsquo;ailleurs, ils racontent leurs s\u00e9ances improvis\u00e9es d&rsquo;aide aux devoirs ou les conseils donn\u00e9s pour remplir des documents administratifs.<a target=\"_blank\" href=\"https:\/\/grenoble.indymedia.org\/articles-4\/locaux\/2016-10-09-Bibliotheques-de-Grenoble-en-lutte\" rel=\"nofollow noopener\"> Les syndicats s&rsquo;insurgent : \u00ab\u00a0il est inadmissible de fermer trois biblioth\u00e8ques lorsque l&rsquo;on pr\u00e9tend que l&rsquo;\u00e9ducation est la priorit\u00e9 de la ville\u00a0\u00bb<\/a>. Face aux manifestations, plusieurs conseils municipaux se tiendront alors sous protection des CRS !<\/p>\n<p><a href=\"https:\/\/grenoble-le-changement.fr\/wp-content\/uploads\/2024\/12\/crs-bibli.png\" rel=\"lightbox[85982] nofollow noopener\" target=\"_blank\"><img loading=\"lazy\" decoding=\"async\" class=\" wp-image-78671 jetpack-lazy-image\" src=\"https:\/\/grenoble-le-changement.fr\/wp-content\/uploads\/2024\/12\/crs-bibli-300x167.png\" alt=\"\" width=\"675\" height=\"376\" data-lazy-src=\"https:\/\/www.europesays.com\/fr\/wp-content\/uploads\/2025\/11\/1762495095_574_crs-bibli-300x167.png\" \/><\/a>Les CRS pour prot\u00e9ger le conseil municipal des \u00e9lus Verts\/LFI &#8230; des dangereux biblioth\u00e9caires !<br \/>\n2025 : UNE GRANDE BIBLIOTH\u00c8QUE\u2026 POUR MIEUX FERMER LES AUTRES<\/p>\n<p style=\"text-align: justify;\">Neuf ans apr\u00e8s ces fermetures, la municipalit\u00e9 annonce un projet de grande biblioth\u00e8que \u00e0 Chavant. L&rsquo;arbre qui cache la for\u00eat car le projet consiste \u00e0 <a href=\"https:\/\/grenoble-le-changement.fr\/2025\/05\/06\/bibliotheques-le-plan-municipal-de-suppression-se-poursuit\/\" rel=\"nofollow noopener\" target=\"_blank\">construire un \u00e9quipement pharaonique&#8230; tout en fermant de nouvelles biblioth\u00e8ques de proximit\u00e9<\/a> (jardin de ville, centre-ville et une partie de Kateb Yacine \u00e0 Grand Place). <\/p>\n<p style=\"text-align: justify;\">La logique reste identique depuis 2016 : concentrer les moyens sur des \u00e9quipements centralis\u00e9s et \u00e9loigner le service public du quotidien des habitants. Nos quartiers, de plus en plus priv\u00e9s de services publics, perdent ces lieux gratuits et ouverts \u00e0 tous qui contribuent \u00e0 lutter contre l&rsquo;isolement et la fragmentation sociale.<\/p>\n<p>BRIGITTE BOER : \u00ab\u00a0UNE CULTURE SOUS TUTELLE ID\u00c9OLOGIQUE\u00a0\u00bb<\/p>\n<p style=\"text-align: justify;\"><a href=\"https:\/\/grenoble-le-changement.fr\/2025\/06\/30\/theatre-de-grenoble-la-municipalite-essaye-de-masquer-le-desastre-culturel\/\" rel=\"nofollow noopener\" target=\"_blank\">Brigitte Boer, conseill\u00e8re d&rsquo;opposition \u00e0 la Ville et \u00e0 la M\u00e9tropole,<\/a> de l&rsquo;\u00e9quipe d&rsquo;Alain Carignon, accompagn\u00e9e de Luc Davin, \u00e9tait pr\u00e9sente au rassemblement du collectif \u00ab\u00a0Gardons nos biblioth\u00e8ques\u00a0\u00bb. Elle a \u00e0 nouveau partag\u00e9 son analyse de la politique des Verts\/LFI, qu&rsquo;elle a maintes fois \u00e9trill\u00e9 en conseil : qu&rsquo;il s&rsquo;agisse de la biblioth\u00e8que du centre-ville ou des travaux d&rsquo;agrandissement de Chavant, elle d\u00e9nonce \u00ab\u00a0une culture sous tutelle\u00a0\u00bb qui \u00ab\u00a0doit d\u00e9pendre uniquement de l&rsquo;id\u00e9ologie\u00a0\u00bb et jamais \u00ab\u00a0du besoin r\u00e9el des habitants\u00a0\u00bb.<\/p>\n<p style=\"text-align: justify;\">Des Verts\/LFI \u00ab\u00a0qui ne cherchent qu&rsquo;\u00e0 laisser leur nom, leur marque\u00a0\u00bb, poursuit l&rsquo;\u00e9lue d&rsquo;opposition. En alertant \u00e9galement sur <a href=\"https:\/\/grenoble-le-changement.fr\/2025\/08\/03\/siege-a-108-millions-la-metro-sentete-dans-la-gabegie\/\" rel=\"nofollow noopener\" target=\"_blank\">l&rsquo;absurdit\u00e9 financi\u00e8re d&rsquo;un projet pharaonique<\/a>, quand on connait la capacit\u00e9 de ces \u00e9lus \u00e0 faire d\u00e9raper le co\u00fbt de leurs projets (le si\u00e8ge de la m\u00e9tro pass\u00e9 de 47 \u00e0 129 millions&#8230;).<\/p>\n<p style=\"text-align: justify;\">Forte d&rsquo;une longue exp\u00e9rience d&rsquo;enseignante, Brigitte Boer a enfin rappel\u00e9 qu&rsquo;une biblioth\u00e8que au centre-ville est un \u00ab\u00a0besoin \u00e9galement pour les enfants, qui ne pourront se rendre \u00e0 Hoche : ce lieu est une n\u00e9cessit\u00e9, les fermetures de Pr\u00e9mol et des autres lieux est une catastrophe, ils se moquent des habitants, ne veulent pas les \u00e9couter\u00a0\u00bb.<\/p>\n<p><a href=\"https:\/\/grenoble-le-changement.fr\/wp-content\/uploads\/2025\/11\/Projet-Friedman.png\" rel=\"lightbox[85982] nofollow noopener\" target=\"_blank\"><img loading=\"lazy\" decoding=\"async\" class=\" wp-image-85993 jetpack-lazy-image\" src=\"https:\/\/grenoble-le-changement.fr\/wp-content\/uploads\/2025\/11\/Projet-Friedman-300x183.png\" alt=\"\" width=\"641\" height=\"391\" data-lazy-src=\"https:\/\/www.europesays.com\/fr\/wp-content\/uploads\/2025\/11\/Projet-Friedman-300x183.png\" \/><\/a>J\u00e9r\u00f4me Friedman, architecte grenoblois, propose un am\u00e9nagement de l\u2019\u00celot R\u00e9publique sans destruction, incluant biblioth\u00e8que et v\u00e9g\u00e9talisation<br \/>\nL\u2019ABSENCE ASSOURDISSANTE DES VERTS\/LFI<\/p>\n<p style=\"text-align: justify;\"><a target=\"_blank\" href=\"https:\/\/www.placegrenet.fr\/2025\/11\/03\/municipales-a-grenoble-le-candidat-herve-gerbi-veut-rendre-le-trop-percu-de-la-taxe-fonciere\/663544\" rel=\"nofollow noopener\">Hakima Necib, co-responsable d&rsquo;Herv\u00e9 Gerbi pour les municipales<\/a>, \u00e9tait \u00e9galement pr\u00e9sente. \u00ab\u00a0Attrist\u00e9e\u00a0\u00bb de la \u00ab\u00a0mont\u00e9e du populisme et des extr\u00eames\u00a0\u00bb \u2013 \u00ab\u00a0quel rapport?\u00a0\u00bb commente une passante &#8211; mais elle\u00a0\u00ab\u00a0s&rsquo;abstient de tout engagement formel du candidat\u00a0\u00bb. \u00c0 Grenoble, c&rsquo;est d\u00e9cid\u00e9ment <a href=\"https:\/\/grenoble-le-changement.fr\/2025\/11\/03\/ruffin-brunon-et-les-autres-le-flou-comme-programme-de-succession-a-piolle\/\" rel=\"nofollow noopener\" target=\"_blank\">l&rsquo;\u00e8re du flou pour nombre de listes (ou pr\u00e9 listes).<\/a><\/p>\n<p style=\"text-align: justify;\">Mais la porte-parole du collectif de sauvegarde des biblioth\u00e8ques a surtout d\u00e9plor\u00e9 l&rsquo;absence de r\u00e9ponse \u00e0 ses sollicitations de toutes les autres : Laurence Ruffin, Allan Brunon, Romain Gentil, Baptiste Anglade, aucun ne s&rsquo;est d\u00e9plac\u00e9. Eux qui s&rsquo;en revendiquent, l&rsquo;\u00e9ducation populaire et l&rsquo;action culturelle \u00e9taient pourtant autrefois des fleurons de la gauche authentique.<\/p>\n<p>RUFFIN VEUT ENCORE PASSER ENTRE LES GOUTTES<\/p>\n<p style=\"text-align: justify;\">\u00ab\u00a0Laurence Ruffin, d\u00e9sign\u00e9e t\u00eate de liste pour repr\u00e9senter la majorit\u00e9 grenobloise sortante, n\u2019a pour sa part pas r\u00e9pondu \u00e0 l\u2019invitation du collectif. Pas plus qu\u2019elle ne s\u2019est pr\u00e9sent\u00e9e \u00e0 la r\u00e9union publique de l\u2019union de quartier du centre-ville, quelques semaines plus t\u00f4t\u00a0\u00bb <a target=\"_blank\" href=\"https:\/\/www.placegrenet.fr\/2025\/11\/06\/nouveau-rassemblement-dhabitants-contre-le-demenagement-de-la-bibliotheque-du-centre-ville-de-grenoble\/663826\" rel=\"nofollow noopener\">rel\u00e8ve Place Gre&rsquo;net<\/a>. Sa strat\u00e9gie est toujours la m\u00eame : passer entre les gouttes en faisant silence sur tous les probl\u00e8mes concrets. Une telle absence ne trompe personne et confirme que sur tous les dossiers litigieux, elle continuera comme Piolle a commenc\u00e9.<\/p>\n<p><a href=\"https:\/\/grenoble-le-changement.fr\/wp-content\/uploads\/2025\/11\/projet-friedman-bibli-presentation.jpeg\" rel=\"lightbox[85982] nofollow noopener\" target=\"_blank\"><img loading=\"lazy\" decoding=\"async\" class=\" wp-image-85998 jetpack-lazy-image\" src=\"https:\/\/grenoble-le-changement.fr\/wp-content\/uploads\/2025\/11\/projet-friedman-bibli-presentation-225x300.jpeg\" alt=\"\" width=\"506\" height=\"675\" data-lazy-src=\"https:\/\/www.europesays.com\/fr\/wp-content\/uploads\/2025\/11\/projet-friedman-bibli-presentation-225x300.jpeg\" \/><\/a>Les pr\u00e9sents sont plus convaincus par le projet alternatif de J\u00e9r\u00f4me Friedman que par celui de la Ville<br \/>\nSEUL ALAIN CARIGNON ET R\u00c9CONCILIER GRENOBLE MOUILLENT LE MAILLOT<\/p>\n<p style=\"text-align: justify;\">Le projet de biblioth\u00e8que colossale est contraire aux besoins des habitants. Brigitte Boer a appel\u00e9 les habitants \u00e0 se battre pour sauvegarder la biblioth\u00e8que de l&rsquo;ilot R\u00e9publique, et les autres menac\u00e9es. Le programme d&rsquo;Alain Carignon privil\u00e9giant les biblioth\u00e8ques de proximit\u00e9, accessibles dans chaque quartier, plut\u00f4t que les \u00e9quipements pharaoniques centralis\u00e9s.<\/p>\n<p style=\"text-align: justify;\"><a href=\"https:\/\/grenoble-le-changement.fr\/2024\/12\/20\/bibliotheques-a-grenoble-les-verts-lfi-engagent-le-torpillage-du-reseau-de-proximite\/\" rel=\"nofollow noopener\" target=\"_blank\">La politique culturelle des Verts\/LFI<\/a>, \u00e0 force de vouloir soutenir LES cultureS selon une grille id\u00e9ologique rigide, ne soutient finalement plus LA culture du tout. Le r\u00e9sultat est une politique culturelle fragment\u00e9e, affaiblie, soumise aux diktats politiques, et incapable d&rsquo;assurer sa mission premi\u00e8re : offrir \u00e0 tous les habitants, particuli\u00e8rement dans les quartiers populaires, un acc\u00e8s \u00e9gal aux \u0153uvres, aux savoirs et \u00e0 la lecture publique.\u00a0<\/p>\n<p style=\"text-align: justify;\">Laurence Ruffin (Verts) et Allan Brunon (LFI) entendent poursuivre dans cette voie mortif\u00e8re pour notre rayonnement culturel. <a href=\"https:\/\/grenoble-le-changement.fr\/2025\/05\/16\/les-forces-vives-de-grenoble-sengagent-pour-le-changement-avec-alain-carignon\/\" rel=\"nofollow noopener\" target=\"_blank\">Avec R\u00e9concilier Grenoble<\/a>, les Grenoblois attach\u00e9s \u00e0 la culture dans toute sa diversit\u00e9 ont un autre bulletin de vote pour mettre fin \u00e0 cette politique du moins bien.<\/p>\n","protected":false},"excerpt":{"rendered":"Posted On 7 novembre 2025 C&rsquo;est un 5 novembre que Guy Fawkes, citoyen r\u00e9volutionnaire, a men\u00e9 un coup&hellip;\n","protected":false},"author":2,"featured_media":517610,"comment_status":"","ping_status":"","sticky":false,"template":"","format":"standard","meta":{"footnotes":""},"categories":[9566],"tags":[1111,11,9601,27721,2430,63805,15172,9607,1777,674,1011,27,2731,24612,63806,10136,53820,12,25,14009],"class_list":{"0":"post-517609","1":"post","2":"type-post","3":"status-publish","4":"format-standard","5":"has-post-thumbnail","7":"category-grenoble","8":"tag-actu","9":"tag-actualites","10":"tag-alain-carignon","11":"tag-allan-brunon","12":"tag-auvergne-rhone-alpes","13":"tag-baptiste-anglade","14":"tag-brigitte-boer","15":"tag-eric-piolle","16":"tag-eu","17":"tag-europe","18":"tag-fr","19":"tag-france","20":"tag-grenoble","21":"tag-hakima-necib","22":"tag-jerome-friedman","23":"tag-laurence-ruffin","24":"tag-luc-davin","25":"tag-news","26":"tag-republique-francaise","27":"tag-romain-gentil"},"share_on_mastodon":{"url":"https:\/\/pubeurope.com\/@fr\/115506887284260977","error":""},"_links":{"self":[{"href":"https:\/\/www.europesays.com\/fr\/wp-json\/wp\/v2\/posts\/517609","targetHints":{"allow":["GET"]}}],"collection":[{"href":"https:\/\/www.europesays.com\/fr\/wp-json\/wp\/v2\/posts"}],"about":[{"href":"https:\/\/www.europesays.com\/fr\/wp-json\/wp\/v2\/types\/post"}],"author":[{"embeddable":true,"href":"https:\/\/www.europesays.com\/fr\/wp-json\/wp\/v2\/users\/2"}],"replies":[{"embeddable":true,"href":"https:\/\/www.europesays.com\/fr\/wp-json\/wp\/v2\/comments?post=517609"}],"version-history":[{"count":0,"href":"https:\/\/www.europesays.com\/fr\/wp-json\/wp\/v2\/posts\/517609\/revisions"}],"wp:featuredmedia":[{"embeddable":true,"href":"https:\/\/www.europesays.com\/fr\/wp-json\/wp\/v2\/media\/517610"}],"wp:attachment":[{"href":"https:\/\/www.europesays.com\/fr\/wp-json\/wp\/v2\/media?parent=517609"}],"wp:term":[{"taxonomy":"category","embeddable":true,"href":"https:\/\/www.europesays.com\/fr\/wp-json\/wp\/v2\/categories?post=517609"},{"taxonomy":"post_tag","embeddable":true,"href":"https:\/\/www.europesays.com\/fr\/wp-json\/wp\/v2\/tags?post=517609"}],"curies":[{"name":"wp","href":"https:\/\/api.w.org\/{rel}","templated":true}]}}