{"id":517611,"date":"2025-11-07T05:59:15","date_gmt":"2025-11-07T05:59:15","guid":{"rendered":"https:\/\/www.europesays.com\/fr\/517611\/"},"modified":"2025-11-07T05:59:15","modified_gmt":"2025-11-07T05:59:15","slug":"plusieurs-marques-en-destockage-a-decouvrir","status":"publish","type":"post","link":"https:\/\/www.europesays.com\/fr\/517611\/","title":{"rendered":"plusieurs marques en d\u00e9stockage \u00e0 d\u00e9couvrir"},"content":{"rendered":"<p>            Par<br \/>\n        <strong><br \/>\n            <a href=\"https:\/\/actu.fr\/auteur\/laurene-fertin\" title=\"Consulter tous les articles de Laur\u00e8ne Fertin\" target=\"_blank\" rel=\"noopener\">Laur\u00e8ne Fertin<\/a><br \/>\n        <\/strong><\/p>\n<p>        Publi\u00e9 le<\/p>\n<p>            7 nov. 2025 \u00e0 6h32        <\/p>\n<p><strong>800 m\u00b2<\/strong> de bonnes affaires\u2009: un magasin <strong>Noz<\/strong> s\u2019est install\u00e9 pr\u00e8s de Rennes et ouvre ses portes <strong>ce vendredi 7\u00a0novembre 2025 d\u00e8s 9h<\/strong>.<\/p>\n<p class=\" wall-content\">L\u2019enseigne de <strong>d\u00e9stockage<\/strong> a pos\u00e9 ses valises dans la commune de <strong>Saint-M\u00e9en-le-Grand<\/strong>, au 109, rue Louison-Bobet, comme indiquait <a href=\"https:\/\/www.ouest-france.fr\/bretagne\/saint-meen-le-grand-35290\/le-geant-du-destockage-noz-ouvre-un-nouveau-magasin-dans-cette-commune-dille-et-vilaine-49cfd9ec-b965-11f0-b227-510f72443e00\" target=\"_blank\" rel=\"noopener\">Ouest-France<\/a>.<\/p>\n<p>\u00ab\u2009J\u2019ai accept\u00e9 le challenge\u2009\u00bb<\/p>\n<p class=\" wall-content\">\u00c0 la t\u00eate de ce nouveau commerce, <strong>Jean-Jacques Cattais<\/strong>, responsable du magasin et Katy Mandin, adjointe. Si le responsable avait d\u00e9j\u00e0 roul\u00e9 sa bosse durant 17\u00a0ans, \u00e0 Rennes, chez un g\u00e9ant du commerce alimentaire de proximit\u00e9, Noz repr\u00e9sente un nouveau secteur \u00e0 manager. \u00ab\u2009Noz recherchait des mandataires et m\u2019a contact\u00e9\u2009\u00bb, retrace Jean-Jacques Cottais. \u00ab\u2009Je me suis dit, \u2018pourquoi pas\u2019\u2009:<strong> j\u2019ai accept\u00e9 le challenge.\u2009\u00bb<\/strong><\/p>\n<p class=\" wall-content\">Apr\u00e8s une formation lanc\u00e9e en septembre, \u00ab\u2009tout s\u2019est encha\u00een\u00e9\u2009\u00bb. Et \u00e0 quelques heures de l\u2019ouverture, la veille jeudi 6\u00a0novembre,<strong> les \u00e9quipes s\u2019affairent en magasin<\/strong> pour \u00eatre pr\u00eates le jour J. Au total, <strong>six employ\u00e9s \u00e0 temps plein<\/strong> seront pr\u00e9sents dans le magasin.<\/p>\n<p>    <img   decoding=\"async\" loading=\"lazy\" src=\"https:\/\/www.europesays.com\/fr\/wp-content\/uploads\/2025\/11\/image-20251106-175452-209-960x640.jpeg\" alt=\"Photo prise le 06\/11\/2025\" width=\"960\" height=\"640\"\/><br \/>\n    Jean-Jacques Cottais est responsable de l\u2019enseigne Noz install\u00e9e \u00e0 Saint-M\u00e9en-le-Grand. (\u00a9Laur\u00e8ne Fertin \/ actu Rennes)Plusieurs marques<\/p>\n<p class=\" wall-content\">Dans le grand magasin se trouvent quatre p\u00f4les\u2009: <strong>\u00ab\u2009l\u2019espace droguerie et parapharmacie,<\/strong> <strong>le p\u00f4le bazar<\/strong> qui rassemble l\u2019outillage, les jouets et mat\u00e9riels pour enfants, les accessoires pour ateliers DIY [Do it yourself, N.D.L.R], les accessoires pour animaux mais aussi le linge, les rideaux\u2026\u2009\u00bb, \u00e9gr\u00e8ne Jean-Jacques Cottais. \u00ab\u2009Sans oublier<strong> le p\u00f4le surgel\u00e9<\/strong> et<strong> le p\u00f4le textile.\u2009\u00bb<\/strong><\/p>\n<p>Votre r\u00e9gion, votre actu !<\/p>\n<p>Recevez chaque jour les infos qui comptent pour vous.<\/p>\n<p>\t<a href=\"https:\/\/actu.fr\/newsletter\" class=\"ac-btn ac-btn--corner ac-btn--medium ac-btn--blue800\" target=\"_blank\" rel=\"noopener\">S&rsquo;incrire<\/a><\/p>\n<p>    <img   decoding=\"async\" loading=\"lazy\" src=\"https:\/\/www.europesays.com\/fr\/wp-content\/uploads\/2025\/11\/image-20251106-175452-089-960x640.jpeg\" alt=\"Photo prise le 06\/11\/2025\" width=\"960\" height=\"640\"\/><br \/>\n    \u00ab\u2009De plus en plus de marques de textiles vont faire leur apparition dans le magasin\u2009\u00bb, indique le responsable. (\u00a9Laur\u00e8ne Fertin \/ actu Rennes)<\/p>\n<p class=\" wall-content\">\u00c0 ce titre, <strong>plusieurs marques de v\u00eatements<\/strong> sont d\u00e9j\u00e0 arriv\u00e9es sur les portants\u2009: <strong>Vero Moda, Jennifer, Only<\/strong> \u00ab\u2009et bient\u00f4t <strong>Naf Naf\u2009\u00bb.<\/strong> De la d\u00e9coration sign\u00e9e <strong>Casa<\/strong> attend par ailleurs les clients et clientes au milieu du magasin. \u00ab\u2009Ce qui est bien dans le d\u00e9stockage, c\u2019est qu\u2019\u00e0 chaque livraison, c\u2019est un peu No\u00ebl\u2009\u00bb, sourit Jean-Jacques.<\/p>\n<p>Rendez-vous ce vendredi 7\u00a0novembre 2025 d\u00e8s 9h et jusqu\u2019\u00e0 19h30 pour l\u2019ouverture. Horaires\u2009: du lundi au samedi de 9h \u00e0 19h30.<\/p>\n<p class=\" wall-content\">Personnalisez votre actualit\u00e9 en ajoutant vos villes et m\u00e9dias en favori avec <a href=\"https:\/\/moncompte.actu.fr\" title=\"D\u00e9couvez Mon Actu\" rel=\"nofollow noopener\" data-trk=\"{&quot;cta&quot;:{&quot;action&quot;:&quot;https:\\\/\\\/moncompte.actu.fr&quot;,&quot;category&quot;:&quot;mon compte&quot;,&quot;from&quot;:&quot;article footer&quot;,&quot;name&quot;:&quot;Mon actu&quot;,&quot;type&quot;:&quot;cta&quot;}}\" target=\"_blank\">Mon Actu<\/a>.<\/p>\n","protected":false},"excerpt":{"rendered":"Par Laur\u00e8ne Fertin Publi\u00e9 le 7 nov. 2025 \u00e0 6h32 800 m\u00b2 de bonnes affaires\u2009: un magasin Noz&hellip;\n","protected":false},"author":2,"featured_media":517612,"comment_status":"","ping_status":"","sticky":false,"template":"","format":"standard","meta":{"footnotes":""},"categories":[2821],"tags":[1111,11,677,829,33,1777,674,1011,27,12,3147,22564,584,25],"class_list":{"0":"post-517611","1":"post","2":"type-post","3":"status-publish","4":"format-standard","5":"has-post-thumbnail","7":"category-rennes","8":"tag-actu","9":"tag-actualites","10":"tag-bons-plans","11":"tag-bretagne","12":"tag-economie","13":"tag-eu","14":"tag-europe","15":"tag-fr","16":"tag-france","17":"tag-news","18":"tag-nouveaux-commerces","19":"tag-noz","20":"tag-rennes","21":"tag-republique-francaise"},"share_on_mastodon":{"url":"https:\/\/pubeurope.com\/@fr\/115506890025662333","error":""},"_links":{"self":[{"href":"https:\/\/www.europesays.com\/fr\/wp-json\/wp\/v2\/posts\/517611","targetHints":{"allow":["GET"]}}],"collection":[{"href":"https:\/\/www.europesays.com\/fr\/wp-json\/wp\/v2\/posts"}],"about":[{"href":"https:\/\/www.europesays.com\/fr\/wp-json\/wp\/v2\/types\/post"}],"author":[{"embeddable":true,"href":"https:\/\/www.europesays.com\/fr\/wp-json\/wp\/v2\/users\/2"}],"replies":[{"embeddable":true,"href":"https:\/\/www.europesays.com\/fr\/wp-json\/wp\/v2\/comments?post=517611"}],"version-history":[{"count":0,"href":"https:\/\/www.europesays.com\/fr\/wp-json\/wp\/v2\/posts\/517611\/revisions"}],"wp:featuredmedia":[{"embeddable":true,"href":"https:\/\/www.europesays.com\/fr\/wp-json\/wp\/v2\/media\/517612"}],"wp:attachment":[{"href":"https:\/\/www.europesays.com\/fr\/wp-json\/wp\/v2\/media?parent=517611"}],"wp:term":[{"taxonomy":"category","embeddable":true,"href":"https:\/\/www.europesays.com\/fr\/wp-json\/wp\/v2\/categories?post=517611"},{"taxonomy":"post_tag","embeddable":true,"href":"https:\/\/www.europesays.com\/fr\/wp-json\/wp\/v2\/tags?post=517611"}],"curies":[{"name":"wp","href":"https:\/\/api.w.org\/{rel}","templated":true}]}}