{"id":517617,"date":"2025-11-07T06:03:10","date_gmt":"2025-11-07T06:03:10","guid":{"rendered":"https:\/\/www.europesays.com\/fr\/517617\/"},"modified":"2025-11-07T06:03:10","modified_gmt":"2025-11-07T06:03:10","slug":"la-vente-de-chaussettes-de-la-cts-fait-un-carton","status":"publish","type":"post","link":"https:\/\/www.europesays.com\/fr\/517617\/","title":{"rendered":"la vente de chaussettes de la CTS fait un carton"},"content":{"rendered":"<p>            Par<br \/>\n        <strong><br \/>\n            <a href=\"https:\/\/actu.fr\/auteur\/thomas-blanc\" title=\"Consulter tous les articles de Thomas Blanc\" target=\"_blank\" rel=\"noopener\">Thomas Blanc<\/a><br \/>\n        <\/strong><\/p>\n<p>        Publi\u00e9 le<\/p>\n<p>            7 nov. 2025 \u00e0 7h02        <\/p>\n<p>\u00c0 la suite d\u2019un <strong>poisson d\u2019avril<\/strong>, la <a href=\"https:\/\/actu.fr\/tag\/compagnie-des-transports-strasbourgeois-cts\" target=\"_blank\" rel=\"noopener\">Compagnie des Transports Strasbourgeois (CTS)<\/a> a lanc\u00e9 une <a href=\"https:\/\/actu.fr\/grand-est\/strasbourg_67482\/insolite-la-cts-met-en-vente-ces-objets-a-son-effigie-dans-son-agence-de-strasbourg-a-partir-de-jeudi_63386630.html\" target=\"_blank\" rel=\"noopener\">vente de chaussettes \u00e0 son effigie<\/a>. Cette derni\u00e8re \u00e9tait pr\u00e9vue du jeudi 6 jusqu\u2019au 13 novembre, mais les acheteurs n\u2019ont pas <strong>attendu bien longtemps<\/strong> pour venir chercher leur <strong>exemplaire collector<\/strong>.<\/p>\n<p>Les chaussettes de la CTS en rupture de stock en quelques heures<\/p>\n<p class=\" wall-content\">Il n\u2019aura donc fallu que <strong>quelques heures<\/strong> pour arriver \u00e0 bout du stock de<strong> 200 chaussettes vendues<\/strong> \u00e0 l\u2019agence commerciale CTS de <a href=\"https:\/\/actu.fr\/strasbourg\/\" target=\"_blank\" rel=\"noopener\">Strasbourg<\/a>. En milieu d\u2019apr\u00e8s-midi, il n\u2019y en avait d\u00e9j\u00e0 plus.<\/p>\n<p>    <a href=\"https:\/\/www.facebook.com\/plugins\/post.php?href=https%3A%2F%2Fwww.facebook.com%2FCtsStrasbourg%2Fposts%2Fpfbid02A7h3VrcL6vrdR1dLpT5Uk1WghDJq3qfDQznp6B4f9ZrjmQLum81v36aBXWRtoi9tl&amp;show_text=true&amp;width=350\" title=\"Ouvrie le lien\" target=\"_blank\" rel=\"noopener\">Cliquez ici pour visualiser le contenu<\/a><\/p>\n<p class=\" wall-content\">\u00ab\u2009Nous avons<strong> beaucoup de fans de la CTS<\/strong> et des transports en commun sur le territoire eurom\u00e9tropolitain, nous savions que cela serait un franc succ\u00e8s\u2009\u00bb, explique le gestionnaire du r\u00e9seau de transport strasbourgeois.<\/p>\n<p class=\" wall-content\">Vendue au prix de <strong>15\u00a0euros la paire<\/strong>, l\u2019int\u00e9gralit\u00e9 des b\u00e9n\u00e9fices sera revers\u00e9e \u00e0 l\u2019association strasbourgeoise <a href=\"https:\/\/www.facebook.com\/p\/Solidariteam-100078657540309\/?locale=fr_FR\" target=\"_blank\" rel=\"noopener\">Solidariteam<\/a>.<\/p>\n<p class=\" wall-content\">Personnalisez votre actualit\u00e9 en ajoutant vos villes et m\u00e9dias en favori avec <a href=\"https:\/\/moncompte.actu.fr\" title=\"D\u00e9couvez Mon Actu\" rel=\"nofollow noopener\" data-trk=\"{&quot;cta&quot;:{&quot;action&quot;:&quot;https:\\\/\\\/moncompte.actu.fr&quot;,&quot;category&quot;:&quot;mon compte&quot;,&quot;from&quot;:&quot;article footer&quot;,&quot;name&quot;:&quot;Mon actu&quot;,&quot;type&quot;:&quot;cta&quot;}}\" target=\"_blank\">Mon Actu<\/a>.<\/p>\n","protected":false},"excerpt":{"rendered":"Par Thomas Blanc Publi\u00e9 le 7 nov. 2025 \u00e0 7h02 \u00c0 la suite d\u2019un poisson d\u2019avril, la Compagnie&hellip;\n","protected":false},"author":2,"featured_media":510670,"comment_status":"","ping_status":"","sticky":false,"template":"","format":"standard","meta":{"footnotes":""},"categories":[2820],"tags":[1111,11,7344,1777,674,1011,27,775,1757,12,25,640],"class_list":{"0":"post-517617","1":"post","2":"type-post","3":"status-publish","4":"format-standard","5":"has-post-thumbnail","7":"category-strasbourg","8":"tag-actu","9":"tag-actualites","10":"tag-compagnie-des-transports-strasbourgeois-cts","11":"tag-eu","12":"tag-europe","13":"tag-fr","14":"tag-france","15":"tag-grand-est","16":"tag-insolite","17":"tag-news","18":"tag-republique-francaise","19":"tag-strasbourg"},"share_on_mastodon":{"url":"https:\/\/pubeurope.com\/@fr\/115506905386909734","error":""},"_links":{"self":[{"href":"https:\/\/www.europesays.com\/fr\/wp-json\/wp\/v2\/posts\/517617","targetHints":{"allow":["GET"]}}],"collection":[{"href":"https:\/\/www.europesays.com\/fr\/wp-json\/wp\/v2\/posts"}],"about":[{"href":"https:\/\/www.europesays.com\/fr\/wp-json\/wp\/v2\/types\/post"}],"author":[{"embeddable":true,"href":"https:\/\/www.europesays.com\/fr\/wp-json\/wp\/v2\/users\/2"}],"replies":[{"embeddable":true,"href":"https:\/\/www.europesays.com\/fr\/wp-json\/wp\/v2\/comments?post=517617"}],"version-history":[{"count":0,"href":"https:\/\/www.europesays.com\/fr\/wp-json\/wp\/v2\/posts\/517617\/revisions"}],"wp:featuredmedia":[{"embeddable":true,"href":"https:\/\/www.europesays.com\/fr\/wp-json\/wp\/v2\/media\/510670"}],"wp:attachment":[{"href":"https:\/\/www.europesays.com\/fr\/wp-json\/wp\/v2\/media?parent=517617"}],"wp:term":[{"taxonomy":"category","embeddable":true,"href":"https:\/\/www.europesays.com\/fr\/wp-json\/wp\/v2\/categories?post=517617"},{"taxonomy":"post_tag","embeddable":true,"href":"https:\/\/www.europesays.com\/fr\/wp-json\/wp\/v2\/tags?post=517617"}],"curies":[{"name":"wp","href":"https:\/\/api.w.org\/{rel}","templated":true}]}}