{"id":517619,"date":"2025-11-07T06:05:15","date_gmt":"2025-11-07T06:05:15","guid":{"rendered":"https:\/\/www.europesays.com\/fr\/517619\/"},"modified":"2025-11-07T06:05:15","modified_gmt":"2025-11-07T06:05:15","slug":"ogc-nice-fribourg-un-sentiment-de-honte-le-gym-toujours-plus-ridicule-en-ligue-europa-haise-hausse-le-ton","status":"publish","type":"post","link":"https:\/\/www.europesays.com\/fr\/517619\/","title":{"rendered":"OGC Nice &#8211; Fribourg\u00a0: \u00ab\u00a0Un sentiment de honte\u00a0\u00bb\u2026 Le Gym toujours plus ridicule en Ligue Europa, Haise hausse le ton"},"content":{"rendered":"<p>C\u2019est le genre de s\u00e9rie noire qui donne envie d\u2019\u00eatre int\u00e9gralement diss\u00e9qu\u00e9e. Depuis le 16\u00a0mars 2023, et une obscure victoire (3-1) en <a href=\"https:\/\/www.20minutes.fr\/sport\/ligue-europa-conference\/\" class=\"c-link c-link--is-underlined\" target=\"_blank\" rel=\"noopener\">Ligue Conf\u00e9rence<\/a> contre les Moldaves du Sheriff Tiraspol, l\u2019<a href=\"https:\/\/www.20minutes.fr\/sport\/ogc_nice\/\" class=\"c-link c-link--is-underlined\" target=\"_blank\" rel=\"noopener\">OGC Nice<\/a> est incapable de remporter le moindre match sur la sc\u00e8ne europ\u00e9enne. Syst\u00e9matiquement qualifi\u00e9 depuis deux ans en <a href=\"https:\/\/www.20minutes.fr\/sport\/ligue_europa\/\" class=\"c-link c-link--is-underlined\" target=\"_blank\" rel=\"noopener\">Ligue Europa<\/a>, et m\u00eame en barrage de la <a href=\"https:\/\/www.20minutes.fr\/sport\/ligue_des_champions\/\" class=\"c-link c-link--is-underlined\" target=\"_blank\" rel=\"noopener\">Ligue des champions<\/a> cet \u00e9t\u00e9, le Gym y encha\u00eene les d\u00e9convenues avec une f\u00e9roce r\u00e9gularit\u00e9.<\/p>\n<p>Vous trouverez de tout dans cette liste de 12 d\u00e9faites et 4 nuls (avec -19 de goal-average sur la p\u00e9riode) lors des 16 derniers matchs\u00a0: des fiascos contre des clubs bien loin des cinq grands championnats (1-0 chez les Su\u00e9dois d\u2019Elsborg et les Hongrois de Ferencvaros), des racl\u00e9es face \u00e0 de plus grands noms (1-4 face aux Glasgow Rangers et \u00e0 la <a href=\"https:\/\/www.20minutes.fr\/dossier\/lazio_rome\" class=\"c-link c-link--is-underlined\" target=\"_blank\" rel=\"noopener\">Lazio Rome<\/a>) ou encore d\u2019implacables revers sans jamais donner l\u2019impression d\u2019y croire (les deux 0-2 devant <a href=\"https:\/\/www.20minutes.fr\/sport\/benfica\/\" class=\"c-link c-link--is-underlined\" target=\"_blank\" rel=\"noopener\">Benfica<\/a> en barrage de C1 et les trois 1-2 de C3 cette saison contre l\u2019AS Rome, Fenerbah\u00e7e et le Celta Vigo).<\/p>\n<\/p>\n<p>Le cauchemar de Melvin Bard pour ses 25 ans<\/p>\n<p>Mais on n\u2019avait pas vu venir le sc\u00e9nario de jeudi face \u00e0 Fribourg, seulement 11e de <a href=\"https:\/\/www.20minutes.fr\/sport\/bundesliga\/\" class=\"c-link c-link--is-underlined\" target=\"_blank\" rel=\"noopener\">Bundesliga<\/a> \u00e0 17 points du <a href=\"https:\/\/www.20minutes.fr\/sport\/bayern_munich\/\" class=\"c-link c-link--is-underlined\" target=\"_blank\" rel=\"noopener\">Bayern Munich<\/a>. Une entame de match plut\u00f4t sympa et ponctu\u00e9e par un joli but collectif entre Sofiane Diop, Charles Vanhoutte et Kevin Carlos (1-0, 25e). Devant au score pour la premi\u00e8re fois de la saison en Ligue Europa, les Aiglons pouvaient r\u00e9ellement entrevoir le bout du tunnel.<\/p>\n<p>Sauf que le capitaine Melvin Bard d\u00e9cidait de prolonger la f\u00eate d\u2019Halloween\u2026 le jour de son 25e anniversaire\u00a0! Un contr\u00f4le am\u00e9ricain en pleine surface intercept\u00e9 par Yuito Suzuki et conclu par Johan Manzambi (1-1, 29e) puis un penalty tout aussi b\u00eatement conc\u00e9d\u00e9 devant ce m\u00eame Suzuki (1-2, 39e), et le Gym venait d\u2019\u00eatre plomb\u00e9 par l\u2019un de ses cadres. Derry Scherhant (1-3, 42e) enfon\u00e7ait encore un peu plus une \u00e9quipe profond\u00e9ment malade\/path\u00e9tique hors de la <a href=\"https:\/\/www.20minutes.fr\/sport\/ligue-1\/\" class=\"c-link c-link--is-underlined\" target=\"_blank\" rel=\"noopener\">Ligue 1<\/a> (8e).<\/p>\n<p>Sofiane Diop valide les sifflets des supporteurs<\/p>\n<p>\u00ab\u00a0\u00c7a a \u00e9t\u00e9 un de mes pires matchs ce soir et l\u2019\u00e9quipe en a souffert, a regrett\u00e9 Melvin Bard dans la soir\u00e9e <a href=\"https:\/\/x.com\/SolamenNissa\/status\/1986544749033967878\" rel=\"nofollow\" target=\"_blank\" class=\"c-link c-link--is-underlined\">sur son compte Instagram<\/a>, avec une pens\u00e9e pour les supporteurs ni\u00e7ois. \u00c7a n\u2019\u00e9tait pas digne de vous et je tenais \u00e0 vous dire que j\u2019en prends la responsabilit\u00e9.\u00a0\u00bb Que l\u2019ancien Lyonnais se rassure, il est loin d\u2019\u00eatre le seul \u00e0 faillir d\u00e8s qu\u2019il s\u2019agit de mettre des crampons un jeudi soir. Son co\u00e9quipier Sofiane Diop, en grande forme en championnat ces derni\u00e8res semaines (6 buts), s\u2019est montr\u00e9 tranchant sur le sujet, en zone d\u2019interview, apr\u00e8s ce nouveau couac.<\/p>\n<blockquote class=\"mx-m@xs mx-xxl@md color-ultramarine c-citation\">\n<p class=\"font-weight-regular@xs text-italic font-source-serif-pro text-l@xs c-citation__content\">\u00ab\u00a0C\u2019est un sentiment de honte, clairement. On n\u2019est pas capable de montrer notre visage de la Ligue 1 en Europe, c\u2019est chiant. On reste sur une sale note, avec une stat affligeante qui nous affecte tous. Cette s\u00e9rie en cours est inadmissible. On fait vingt minutes de haut niveau et puis on prend l\u2019eau. On n\u2019est pas capable \u00e0 l\u2019heure actuelle de relever la t\u00eate quand \u00e7a va mal. On ne peut pas perdre le fil comme \u00e7a, c\u2019est honteux. Il faut se remettre la t\u00eate \u00e0 l\u2019endroit, tous se regarder en face et se remettre au travail. Les supporteurs ont raison de nous siffler. On se dit qu\u2019on veut faire la Coupe d\u2019Europe tous les ans et on n\u2019est pas capable de gagner un match.\u00a0\u00bb<\/p>\n<\/blockquote>\n<p>Le milieu offensif ni\u00e7ois a \u00e9galement confi\u00e9 aux journalistes jeudi que toute l\u2019\u00e9quipe venait de \u00ab\u00a0prendre une soufflante\u00a0\u00bb de la part de Franck Haise. Car un an et demi apr\u00e8s son arriv\u00e9e sur la C\u00f4te d\u2019Azur, l\u2019ancien entra\u00eeneur lensois incarne plus que quiconque ce d\u00e9sastreux bilan, marqu\u00e9 par une 35e place (sur 36 \u00e9quipes) lors de la premi\u00e8re phase de la Ligue Europa 2024-2025 (3 points en 8 matchs), et un classement encore identique \u00e0 mi-parcours cette saison (0 point en 4 journ\u00e9es).<\/p>\n<p>Franck Haise se l\u00e2che comme jamais devant la presse<\/p>\n<p>D\u2019ailleurs, <a href=\"https:\/\/www.20minutes.fr\/sport\/3187503-20211202-rc-lens-psg-cave-lumiere-long-parcours-franck-haise-entraineur-meconnu-sang-or\" class=\"c-link c-link--is-underlined\" target=\"_blank\" rel=\"noopener\">Franck Haise<\/a> n\u2019\u00e9tait pas vraiment redescendu dans les tours au moment de se pr\u00e9senter en conf\u00e9rence de presse. \u00ab\u00a0J\u2019en ai ras le bol de perdre des matchs, a-t-il ainsi lanc\u00e9. En Coupe d\u2019Europe, on n\u2019est pas au niveau. Depuis que je suis ici, je parle d\u2019exigence, de travail, du quotidien, de ne pas tomber chaque fois qu\u2019il y a un duel. Il faut arr\u00eater de tomber. Et quand vous commencez \u00e0 jouer, il faut continuer. Pourquoi on s\u2019arr\u00eate\u00a0? Il faut tout le temps \u00eatre \u00e0 110\u00a0%\u00a0! Ce soir, on a craqu\u00e9 en treize minutes alors qu\u2019on avait le match en main, c\u2019est pour \u00e7a que j\u2019ai autant les boules.\u00a0\u00bb<\/p>\n<p class=\"mb-xxl@xs color-ultramarine font-weight-semi-bold@xs font-source-serif-pro heading-s@xs\">L\u2019acc\u00e8s \u00e0 ce contenu a \u00e9t\u00e9 bloqu\u00e9 afin de respecter votre choix de consentement<\/p>\n<p class=\"mb-m@xs text-l@xs\">En cliquant sur\u00ab J\u2019accepte \u00bb, vous acceptez le d\u00e9p\u00f4t de cookies par des services externes et aurez ainsi acc\u00e8s aux contenus de nos partenaires.<\/p>\n<p class=\"mb-xl@xs text-s@xs\">Plus d\u2019informations sur la page<a href=\"https:\/\/www.20minutes.fr\/gestion-cookies\" class=\"mx-xxs@xs color-ultramarine\" target=\"_blank\" rel=\"noopener\">Politique de gestion des cookies<\/a><\/p>\n<p>J\u2019accepte<\/p>\n<p>Cette frustration (enfin) affich\u00e9e publiquement tranche avec ses pr\u00e9c\u00e9dents d\u00e9briefs europ\u00e9ens aussi apathiques que les prestations de ses joueurs. Et Franck Haise ne s\u2019est pas arr\u00eat\u00e9 l\u00e0 dans son envie de secouer son groupe.<\/p>\n<blockquote class=\"mx-m@xs mx-xxl@md color-ultramarine c-citation\">\n<p class=\"font-weight-regular@xs text-italic font-source-serif-pro text-l@xs c-citation__content\">\u00ab\u00a0Tant qu\u2019on n\u2019aura pas compris qu\u2019il faut faire corps tout le temps, qu\u2019il ne faut pas faire la gueule quand on est rempla\u00e7ant ou quand on sort\u2026 Laissez votre ego ! Il ne vous fera pas courir et faire de bonnes passes. Je suis un coach qui prot\u00e8ge beaucoup, mais \u00e0 un moment il faut se dire les choses. Le premier qui n\u2019est pas bon, c\u2019est moi. S\u2019il y en a un qui est meilleur, les dirigeants le prendront, je n\u2019ai pas de probl\u00e8me avec \u00e7a. Mais putain, tant que je suis l\u00e0, il faut que les mecs envoient. On n\u2019a pas les moyens de faire autre chose.\u00a0\u00bb<\/p>\n<\/blockquote>\n<p>Avec ce drastique changement d\u2019ambiance dans les coulisses de l\u2019OGC Nice, on serait presque hyp\u00e9 par son prochain match de Ligue Europa, le 27\u00a0novembre \u00e0 <a href=\"https:\/\/www.20minutes.fr\/sport\/porto\/\" class=\"c-link c-link--is-underlined\" target=\"_blank\" rel=\"noopener\">Porto<\/a>. Et \u00e7a, c\u2019est clairement une premi\u00e8re depuis le 16\u00a0mars 2023 (et m\u00eame bien avant, admettons-le).<\/p>\n","protected":false},"excerpt":{"rendered":"C\u2019est le genre de s\u00e9rie noire qui donne envie d\u2019\u00eatre int\u00e9gralement diss\u00e9qu\u00e9e. Depuis le 16\u00a0mars 2023, et une&hellip;\n","protected":false},"author":2,"featured_media":517620,"comment_status":"","ping_status":"","sticky":false,"template":"","format":"standard","meta":{"footnotes":""},"categories":[2819],"tags":[1111,11,2898,1089,1777,674,63,1011,27,66,5843,12,2401,2268,883,882,25,517],"class_list":{"0":"post-517619","1":"post","2":"type-post","3":"status-publish","4":"format-standard","5":"has-post-thumbnail","7":"category-nice","8":"tag-actu","9":"tag-actualites","10":"tag-alpes-maritimes","11":"tag-coupe-deurope","12":"tag-eu","13":"tag-europe","14":"tag-football","15":"tag-fr","16":"tag-france","17":"tag-ligue-1","18":"tag-ligue-europa","19":"tag-news","20":"tag-nice","21":"tag-ogc-nice","22":"tag-paca","23":"tag-provence-alpes-cote-dazur","24":"tag-republique-francaise","25":"tag-sport"},"share_on_mastodon":{"url":"https:\/\/pubeurope.com\/@fr\/115506913214416198","error":""},"_links":{"self":[{"href":"https:\/\/www.europesays.com\/fr\/wp-json\/wp\/v2\/posts\/517619","targetHints":{"allow":["GET"]}}],"collection":[{"href":"https:\/\/www.europesays.com\/fr\/wp-json\/wp\/v2\/posts"}],"about":[{"href":"https:\/\/www.europesays.com\/fr\/wp-json\/wp\/v2\/types\/post"}],"author":[{"embeddable":true,"href":"https:\/\/www.europesays.com\/fr\/wp-json\/wp\/v2\/users\/2"}],"replies":[{"embeddable":true,"href":"https:\/\/www.europesays.com\/fr\/wp-json\/wp\/v2\/comments?post=517619"}],"version-history":[{"count":0,"href":"https:\/\/www.europesays.com\/fr\/wp-json\/wp\/v2\/posts\/517619\/revisions"}],"wp:featuredmedia":[{"embeddable":true,"href":"https:\/\/www.europesays.com\/fr\/wp-json\/wp\/v2\/media\/517620"}],"wp:attachment":[{"href":"https:\/\/www.europesays.com\/fr\/wp-json\/wp\/v2\/media?parent=517619"}],"wp:term":[{"taxonomy":"category","embeddable":true,"href":"https:\/\/www.europesays.com\/fr\/wp-json\/wp\/v2\/categories?post=517619"},{"taxonomy":"post_tag","embeddable":true,"href":"https:\/\/www.europesays.com\/fr\/wp-json\/wp\/v2\/tags?post=517619"}],"curies":[{"name":"wp","href":"https:\/\/api.w.org\/{rel}","templated":true}]}}