{"id":517625,"date":"2025-11-07T06:08:11","date_gmt":"2025-11-07T06:08:11","guid":{"rendered":"https:\/\/www.europesays.com\/fr\/517625\/"},"modified":"2025-11-07T06:08:11","modified_gmt":"2025-11-07T06:08:11","slug":"le-concept-est-unique-a-bordeaux","status":"publish","type":"post","link":"https:\/\/www.europesays.com\/fr\/517625\/","title":{"rendered":"Le concept est unique \u00e0 Bordeaux"},"content":{"rendered":"<p>            Par<br \/>\n        <strong><br \/>\n            <a href=\"https:\/\/actu.fr\/auteur\/sports33\" title=\"Consulter tous les articles de Nicolas Gosselin\" target=\"_blank\" rel=\"noopener\">Nicolas Gosselin<\/a><br \/>\n        <\/strong><\/p>\n<p>        Publi\u00e9 le<\/p>\n<p>            7 nov. 2025 \u00e0 6h32        <\/p>\n<p>C\u2019est <strong>un buffet pas comme les autres<\/strong>. \u00c0 <a href=\"https:\/\/restoetcie.fr\/\" target=\"_blank\" rel=\"noopener\">Resto et cie<\/a>, ouvert depuis mai 2025 \u00e0 Bordeaux, on prend une assiette, on se sert parmi la douzaine de mets propos\u00e9s puis quand on a fini, <strong>on p\u00e8se son repas<\/strong> pour conna\u00eetre l\u2019addition. Ou plut\u00f4t le r\u00e9sultat d\u2019une multiplication. Trois euros par 100 grammes de nourriture. Peu importe les plats choisis. \u00ab\u00a0Le<strong> ticket moyen<\/strong> est \u00e0 <strong>13,50 euros\u00a0\u00bb,<\/strong> pr\u00e9cise le chef Nicolas Cajal, aupr\u00e8s d\u2019<a href=\"https:\/\/actu.fr\/bordeaux\/\" target=\"_blank\" rel=\"noopener\">actu Bordeaux<\/a>.<\/p>\n<p class=\" wall-content\">Avec sa compagne Magali Baillet, ils ont ouvert <strong>ce buffet au poids<\/strong> au sein de la Manuco, apr\u00e8s <a href=\"https:\/\/actu.fr\/nouvelle-aquitaine\/bordeaux_33063\/apres-avoir-connu-le-succes-pendant-deux-ans-le-restaurant-marie-curry-quitte-le-centre-de-bordeaux_62372128.html\" target=\"_blank\" rel=\"noopener\">le d\u00e9m\u00e9nagement de Marie Curry vers l\u2019Atelier des Citernes<\/a>. Depuis 2021, le couple avait d\u00e9j\u00e0 <strong>d\u00e9velopp\u00e9 ce concept<\/strong> avec un certain succ\u00e8s dans un autre tiers-lieu, <a href=\"https:\/\/restoetcie.fr\/\" target=\"_blank\" rel=\"noopener\">le Chapit\u00d4<\/a>, situ\u00e9 dans le quartier Terres Neuves \u00e0 B\u00e8gles.<\/p>\n<p>Plus de 20 euros pour les gros mangeurs<\/p>\n<p class=\" wall-content\">Dans le quartier Saint-Michel \u00e0 Bordeaux, les g\u00e9rants de Resto et cie appliquent donc la m\u00eame recette. Ouvert tous les midis de la semaine, le restaurant attire principalement les travailleurs du secteur avec sa formule qui permet de <strong>manger bien, vite et pas cher<\/strong>.<\/p>\n<blockquote class=\"tiktok-embed\" cite=\"https:\/\/www.tiktok.com\/@actubordeaux\/video\/7569647886166904086\" data-video-id=\"7569647886166904086\" data-embed-from=\"oembed\" style=\"max-width:605px; min-width:325px;\"><p>\n<a target=\"_blank\" title=\"@actubordeaux\" href=\"https:\/\/www.tiktok.com\/@actubordeaux?refer=embed\" rel=\"noopener\">@actubordeaux<\/a> <\/p>\n<p>Ouvert depuis mai 2025 \u00e0 Bordeaux, Resto et cie propose un concept original : un buffet au poids. On vous explique \ud83c\udf7d <a title=\"actubordeaux\" target=\"_blank\" href=\"https:\/\/www.tiktok.com\/tag\/actubordeaux?refer=embed\" rel=\"noopener\">#actubordeaux<\/a> <a title=\"bordeaux\" target=\"_blank\" href=\"https:\/\/www.tiktok.com\/tag\/bordeaux?refer=embed\" rel=\"noopener\">#bordeaux<\/a> <a title=\"foodtok\" target=\"_blank\" href=\"https:\/\/www.tiktok.com\/tag\/foodtok?refer=embed\" rel=\"noopener\">#foodtok<\/a> <a title=\"restaurant\" target=\"_blank\" href=\"https:\/\/www.tiktok.com\/tag\/restaurant?refer=embed\" rel=\"noopener\">#restaurant<\/a> <a title=\"foru\" target=\"_blank\" href=\"https:\/\/www.tiktok.com\/tag\/foru?refer=embed\" rel=\"noopener\">#foru<\/a> <\/p>\n<p> <a target=\"_blank\" title=\"\u266c son original - Actu Bordeaux\" href=\"https:\/\/www.tiktok.com\/music\/son-original-7569647881167850262?refer=embed\" rel=\"noopener\">\u266c son original \u2013 Actu Bordeaux<\/a> <\/p>\n<\/blockquote>\n<p class=\" wall-content\">Enfin, \u00e7a d\u00e9pend de son app\u00e9tit\u2026 Un petit mangeur en aura pour 10-12 euros certes, mais les gourmands auront du mal \u00e0 s\u2019en tirer pour moins de 20 euros, pour l\u2019avoir exp\u00e9riment\u00e9. En fait, l\u2019adresse fait plut\u00f4t office de <strong>cantine de quartier<\/strong>, pour les riverains et travailleurs du secteur. On y vient pour s\u2019offrir un <strong>repas sain et \u00e9quilibr\u00e9<\/strong> plut\u00f4t que pour se repa\u00eetre comme dans <a href=\"https:\/\/actu.fr\/nouvelle-aquitaine\/bordeaux_33063\/avec-son-offre-a-19-euros-le-plus-grand-buffet-a-volonte-de-bordeaux-tient-il-vraiment-ses-promesses_63346977.html\" target=\"_blank\" rel=\"noopener\">un buffet \u00e0 volont\u00e9 classique<\/a>. Sinon, la note risque d\u2019\u00eatre sal\u00e9e.<\/p>\n<p class=\" wall-content\">\u00ab\u00a0Les plats changent tous les jours. On s\u2019adapte \u00e0 ce que nous proposent les producteurs avec qui on travaille, car on cuisine que des <strong>produits de saison et locaux<\/strong> dont une bonne partie en bio\u00a0\u00bb, explique Nicolas Cajal, qui a \u00e9t\u00e9 chef du Relais des Champs \u00e0 Eug\u00e9nie-les-Bains (Landes) pendant sept ans, avant de se lancer \u00e0 son compte.<\/p>\n<p>Un concept venu du Br\u00e9sil<\/p>\n<p class=\" wall-content\">Tortilla poivrons, potimarron et feta, fregola sarda et cr\u00e8me de shitak\u00e9 ou brandade de thon et poireaux sont des exemples de ce qu\u2019on peut trouver au buffet. \u00ab\u00a0Les gens sont sensibles au bien manger et ils sont<strong> curieux de d\u00e9couvrir de nouvelles saveurs<\/strong> mais ils aiment bien voir ce qu\u2019ils vont manger\u00a0\u00bb, pointe le restaurateur, qui rappelle qu\u2019il propose des options v\u00e9g\u00e9tariennes, avec viande et avec poisson tous les midis.<\/p>\n<p>    <img   decoding=\"async\" loading=\"lazy\" src=\"https:\/\/www.europesays.com\/fr\/wp-content\/uploads\/2025\/11\/restocie-960x640.jpg\" alt=\"Magali Baillet et Nicolas Cajal ont ouvert Resto et cie.\" width=\"960\" height=\"640\"\/><br \/>\n    Magali Baillet et Nicolas Cajal ont ouvert Resto et cie. (\u00a9Actu Bordeaux \/ Nicolas Gosselin)<\/p>\n<p>Votre r\u00e9gion, votre actu !<\/p>\n<p>Recevez chaque jour les infos qui comptent pour vous.<\/p>\n<p>\t<a href=\"https:\/\/actu.fr\/newsletter\" class=\"ac-btn ac-btn--corner ac-btn--medium ac-btn--blue800\" target=\"_blank\" rel=\"noopener\">S&rsquo;incrire<\/a><\/p>\n<p class=\" wall-content\">Venu tout droit du Br\u00e9sil et <strong>peu r\u00e9pandu en France<\/strong>, voire \u00ab\u00a0unique \u00e0 Bordeaux\u00a0\u00bb selon Magali Baillet, ce concept de buffet au poids a donc plusieurs attraits. \u00ab\u00a0Il y en a pour tous les budgets, tous les app\u00e9tits et pour tous les r\u00e9gimes alimentaires\u00a0\u00bb, assure la g\u00e9rante. Et m\u00eame si la rue de Causserouge est peu passante, Resto et cie a d\u00e9j\u00e0 trouv\u00e9 son public. \u00ab\u00a0On est content du lieu et des retours. On a<strong> fid\u00e9lis\u00e9 une client\u00e8le\u00a0\u00bb<\/strong>, savoure-t-elle.<\/p>\n<p class=\" wall-content\">Personnalisez votre actualit\u00e9 en ajoutant vos villes et m\u00e9dias en favori avec <a href=\"https:\/\/moncompte.actu.fr\" title=\"D\u00e9couvez Mon Actu\" rel=\"nofollow noopener\" data-trk=\"{&quot;cta&quot;:{&quot;action&quot;:&quot;https:\\\/\\\/moncompte.actu.fr&quot;,&quot;category&quot;:&quot;mon compte&quot;,&quot;from&quot;:&quot;article footer&quot;,&quot;name&quot;:&quot;Mon actu&quot;,&quot;type&quot;:&quot;cta&quot;}}\" target=\"_blank\">Mon Actu<\/a>.<\/p>\n<p>                    <script async src=\"\/\/www.tiktok.com\/embed.js\"><\/script><\/p>\n","protected":false},"excerpt":{"rendered":"Par Nicolas Gosselin Publi\u00e9 le 7 nov. 2025 \u00e0 6h32 C\u2019est un buffet pas comme les autres. \u00c0&hellip;\n","protected":false},"author":2,"featured_media":517626,"comment_status":"","ping_status":"","sticky":false,"template":"","format":"standard","meta":{"footnotes":""},"categories":[2817],"tags":[1111,11,1997,902,1777,674,1011,27,1661,12,2219,25,1340,104],"class_list":{"0":"post-517625","1":"post","2":"type-post","3":"status-publish","4":"format-standard","5":"has-post-thumbnail","7":"category-bordeaux","8":"tag-actu","9":"tag-actualites","10":"tag-bordeaux","11":"tag-cuisine","12":"tag-eu","13":"tag-europe","14":"tag-fr","15":"tag-france","16":"tag-gastronomie","17":"tag-news","18":"tag-nouvelle-aquitaine","19":"tag-republique-francaise","20":"tag-restaurant","21":"tag-societe"},"share_on_mastodon":{"url":"https:\/\/pubeurope.com\/@fr\/115506925587425752","error":""},"_links":{"self":[{"href":"https:\/\/www.europesays.com\/fr\/wp-json\/wp\/v2\/posts\/517625","targetHints":{"allow":["GET"]}}],"collection":[{"href":"https:\/\/www.europesays.com\/fr\/wp-json\/wp\/v2\/posts"}],"about":[{"href":"https:\/\/www.europesays.com\/fr\/wp-json\/wp\/v2\/types\/post"}],"author":[{"embeddable":true,"href":"https:\/\/www.europesays.com\/fr\/wp-json\/wp\/v2\/users\/2"}],"replies":[{"embeddable":true,"href":"https:\/\/www.europesays.com\/fr\/wp-json\/wp\/v2\/comments?post=517625"}],"version-history":[{"count":0,"href":"https:\/\/www.europesays.com\/fr\/wp-json\/wp\/v2\/posts\/517625\/revisions"}],"wp:featuredmedia":[{"embeddable":true,"href":"https:\/\/www.europesays.com\/fr\/wp-json\/wp\/v2\/media\/517626"}],"wp:attachment":[{"href":"https:\/\/www.europesays.com\/fr\/wp-json\/wp\/v2\/media?parent=517625"}],"wp:term":[{"taxonomy":"category","embeddable":true,"href":"https:\/\/www.europesays.com\/fr\/wp-json\/wp\/v2\/categories?post=517625"},{"taxonomy":"post_tag","embeddable":true,"href":"https:\/\/www.europesays.com\/fr\/wp-json\/wp\/v2\/tags?post=517625"}],"curies":[{"name":"wp","href":"https:\/\/api.w.org\/{rel}","templated":true}]}}