{"id":517633,"date":"2025-11-07T06:12:13","date_gmt":"2025-11-07T06:12:13","guid":{"rendered":"https:\/\/www.europesays.com\/fr\/517633\/"},"modified":"2025-11-07T06:12:13","modified_gmt":"2025-11-07T06:12:13","slug":"au-kiabi-village-enfants-handicapes-et-seniors-ont-joue-les-mannequins-pour-la-collection-so-easy","status":"publish","type":"post","link":"https:\/\/www.europesays.com\/fr\/517633\/","title":{"rendered":"Au Kiabi Village, enfants handicap\u00e9s et seniors ont jou\u00e9 les mannequins pour la collection \u00ab\u00a0So Easy\u00a0\u00bb"},"content":{"rendered":"<p>            Par<br \/>\n        <strong><br \/>\n            <a href=\"https:\/\/actu.fr\/auteur\/annesophie-2\" title=\"Consulter tous les articles de Anne-Sophie Hourdeaux\" target=\"_blank\" rel=\"noopener\">Anne-Sophie Hourdeaux<\/a><br \/>\n        <\/strong><\/p>\n<p>        Publi\u00e9 le<\/p>\n<p>            7 nov. 2025 \u00e0 6h34        <\/p>\n<p>Ils s\u2019appellent L\u00e9o, Ol\u00e9\u00efa, Nicole, Tom ou Flavien. Ils ont de 6 \u00e0 70 ans, et ont \u00e9t\u00e9 les <b>mannequins<\/b> d\u2019un jour au sein du gigantesque <b>Kiabi Village <\/b>de <a href=\"https:\/\/actu.fr\/hauts-de-france\/lezennes_59346\" target=\"_blank\" rel=\"noopener\">Lezennes<\/a>,<b> <\/b>pr\u00e8s de <a href=\"https:\/\/actu.fr\/hauts-de-france\/lille_59350\" target=\"_blank\" rel=\"noopener\">Lille<\/a> (Nord). Ils ont pr\u00e9sent\u00e9 les nouveaux articles de la collection \u00ab\u2009So easy\u2009\u00bb, propos\u00e9e par le g\u00e9ant du pr\u00eat-\u00e0-porter nordiste depuis 8 ans. Sa particularit\u00e9\u2009: des <b>v\u00eatements faciles \u00e0 enfiler, pour une mode inclusive<\/b> pour tous les publics, des enfants en situation de <a href=\"https:\/\/actu.fr\/hauts-de-france\/lille_59350\/se-garer-sur-une-place-pour-handicapes-peut-couter-tres-cher-a-lille-ces-contrevenants-peuvent-en-temoigner_63242237.html\" target=\"_blank\" rel=\"noopener\">handicap<\/a>, jusqu\u2019aux seniors. Il fallait voir les sourires lors du <b>d\u00e9fil\u00e9 de mode<\/b>\u2009! Et \u00e7a tombe bien, nous y \u00e9tions\u2026 Revivez les passages des stars du podium !<\/p>\n<p>\u00ab\u00a0Nos jeunes ont une place dans la soci\u00e9t\u00e9, qu\u2019ils sont capables de faire des choses\u00a0\u00bb<\/p>\n<p class=\" wall-content\">Mais quel \u00e9tait cet attroupement dans le grand hall du nouveau Kiabi Village de Lezennes ce mercredi 5 novembre 2025\u2009? C\u2019\u00e9tait un d\u00e9fil\u00e9 de mode\u2009! Douze mannequins, de tous les \u00e2ges, enfants, ados, jeunes adultes et seniors, ont d\u00e9fil\u00e9 en musique avec les habits de la marque nordiste. Et pas n\u2019importe quels v\u00eatements\u2009: ceux de la collection \u00ab\u2009So easy\u2009\u00bb, pour \u00ab\u2009Facile \u00e0 enfiler\u2009\u00bb.<\/p>\n<p>    <img   decoding=\"async\" loading=\"lazy\" class=\"size-large\" src=\"https:\/\/www.europesays.com\/fr\/wp-content\/uploads\/2025\/11\/5a9baaee8b0965e9baaee8b0932abav-960x640.jpeg\" alt=\"d\u00e9fil\u00e9 mode inclusive Kiabi Village Lezennes\" width=\"960\" height=\"640\"\/><br \/>\n    La petite Ole\u00efa et Yvette ont d\u00e9fil\u00e9 au Kiabi Village \u00e0 Lezennes avec la collection inclusive de la marque nordiste. \u00a9Anne-Sophie Hourdeaux\/Croix du Nord<\/p>\n<p class=\" wall-content\">Les mannequins \u00e9taient des personnes en situation de handicap physique et des seniors.<\/p>\n<p class=\" wall-content\">Marc est l\u2019un des salari\u00e9s de Kiabi. Les doyennes Yvette et Nicole r\u00e9sident \u00e0 l\u2019Ehpad Ritournelle de Villeneuve-d\u2019Ascq. D\u2019autres sont enfants de salari\u00e9s, ou membres des Papillons blancs, \u00e0 Marcq-en-Bar\u0153ul.<\/p>\n<p class=\" wall-content\">La famille de L\u00e9o, 13 ans, \u00e9tait l\u00e0 pour le soutenir. C\u2019est le 2e d\u00e9fil\u00e9 avec Kiabi pour l\u2019adolescent. Le premier, c\u2019\u00e9tait l\u2019ann\u00e9e derni\u00e8re au sein de son IEM, Christian Dabbadie \u00e0 Villeneuve-d\u2019Ascq. Il a d\u00e9fil\u00e9 avec le sourire, et les bras lev\u00e9s en signe de victoire.<\/p>\n<blockquote class=\"ac-article-quote wall-content\">\n<p>On a eu des frissons\u2009! Cela montre que nos jeunes ont une place dans la soci\u00e9t\u00e9, qu\u2019ils sont capables de faire des choses.<\/p>\n<p>Papa de L\u00e9o<\/p><\/blockquote>\n<p>Votre r\u00e9gion, votre actu !<\/p>\n<p>Recevez chaque jour les infos qui comptent pour vous.<\/p>\n<p>\t<a href=\"https:\/\/actu.fr\/newsletter\" class=\"ac-btn ac-btn--corner ac-btn--medium ac-btn--blue800\" target=\"_blank\" rel=\"noopener\">S&rsquo;incrire<\/a><\/p>\n<p class=\" wall-content\">Des pressions, des boutons aimant\u00e9s, des scratchs, de larges fermetures \u00e9clair, des cols \u00e9lastiqu\u00e9s\u2009: la collection \u00ab\u2009So easy\u2009\u00bb veut faciliter la vie des plus fragiles et de leurs accompagnants.<\/p>\n<p class=\" wall-content\">\u00ab\u2009Quand on est en fauteuil roulant, avec un handicap, avec un pied dans le pl\u00e2tre ou \u00e2g\u00e9, on a besoin d\u2019habits faciles \u00e0 enfiler, et styl\u00e9s\u2009!\u2009\u00bb, r\u00e9sume Emilie Gallard, leader marketing de l\u2019offre chez Kiabi.<\/p>\n<p>    <img   decoding=\"async\" loading=\"lazy\" class=\"size-large\" src=\"https:\/\/www.europesays.com\/fr\/wp-content\/uploads\/2025\/11\/a3d5aaee8b096b7d5aaee8b099bd5av-960x640.jpeg\" alt=\"d\u00e9fil\u00e9 mode inclusive Kiabi Village Lezennes\" width=\"960\" height=\"640\"\/><br \/>\n    Pour la premi\u00e8re fois, le Kiabi Village \u00e0 Lezennes\u00a0a organis\u00e9 un d\u00e9fil\u00e9 de mode avec des personnes porteuses de handicap et des seniors. \u00a9Anne-Sophie Hourdeaux\/Croix du Nord\u00ab\u00a0On ne veut pas \u00eatre mis \u00e0 part, on veut \u00eatre comme nos copains\u00a0\u00bb<\/p>\n<p class=\" wall-content\">C\u00f4t\u00e9 technique, les v\u00eatements pr\u00e9sentent une vraie recherche de qualit\u00e9, tant esth\u00e9tique que pratique. Pour exemple, les boutons sont cousus sur des aimants. \u00ab\u2009Et regardez ce tee-shirt, il n\u2019a pas de sens, sans endroit ni envers. Donc pas de stress \u00e0 l\u2019enfilage\u2009! Et ce manteau avec ces 2 grandes fermetures \u00e9clair sous les bras\u2009: quand on est en fauteuil, cela \u00e9vite de se contorsionner\u2026\u2009\u00bb<\/p>\n<p class=\" wall-content\">La facilit\u00e9 d\u2019enfilage pr\u00e9sente un autre int\u00e9r\u00eat\u2009: \u00ab\u2009Cela favorise l\u2019autonomie, c\u2019est important\u2009\u00bb, ajoute Emilie Gallard. Mais le c\u00f4t\u00e9 pratique n\u2019est pas le seul crit\u00e8re de la collection, pr\u00e9cise-t-elle :<\/p>\n<blockquote class=\"ac-article-quote wall-content\">\n<p>Les jeunes nous ont dit\u2009: \u00ab\u00a0On ne veut pas \u00eatre mis \u00e0 part, on veut \u00eatre comme nos copains.\u00a0\u00bb Cela passe par des habits \u00e0 la mode. Certains de la collection\u2009So easy sont exactement les m\u00eames que notre collection classique, avec juste les pressions \u00e0 la place des boutons. D\u2019autres portent des personnages de dessins anim\u00e9s, Stitch, Marvel, Mickey. Car les enfants les adorent\u2009!<\/p>\n<\/blockquote>\n<p class=\" wall-content\">Car chaque ann\u00e9e, la collection est pens\u00e9e avec des partenaires, dont l\u2019IEM Christian Dabbadie de Villeneuve-d\u2019Ascq. Nancy Lepers, \u00e9ducatrice dans cette structure, est enthousiaste. \u00ab\u2009Kiabi est \u00e0 notre \u00e9coute, on nous demande notre avis pour am\u00e9liorer les v\u00eatements\u2009! Cette collection est pratique et surtout pas ch\u00e8re, c\u2019est important pour les familles. Et pour ceux qui d\u00e9filent, cela leur donne confiance en eux\u2009!\u2009\u00bb<\/p>\n<p class=\" wall-content\">Chaque mannequin du d\u00e9fil\u00e9 est reparti avec sa tenue. Et des \u00e9toiles plein les yeux\u2009!<\/p>\n<p>Tous les mineurs qui ont d\u00e9fil\u00e9 sont pass\u00e9s par une agence professionnelle de casting.<\/p>\n<p class=\" wall-content\">Personnalisez votre actualit\u00e9 en ajoutant vos villes et m\u00e9dias en favori avec <a href=\"https:\/\/moncompte.actu.fr\" title=\"D\u00e9couvez Mon Actu\" rel=\"nofollow noopener\" data-trk=\"{&quot;cta&quot;:{&quot;action&quot;:&quot;https:\\\/\\\/moncompte.actu.fr&quot;,&quot;category&quot;:&quot;mon compte&quot;,&quot;from&quot;:&quot;article footer&quot;,&quot;name&quot;:&quot;Mon actu&quot;,&quot;type&quot;:&quot;cta&quot;}}\" target=\"_blank\">Mon Actu<\/a>.<\/p>\n","protected":false},"excerpt":{"rendered":"Par Anne-Sophie Hourdeaux Publi\u00e9 le 7 nov. 2025 \u00e0 6h34 Ils s\u2019appellent L\u00e9o, Ol\u00e9\u00efa, Nicole, Tom ou Flavien.&hellip;\n","protected":false},"author":2,"featured_media":517634,"comment_status":"","ping_status":"","sticky":false,"template":"","format":"standard","meta":{"footnotes":""},"categories":[2815],"tags":[1111,11,1777,674,1011,27,1943,811,1307,12,25,104,2422],"class_list":{"0":"post-517633","1":"post","2":"type-post","3":"status-publish","4":"format-standard","5":"has-post-thumbnail","7":"category-lille","8":"tag-actu","9":"tag-actualites","10":"tag-eu","11":"tag-europe","12":"tag-fr","13":"tag-france","14":"tag-handicap","15":"tag-hauts-de-france","16":"tag-lille","17":"tag-news","18":"tag-republique-francaise","19":"tag-societe","20":"tag-textile"},"share_on_mastodon":{"url":"https:\/\/pubeurope.com\/@fr\/115506941324580052","error":""},"_links":{"self":[{"href":"https:\/\/www.europesays.com\/fr\/wp-json\/wp\/v2\/posts\/517633","targetHints":{"allow":["GET"]}}],"collection":[{"href":"https:\/\/www.europesays.com\/fr\/wp-json\/wp\/v2\/posts"}],"about":[{"href":"https:\/\/www.europesays.com\/fr\/wp-json\/wp\/v2\/types\/post"}],"author":[{"embeddable":true,"href":"https:\/\/www.europesays.com\/fr\/wp-json\/wp\/v2\/users\/2"}],"replies":[{"embeddable":true,"href":"https:\/\/www.europesays.com\/fr\/wp-json\/wp\/v2\/comments?post=517633"}],"version-history":[{"count":0,"href":"https:\/\/www.europesays.com\/fr\/wp-json\/wp\/v2\/posts\/517633\/revisions"}],"wp:featuredmedia":[{"embeddable":true,"href":"https:\/\/www.europesays.com\/fr\/wp-json\/wp\/v2\/media\/517634"}],"wp:attachment":[{"href":"https:\/\/www.europesays.com\/fr\/wp-json\/wp\/v2\/media?parent=517633"}],"wp:term":[{"taxonomy":"category","embeddable":true,"href":"https:\/\/www.europesays.com\/fr\/wp-json\/wp\/v2\/categories?post=517633"},{"taxonomy":"post_tag","embeddable":true,"href":"https:\/\/www.europesays.com\/fr\/wp-json\/wp\/v2\/tags?post=517633"}],"curies":[{"name":"wp","href":"https:\/\/api.w.org\/{rel}","templated":true}]}}