{"id":517639,"date":"2025-11-07T06:15:12","date_gmt":"2025-11-07T06:15:12","guid":{"rendered":"https:\/\/www.europesays.com\/fr\/517639\/"},"modified":"2025-11-07T06:15:12","modified_gmt":"2025-11-07T06:15:12","slug":"a-marseille-les-habitants-dun-quartier-scinde-en-deux-par-un-portail-se-revoltent-contre-ce-mur-de-berlin","status":"publish","type":"post","link":"https:\/\/www.europesays.com\/fr\/517639\/","title":{"rendered":"\u00c0 Marseille, les habitants d\u2019un quartier scind\u00e9 en deux par un portail se r\u00e9voltent contre ce \u00abmur de Berlin\u00bb"},"content":{"rendered":"<p>\n    Les riverains des Chutes-Lavie ont \u00e9t\u00e9 re\u00e7us par le bailleur social de la cit\u00e9 pour demander la r\u00e9ouverture du portail. La barri\u00e8re avait \u00e9t\u00e9 soud\u00e9e en 2019 sur demande des propri\u00e9taires qui souhaitaient lutter contre les incivilit\u00e9s.<\/p>\n<p class=\"fig-paragraph\">C\u2019est un obstacle qui tend les habitants de tout un quartier, d\u00e9termin\u00e9s \u00e0 retrouver le chemin de la libert\u00e9 de circulation. Voil\u00e0 plus de six ans que les riverains des Chutes-Lavie se battent pour tenter de faire tomber\u00a0<a href=\"http:\/\/www.lefigaro.fr\/marseille\/a-marseille-un-quartier-scinde-en-deux-a-cause-d-un-portail-installe-dans-une-cite-20251015\" data-fig-type=\"NewsFlash\" data-gtm-custom-categorie=\"navigation\" data-gtm-custom-action=\"crossclick\" data-gtm-custom-label=\"Contextuel\" data-gtm-event=\"customEventSPE\" data-fig-domain=\"LEFIGARO\" target=\"_blank\" rel=\"noopener\">une barri\u00e8re install\u00e9e \u00e0 l\u2019entr\u00e9e d\u2019une cit\u00e9<\/a>\u00a0par une quarantaine de propri\u00e9taires. Un combat qui se heurte \u00e0 un mur malgr\u00e9 une forte mobilisation.<\/p>\n<p class=\"fig-paragraph\">En 2019, la cit\u00e9 dite des Jardins des Chutes Lavie avait ferm\u00e9 ses portes sur demande de ses habitants, d\u2019anciens locataires devenus propri\u00e9taires de leurs logements apr\u00e8s la vente de nombreux biens immobiliers par leur bailleur social. \u00abLe portail a \u00e9t\u00e9 pos\u00e9 en 2010, suite \u00e0 des probl\u00e8mes de stationnement. Les gens se garaient dans notre rue et rentraient ensuite tranquillement chez eux\u00bb, rembobine Lucien Fayolle, arriv\u00e9 dans le 4e arrondissement de Marseille en 1994 et propri\u00e9taire depuis 2014.<\/p>\n<p>                                    <a class=\"fig-a11y-skip a11y-hidden\" href=\"#fig-a11y-skip-main-inarticle\"><br \/>\n        Passer la publicit\u00e9<br \/>\n    <\/a><\/p>\n<p class=\"fig-paragraph\">\u00ab\u00c0 cela s\u2019ajoutaient les d\u00e9jections canines, les probl\u00e8mes de squat ainsi que des\u00a0<a href=\"http:\/\/www.lefigaro.fr\/marseille\/marseille-un-couple-de-bijoutiers-a-la-retraite-victime-d-un-violent-cambriolage-de-plus-de-500-000-euros-20251029\" data-fig-type=\"NewsFlash\" data-gtm-custom-categorie=\"navigation\" data-gtm-custom-action=\"crossclick\" data-gtm-custom-label=\"Contextuel\" data-gtm-event=\"customEventSPE\" data-fig-domain=\"LEFIGARO\" target=\"_blank\" rel=\"noopener\">cambriolages<\/a> \u00a0ou des vols. On a essay\u00e9 de limiter l\u2019acc\u00e8s \u00e0 autrui via ce portail. Pendant neuf ans, il a \u00e9t\u00e9 d\u00e9grad\u00e9 et vandalis\u00e9. On en a eu marre de payer les r\u00e9parations et nous l\u2019avons fait verrouiller au terme d\u2019une assembl\u00e9e g\u00e9n\u00e9rale volontaire\u00bb, poursuit le sexag\u00e9naire, qui assure que la fermeture a \u00e9t\u00e9 vot\u00e9e \u00ab\u00e0 la majorit\u00e9\u00bb.<\/p>\n<p>R\u00e9union avec les locataires<\/p>\n<p class=\"fig-paragraph\">Une d\u00e9cision contest\u00e9e par de nombreux locataires et riverains des Chutes-Lavies, contraints de r\u00e9aliser de longs d\u00e9tours pour traverser leur quartier et acc\u00e9der \u00e0 certains commerces ou \u00e9quipements municipaux. \u00abCe portail s\u00e9pare tout un quartier. Il y a toute une partie qui n\u2019a plus acc\u00e8s aux commer\u00e7ants et aux structures publiques comme le jardin ou le centre municipal d\u2019animation\u00bb, assure Didier Jau, maire \u00e9cologiste des 4e et 5e arrondissements de Marseille qui soutient les riverains en col\u00e8re.<\/p>\n<p class=\"fig-paragraph\">Rassembl\u00e9s autour d\u2019un collectif, ces derniers ont entam\u00e9 un mouvement de protestation pour faire tomber la barri\u00e8re et retrouver leur ancienne vie de quartier. Une p\u00e9tition a recueilli plus de 500 signatures, et le collectif vient m\u00eame d\u2019\u00eatre re\u00e7u par la pr\u00e9sidente du bailleur social Provence M\u00e9tropole Logement (PML, ex-Habitat Marseille Provence) Solange Biaggi. Contact\u00e9e par Le Figaro, l\u2019\u00e9lue n\u2019a pas souhait\u00e9 r\u00e9pondre \u00e0 nos questions.<\/p>\n<p class=\"fig-paragraph\">\u00abD\u00e8s les premi\u00e8res minutes, nous avons compris que nos arguments seraient \u00e9cout\u00e9s, mais pas entendus. Nous avons rappel\u00e9 que le seul acc\u00e8s restant, par le boulevard Guigou, est dangereux et trop long, notamment pour les personnes \u00e2g\u00e9es, les parents avec poussettes et les enfants. La r\u00e9ponse re\u00e7ue a \u00e9t\u00e9 gla\u00e7ante\u00a0: \u201cOui, c\u2019est le seul acc\u00e8s, il faut l\u2019emprunter. Et sinon, il y a d\u2019autres parcs \u00e0 Marseille.\u201d Une phrase difficile \u00e0 accepter lorsqu\u2019il s\u2019agit d\u2019un parc public, entretenu avec 88.000 euros d\u2019argent public en 2023, situ\u00e9 au c\u0153ur m\u00eame de la Cit\u00e9\u00bb.<\/p>\n<p>    Le portail est verrouill\u00e9 depuis 2019.<br \/>\n                Collection personnelle<\/p>\n<p class=\"fig-paragraph\">D\u2019apr\u00e8s le collectif des Chutes-Lavie, la fermeture du passage qui traverse la cit\u00e9 a \u00e9t\u00e9 engag\u00e9e \u00absans concertation avec la mairie, ni les habitants\u00bb. \u00abNous avons \u00e9galement signal\u00e9 que les locataires n\u2019avaient jamais \u00e9t\u00e9 consult\u00e9s avant ces fermetures. Nous avons par ailleurs soulev\u00e9 des doutes sur la r\u00e9gularit\u00e9 de certains proc\u00e8s-verbaux d\u2019assembl\u00e9es g\u00e9n\u00e9rales, notamment sur le mode de calcul des majorit\u00e9s et la forme juridique employ\u00e9e\u00bb, indique le collectif dans un communiqu\u00e9, qui dit avoir vu certains de ses arguments \u00eatre \u00abbalay\u00e9s\u00bb par la direction de PML.<\/p>\n<p>                                    <a class=\"fig-a11y-skip a11y-hidden\" href=\"#fig-a11y-skip-main-inarticle_mtf\"><br \/>\n        Passer la publicit\u00e9<br \/>\n    <\/a><\/p>\n<p class=\"fig-paragraph\">De quoi provoquer la col\u00e8re de nombreux locataires, qui en appellent d\u00e9sormais au maire de Marseille pour faire d\u00e9bloquer la situation. \u00abNous demandons que la Ville de Marseille, propri\u00e9taire des espaces publics situ\u00e9s dans la Cit\u00e9, soit entendue dans ce dossier\u00bb. De son c\u00f4t\u00e9, Solange Biaggi aurait indiqu\u00e9 aux riverains qu\u2019elle reprendrait contact avec eux dans un d\u00e9lai de quinze jours, \u00able temps de v\u00e9rifier juridiquement la situation\u00bb.<\/p>\n<blockquote class=\"fig-quote&#10;    \">\n<p class=\"fig-quote__text\">On est dans notre bon droit, nous sommes une copropri\u00e9t\u00e9 priv\u00e9e et nous disposons de voies priv\u00e9es que nous payons, entretenons et r\u00e9parons<\/p>\n<p>            Lucien Fayolle, propri\u00e9taire aux Chutes-Lavie\n    <\/p><\/blockquote>\n<p class=\"fig-paragraph\">\u00abNous ne souhaitons pas emp\u00eacher les gens de venir, il reste une entr\u00e9e en haut de la cit\u00e9. On est dans notre bon droit, nous sommes une copropri\u00e9t\u00e9 priv\u00e9e et nous disposons de voies priv\u00e9es que nous payons, entretenons et r\u00e9parons. On a \u00e9mis ce projet et cela a \u00e9t\u00e9 vot\u00e9 \u00e0 la majorit\u00e9\u00bb, temp\u00e8re Lucien Fayolle, qui a aussi \u00e9t\u00e9 re\u00e7u par PML. \u00abOn paye un agent d\u2019entretien qui fait le nettoyage ainsi qu\u2019un jardinier. Ce n\u2019est pas la ville qui fait \u00e7a. C\u2019est une voie priv\u00e9e\u00bb, mart\u00e8le le propri\u00e9taire.<\/p>\n<p class=\"fig-paragraph\">\u00abLa fermeture a \u00e9t\u00e9 r\u00e9alis\u00e9e dans le cadre d\u2019une AG l\u00e9gale. Les propri\u00e9taires et Habitat Marseille Provence, qui poss\u00e8de une majorit\u00e9 des voix, ont vot\u00e9 la fermeture\u00bb, confirme une source proche du dossier, comparant avec une pointe d\u2019ironie la barri\u00e8re au \u00abmur de Berlin\u00bb. La situation, en r\u00e9alit\u00e9 tr\u00e8s politique, fait subtilement s\u2019opposer les collectivit\u00e9s territoriales phoc\u00e9ennes dans un bras de fer incluant ses propres administr\u00e9s. \u00abEst-ce que la libre circulation en ville est une affaire politique\u00a0? En partie, mais c\u2019est aussi un choix politique d\u2019avoir une ville o\u00f9 on peut circuler\u00bb, explique Didier Jau.<\/p>\n","protected":false},"excerpt":{"rendered":"Les riverains des Chutes-Lavie ont \u00e9t\u00e9 re\u00e7us par le bailleur social de la cit\u00e9 pour demander la r\u00e9ouverture&hellip;\n","protected":false},"author":2,"featured_media":517640,"comment_status":"","ping_status":"","sticky":false,"template":"","format":"standard","meta":{"footnotes":""},"categories":[2814],"tags":[1111,11,215,1777,674,1011,27,884,12,882,5116,25,656],"class_list":{"0":"post-517639","1":"post","2":"type-post","3":"status-publish","4":"format-standard","5":"has-post-thumbnail","7":"category-marseille","8":"tag-actu","9":"tag-actualites","10":"tag-commerce","11":"tag-eu","12":"tag-europe","13":"tag-fr","14":"tag-france","15":"tag-marseille","16":"tag-news","17":"tag-provence-alpes-cote-dazur","18":"tag-quartiers","19":"tag-republique-francaise","20":"tag-securite"},"share_on_mastodon":{"url":"https:\/\/pubeurope.com\/@fr\/115506952542397543","error":""},"_links":{"self":[{"href":"https:\/\/www.europesays.com\/fr\/wp-json\/wp\/v2\/posts\/517639","targetHints":{"allow":["GET"]}}],"collection":[{"href":"https:\/\/www.europesays.com\/fr\/wp-json\/wp\/v2\/posts"}],"about":[{"href":"https:\/\/www.europesays.com\/fr\/wp-json\/wp\/v2\/types\/post"}],"author":[{"embeddable":true,"href":"https:\/\/www.europesays.com\/fr\/wp-json\/wp\/v2\/users\/2"}],"replies":[{"embeddable":true,"href":"https:\/\/www.europesays.com\/fr\/wp-json\/wp\/v2\/comments?post=517639"}],"version-history":[{"count":0,"href":"https:\/\/www.europesays.com\/fr\/wp-json\/wp\/v2\/posts\/517639\/revisions"}],"wp:featuredmedia":[{"embeddable":true,"href":"https:\/\/www.europesays.com\/fr\/wp-json\/wp\/v2\/media\/517640"}],"wp:attachment":[{"href":"https:\/\/www.europesays.com\/fr\/wp-json\/wp\/v2\/media?parent=517639"}],"wp:term":[{"taxonomy":"category","embeddable":true,"href":"https:\/\/www.europesays.com\/fr\/wp-json\/wp\/v2\/categories?post=517639"},{"taxonomy":"post_tag","embeddable":true,"href":"https:\/\/www.europesays.com\/fr\/wp-json\/wp\/v2\/tags?post=517639"}],"curies":[{"name":"wp","href":"https:\/\/api.w.org\/{rel}","templated":true}]}}