{"id":517645,"date":"2025-11-07T06:19:33","date_gmt":"2025-11-07T06:19:33","guid":{"rendered":"https:\/\/www.europesays.com\/fr\/517645\/"},"modified":"2025-11-07T06:19:33","modified_gmt":"2025-11-07T06:19:33","slug":"ile-de-france-les-jeunes-font-de-plus-en-plus-attention-a-leur-audition","status":"publish","type":"post","link":"https:\/\/www.europesays.com\/fr\/517645\/","title":{"rendered":"\u00cele-de-France\u00a0: les jeunes font de plus en plus attention \u00e0 leur audition"},"content":{"rendered":"\n<p lang=\"fr-FR\" style=\"margin-bottom: 0cm; font-style: normal; font-weight: normal;\">La R\u00e9gion \u00cele-de-France tire un bilan positif de la premi\u00e8re \u00e9dition de sa campagne de sensibilisation intitul\u00e9e \u00ab Dose le son\u2026 prot\u00e8ge ton audition \u00bb, lanc\u00e9e en mars. Le but, alerter les lyc\u00e9ens sur les risques li\u00e9s \u00e0 une \u00e9coute sonore excessive. L\u2019op\u00e9ration a touch\u00e9 48 lyc\u00e9es dans les huit d\u00e9partements franciliens, soit plus d\u2019un \u00e9tablissement sur dix, et pr\u00e8s de 4.000 \u00e9l\u00e8ves. Le taux de satisfaction atteint 95 %. Les jeunes se disent d\u00e9sormais plus attentifs \u00e0 la sant\u00e9 de leur audition et pr\u00eats \u00e0 modifier leurs habitudes d\u2019\u00e9coute.<\/p>\n<p lang=\"fr-FR\" style=\"margin-bottom: 0cm; font-style: normal; font-weight: normal;\">\u00a0<\/p>\n<p lang=\"fr-FR\" style=\"margin-bottom: 0cm; font-weight: normal;\">Nicolas Chacun<\/p>\n<p>!function(f,b,e,v,n,t,s){if(f.fbq)return;n=f.fbq=function(){n.callMethod?<br \/>\nn.callMethod.apply(n,arguments):n.queue.push(arguments)};if(!f._fbq)f._fbq=n;<br \/>\nn.push=n;n.loaded=!0;n.version=&rsquo;2.0&prime;;n.queue=[];t=b.createElement(e);t.async=!0;<br \/>\nt.src=v;s=b.getElementsByTagName(e)[0];s.parentNode.insertBefore(t,s)}(window,<br \/>\ndocument,&rsquo;script&rsquo;,&rsquo;https:\/\/connect.facebook.net\/en_US\/fbevents.js&rsquo;);<br \/>\nfbq(&lsquo;init&rsquo;, &lsquo;278974969201861&rsquo;); \/\/ Insert your pixel ID here.<br \/>\nfbq(&lsquo;track&rsquo;, &lsquo;PageView&rsquo;);<\/p>\n","protected":false},"excerpt":{"rendered":"La R\u00e9gion \u00cele-de-France tire un bilan positif de la premi\u00e8re \u00e9dition de sa campagne de sensibilisation intitul\u00e9e \u00ab&hellip;\n","protected":false},"author":2,"featured_media":517646,"comment_status":"","ping_status":"","sticky":false,"template":"","format":"standard","meta":{"footnotes":""},"categories":[1592],"tags":[1111,11,1933,1936,1777,1939,674,1011,27,662,1934,12,1940,626,1935,25,1937,1941,1938],"class_list":{"0":"post-517645","1":"post","2":"type-post","3":"status-publish","4":"format-standard","5":"has-post-thumbnail","7":"category-ile-de-france","8":"tag-actu","9":"tag-actualites","10":"tag-actualites-locales","11":"tag-essonne","12":"tag-eu","13":"tag-eure-et-loir","14":"tag-europe","15":"tag-fr","16":"tag-france","17":"tag-ile-de-france","18":"tag-infos-locales","19":"tag-news","20":"tag-oise","21":"tag-paris","22":"tag-pres-de-chez-vous","23":"tag-republique-francaise","24":"tag-seine-et-marne","25":"tag-somme","26":"tag-yvelines"},"share_on_mastodon":{"url":"https:\/\/pubeurope.com\/@fr\/115506968285848582","error":""},"_links":{"self":[{"href":"https:\/\/www.europesays.com\/fr\/wp-json\/wp\/v2\/posts\/517645","targetHints":{"allow":["GET"]}}],"collection":[{"href":"https:\/\/www.europesays.com\/fr\/wp-json\/wp\/v2\/posts"}],"about":[{"href":"https:\/\/www.europesays.com\/fr\/wp-json\/wp\/v2\/types\/post"}],"author":[{"embeddable":true,"href":"https:\/\/www.europesays.com\/fr\/wp-json\/wp\/v2\/users\/2"}],"replies":[{"embeddable":true,"href":"https:\/\/www.europesays.com\/fr\/wp-json\/wp\/v2\/comments?post=517645"}],"version-history":[{"count":0,"href":"https:\/\/www.europesays.com\/fr\/wp-json\/wp\/v2\/posts\/517645\/revisions"}],"wp:featuredmedia":[{"embeddable":true,"href":"https:\/\/www.europesays.com\/fr\/wp-json\/wp\/v2\/media\/517646"}],"wp:attachment":[{"href":"https:\/\/www.europesays.com\/fr\/wp-json\/wp\/v2\/media?parent=517645"}],"wp:term":[{"taxonomy":"category","embeddable":true,"href":"https:\/\/www.europesays.com\/fr\/wp-json\/wp\/v2\/categories?post=517645"},{"taxonomy":"post_tag","embeddable":true,"href":"https:\/\/www.europesays.com\/fr\/wp-json\/wp\/v2\/tags?post=517645"}],"curies":[{"name":"wp","href":"https:\/\/api.w.org\/{rel}","templated":true}]}}