{"id":517647,"date":"2025-11-07T06:20:13","date_gmt":"2025-11-07T06:20:13","guid":{"rendered":"https:\/\/www.europesays.com\/fr\/517647\/"},"modified":"2025-11-07T06:20:13","modified_gmt":"2025-11-07T06:20:13","slug":"greve-dans-les-cantines-a-paris-plus-dune-centaine-decoles-concernees","status":"publish","type":"post","link":"https:\/\/www.europesays.com\/fr\/517647\/","title":{"rendered":"gr\u00e8ve dans les cantines \u00e0 Paris, plus d&rsquo;une centaine d&rsquo;\u00e9coles concern\u00e9es"},"content":{"rendered":"<p>            Par<br \/>\n        <strong><br \/>\n            <a href=\"https:\/\/actu.fr\/auteur\/marie-amelie-marchal\" title=\"Consulter tous les articles de Marie Amelie Marchal\" target=\"_blank\" rel=\"noopener\">Marie Amelie Marchal<\/a><br \/>\n        <\/strong><\/p>\n<p>        Publi\u00e9 le<\/p>\n<p>            7 nov. 2025 \u00e0 6h50        <\/p>\n<p>La <strong>col\u00e8re gronde<\/strong> dans les rangs des animateurs p\u00e9riscolaires. Sous-effectif, responsabilit\u00e9s grandissantes, pr\u00e9carit\u00e9\u2026 Face \u00e0 des conditions de travail \u00ab\u2009qui ne cessent de se d\u00e9grader\u2009\u00bb, l\u2019intersyndicale appelle \u00e0 la <strong>mobilisation.<\/strong> Un pr\u00e9avis de <strong>gr\u00e8ve<\/strong> a donc \u00e9t\u00e9 d\u00e9pos\u00e9 pour la p\u00e9riode du lundi\u00a010 au vendredi 21\u00a0novembre 2025. Une heure par jour, \u00e0 partir de 11h25, les personnels d\u00e9brayeront. Selon Nicolas L\u00e9ger, co-secr\u00e9taire g\u00e9n\u00e9ral du SUPAP-FSU \u00e0 actu Paris,<strong> plus d\u2019une centaine d\u2019\u00e9coles<\/strong> devraient suivre le mouvement.<\/p>\n<p>Des n\u00e9gociations au point mort<\/p>\n<p class=\" wall-content\">La <strong>mobilisation sera massive<\/strong> \u00e0 en croire les repr\u00e9sentants du SUPAP-FSU. Apr\u00e8s une audience mercredi 5\u00a0novembre avec la direction des affaires scolaire et le d\u00e9partement des ressources humaines de la Ville, les n\u00e9gociations sont au point mort.<\/p>\n<p class=\" wall-content\">\u00ab\u2009La municipalit\u00e9 entend et partage certaines de nos revendications mais aucun arbitrage de l\u2019ex\u00e9cutif n\u2019est pr\u00e9vu pour am\u00e9liorer la situation\u2009\u00bb, d\u00e9plore Nicolas L\u00e9ger. \u00ab\u2009La Ville joue le pourrissement\u2009\u00bb, poursuit-il. Et de pr\u00e9ciser\u2009: \u00ab\u2009Nous avons<strong> conscience de la difficult\u00e9<\/strong> dans laquelle nous plongeons les parents \u2013 nous avons des enfants pour la plupart d\u2019entre nous, mais nous nous trouvons dans une impasse.\u2009\u00bb<\/p>\n<p class=\" wall-content\">Parmi <a href=\"https:\/\/data.over-blog-kiwi.com\/2\/08\/05\/40\/20251022\/ob_f7464f_courrier-familles-octobre-2025.pdf?fbclid=IwY2xjawN5PgpleHRuA2FlbQIxMABicmlkETFBRVJDNXlPdFVNOVpVVUtwc3J0YwZhcHBfaWQQMjIyMDM5MTc4ODIwMDg5MgABHs60ZCs4eWOpMYAviAKlhD2tp6aWqzzQEZbiPe02VLQVUB7xUpH_KmION__Z_aem_jb5x4uNjNHmBI2p-AZM2pQ\" target=\"_blank\" rel=\"noopener\">les raisons de la col\u00e8re<\/a>\u2009: le non-respect des taux d\u2019encadrement l\u00e9gaux par manque de personnel chaque jour dans une centaine d\u2019\u00e9coles, emploi ill\u00e9gal de coll\u00e8gues vacataires sur des postes permanents, formation insuffisante. Le SUPAP-FSU, la CFDT et la CGT r\u00e9clament ainsi des recrutements massifs, la contractualisation des personnels vacataires, l\u2019acc\u00e8s \u00e0 des formations dipl\u00f4mantes ou encore du personnel d\u00e9di\u00e9 et form\u00e9 pour l\u2019hygi\u00e8ne corporelle des enfants en maternelle.<\/p>\n<p>Un animateur pour dix-huit enfants<\/p>\n<p class=\" wall-content\">Sur le terrain, Anna* et Jeanne* se sentent \u00ab\u2009us\u00e9es\u2009\u00bb. Animatrice en charge du p\u00e9riscolaire dans les \u00e9coles parisiennes depuis 20\u00a0ans, Anna regrette le taux d\u2019encadrement qui est pass\u00e9 \u00e0<strong> un animateur pour dix-huit enfants<\/strong>. \u00ab\u2009En cas d\u2019absence, le nombre d\u2019enfants bondit pour une seule personne. On arrive \u00e0 avoir <strong>peur pour la sant\u00e9 des enfants<\/strong>\u2009\u00bb, confie-t-elle.<\/p>\n<p class=\" wall-content\">\u00ab\u2009D\u2019autant que le nombre d\u2019enfants en situation de handicap augmente et les animateurs qui s\u2019en occupent ne sont pas syst\u00e9matiquement form\u00e9s\u2009\u00bb, poursuit sa coll\u00e8gue Jeanne. \u00ab\u2009Les enfants aux besoins sp\u00e9cifiques ne sont <a href=\"https:\/\/actu.fr\/ile-de-france\/paris_75056\/avec-son-compte-instagram-emilie-hanrot-professeure-a-paris-veut-vous-faire-kiffer-l-ecole_60721019.html\" target=\"_blank\" rel=\"noopener\">pas accueillis dans de bonnes conditions<\/a>\u2009\u00bb, fustige-t-elle.<\/p>\n<p class=\" wall-content\">La pr\u00e9carit\u00e9 dans laquelle sont plong\u00e9s les <strong>vacataires<\/strong> est \u00e9galement d\u00e9nonc\u00e9e par les deux femmes. \u00ab\u2009Ils occupent des postes permanents. Sans eux, les \u00e9coles parisiennes ne tiendraient pas\u2009\u00bb, plante Anna. \u00ab\u2009On fait ce boulot par vocation, on est l\u00e0 parce qu\u2019<strong>on aime notre boulot<\/strong> mais on s\u2019use et les inqui\u00e9tudes sont profondes\u2009\u00bb, confie-t-elle.<\/p>\n<p>Votre r\u00e9gion, votre actu !<\/p>\n<p>Recevez chaque jour les infos qui comptent pour vous.<\/p>\n<p>\t<a href=\"https:\/\/actu.fr\/newsletter\" class=\"ac-btn ac-btn--corner ac-btn--medium ac-btn--blue800\" target=\"_blank\" rel=\"noopener\">S&rsquo;incrire<\/a><\/p>\n<p class=\" wall-content\">Une<strong> assembl\u00e9e g\u00e9n\u00e9rale pr\u00e9vue lundi 10\u00a0novembre<\/strong> permettra de \u00ab\u2009prendre le pouls de cette mobilisation et d\u2019envisager les suites \u00e0 donner\u2009\u00bb, conclut Nicolas L\u00e9ger.<\/p>\n<p class=\" wall-content\">*Les pr\u00e9noms ont \u00e9t\u00e9 modifi\u00e9s \u00e0 la demande des int\u00e9ress\u00e9es<\/p>\n<p class=\" wall-content\">Personnalisez votre actualit\u00e9 en ajoutant vos villes et m\u00e9dias en favori avec <a href=\"https:\/\/moncompte.actu.fr\" title=\"D\u00e9couvez Mon Actu\" rel=\"nofollow noopener\" data-trk=\"{&quot;cta&quot;:{&quot;action&quot;:&quot;https:\\\/\\\/moncompte.actu.fr&quot;,&quot;category&quot;:&quot;mon compte&quot;,&quot;from&quot;:&quot;article footer&quot;,&quot;name&quot;:&quot;Mon actu&quot;,&quot;type&quot;:&quot;cta&quot;}}\" target=\"_blank\">Mon Actu<\/a>.<\/p>\n","protected":false},"excerpt":{"rendered":"Par Marie Amelie Marchal Publi\u00e9 le 7 nov. 2025 \u00e0 6h50 La col\u00e8re gronde dans les rangs des&hellip;\n","protected":false},"author":2,"featured_media":517648,"comment_status":"","ping_status":"","sticky":false,"template":"","format":"standard","meta":{"footnotes":""},"categories":[1888],"tags":[1111,1928,11,1927,1719,1777,674,1011,27,6151,12,1926,626,1925,25,104],"class_list":{"0":"post-517647","1":"post","2":"type-post","3":"status-publish","4":"format-standard","5":"has-post-thumbnail","7":"category-paris","8":"tag-actu","9":"tag-actu-paris","10":"tag-actualites","11":"tag-actualites-paris","12":"tag-enfants","13":"tag-eu","14":"tag-europe","15":"tag-fr","16":"tag-france","17":"tag-greve","18":"tag-news","19":"tag-news-paris","20":"tag-paris","21":"tag-paris-news","22":"tag-republique-francaise","23":"tag-societe"},"share_on_mastodon":{"url":"https:\/\/pubeurope.com\/@fr\/115506972267910289","error":""},"_links":{"self":[{"href":"https:\/\/www.europesays.com\/fr\/wp-json\/wp\/v2\/posts\/517647","targetHints":{"allow":["GET"]}}],"collection":[{"href":"https:\/\/www.europesays.com\/fr\/wp-json\/wp\/v2\/posts"}],"about":[{"href":"https:\/\/www.europesays.com\/fr\/wp-json\/wp\/v2\/types\/post"}],"author":[{"embeddable":true,"href":"https:\/\/www.europesays.com\/fr\/wp-json\/wp\/v2\/users\/2"}],"replies":[{"embeddable":true,"href":"https:\/\/www.europesays.com\/fr\/wp-json\/wp\/v2\/comments?post=517647"}],"version-history":[{"count":0,"href":"https:\/\/www.europesays.com\/fr\/wp-json\/wp\/v2\/posts\/517647\/revisions"}],"wp:featuredmedia":[{"embeddable":true,"href":"https:\/\/www.europesays.com\/fr\/wp-json\/wp\/v2\/media\/517648"}],"wp:attachment":[{"href":"https:\/\/www.europesays.com\/fr\/wp-json\/wp\/v2\/media?parent=517647"}],"wp:term":[{"taxonomy":"category","embeddable":true,"href":"https:\/\/www.europesays.com\/fr\/wp-json\/wp\/v2\/categories?post=517647"},{"taxonomy":"post_tag","embeddable":true,"href":"https:\/\/www.europesays.com\/fr\/wp-json\/wp\/v2\/tags?post=517647"}],"curies":[{"name":"wp","href":"https:\/\/api.w.org\/{rel}","templated":true}]}}