{"id":517651,"date":"2025-11-07T06:22:19","date_gmt":"2025-11-07T06:22:19","guid":{"rendered":"https:\/\/www.europesays.com\/fr\/517651\/"},"modified":"2025-11-07T06:22:19","modified_gmt":"2025-11-07T06:22:19","slug":"le-musee-memorial-du-terrorisme-sinstallera-dans-une-ancienne-caserne-du-13e-a-paris","status":"publish","type":"post","link":"https:\/\/www.europesays.com\/fr\/517651\/","title":{"rendered":"Le Mus\u00e9e-m\u00e9morial du terrorisme s&rsquo;installera dans une ancienne caserne du 13e \u00e0 Paris"},"content":{"rendered":"\n<p>Le lieu \u201crendra hommage \u00e0 toutes les victimes du terrorisme d\u00e9c\u00e9d\u00e9es en France ainsi qu\u2019\u00e0 toutes les victimes fran\u00e7aises tu\u00e9es \u00e0 l\u2019\u00e9tranger depuis 1974\u201d, a pr\u00e9cis\u00e9 \u00c9lisabeth Pelsez, directrice de la mission de pr\u00e9figuration du Mus\u00e9e-m\u00e9morial du terrorisme.<\/p>\n<p>\u201cCes grands projets ne peuvent pas voir le jour en quelques mois, l\u2019id\u00e9e doit maturer\u201d, a expliqu\u00e9 Mme Pelsez \u00e0 l\u2019AFP, prenant pour exemple le m\u00e9morial de Ground Zero, \u201cinaugur\u00e9 en 2014 \u00e0 New York, soit treize ans apr\u00e8s les attentats du World Trade Center\u201d.<\/p>\n<p>En novembre 2024, le gouvernement de Michel Barnier avait annonc\u00e9 renoncer au projet de Mus\u00e9e-m\u00e9morial du terrorisme pour des raisons \u00e9conomiques, suscitant la col\u00e8re de plusieurs associations de victimes. Le pr\u00e9sident Emmanuel Macron avait finalement r\u00e9affirm\u00e9 en janvier dernier sa volont\u00e9 de le mener \u00e0 bien.<\/p>\n<p>En septembre, le choix d\u2019une implantation au Mont-Val\u00e9rien, \u00e0 Suresnes, a \u00e9t\u00e9 \u00e9cart\u00e9 en raison de son co\u00fbt, jug\u00e9 trop \u00e9lev\u00e9.<\/p>\n<p>L\u2019installation se fera donc dans une partie inoccup\u00e9e de la caserne Lourcine, sur environ 3 000 m\u00e8tres carr\u00e9s, dans le 13e arrondissement de Paris, o\u00f9 le mus\u00e9e-m\u00e9morial partagera ses locaux avec l\u2019universit\u00e9 Paris 1 Panth\u00e9on-Sorbonne.<\/p>\n<p>Le co\u00fbt des travaux est estim\u00e9 \u00e0 environ 50 millions d\u2019euros, soit environ la moiti\u00e9 du budget initial.<\/p>\n<p>Ce choix a \u00e9t\u00e9 valid\u00e9 par Emmanuel Macron, qui l\u2019a confirm\u00e9 aux associations de victimes des attentats, partenaires du projet.<\/p>\n<p>L\u2019exposition permanente s\u2019articulera autour de trois th\u00e9matiques: \u201cL\u2019histoire du terrorisme, la voix des victimes et la r\u00e9action des soci\u00e9t\u00e9s\u201c, selon un communiqu\u00e9 de la mission de pr\u00e9figuration.<\/p>\n<p>La r\u00e9alisation du m\u00e9morial proprement dit, o\u00f9 seront inscrits les noms des morts dans des actes terroristes en France et des Fran\u00e7ais tu\u00e9s dans des attaques similaires \u00e0 l\u2019\u00e9tranger, sera confi\u00e9e \u00e0 un artiste dont le cahier des charges a \u00e9t\u00e9 r\u00e9dig\u00e9 avec les associations de victimes, pr\u00e9cise encore Mme Pelsez.<\/p>\n<p>Port\u00e9 par sept minist\u00e8res et plusieurs institutions partenaires, dont le CNRS (Centre national de la recherche scientifique), l\u2019INA (Institut national de l\u2019audiovisuel) et la Fondation d\u2019aide aux victimes du terrorisme, le projet se veut un lieu de \u201cm\u00e9moire, de r\u00e9flexion et de transmission\u201d, ajoute la mission.<\/p>\n","protected":false},"excerpt":{"rendered":"Le lieu \u201crendra hommage \u00e0 toutes les victimes du terrorisme d\u00e9c\u00e9d\u00e9es en France ainsi qu\u2019\u00e0 toutes les victimes&hellip;\n","protected":false},"author":2,"featured_media":517652,"comment_status":"","ping_status":"","sticky":false,"template":"","format":"standard","meta":{"footnotes":""},"categories":[1888],"tags":[11,5205,1073,1777,674,3293,1011,27,937,63810,10778,27636,38181,12,9711,626,25,20752,1254],"class_list":{"0":"post-517651","1":"post","2":"type-post","3":"status-publish","4":"format-standard","5":"has-post-thumbnail","7":"category-paris","8":"tag-actualites","9":"tag-cnrs","10":"tag-emmanuel-macron","11":"tag-eu","12":"tag-europe","13":"tag-exposition","14":"tag-fr","15":"tag-france","16":"tag-histoire","17":"tag-institut-national-de-laudiovisuel","18":"tag-memorial","19":"tag-michel-barnier","20":"tag-mont-valerien","21":"tag-news","22":"tag-pantheon","23":"tag-paris","24":"tag-republique-francaise","25":"tag-suresnes","26":"tag-terrorisme"},"share_on_mastodon":{"url":"https:\/\/pubeurope.com\/@fr\/115506980109963407","error":""},"_links":{"self":[{"href":"https:\/\/www.europesays.com\/fr\/wp-json\/wp\/v2\/posts\/517651","targetHints":{"allow":["GET"]}}],"collection":[{"href":"https:\/\/www.europesays.com\/fr\/wp-json\/wp\/v2\/posts"}],"about":[{"href":"https:\/\/www.europesays.com\/fr\/wp-json\/wp\/v2\/types\/post"}],"author":[{"embeddable":true,"href":"https:\/\/www.europesays.com\/fr\/wp-json\/wp\/v2\/users\/2"}],"replies":[{"embeddable":true,"href":"https:\/\/www.europesays.com\/fr\/wp-json\/wp\/v2\/comments?post=517651"}],"version-history":[{"count":0,"href":"https:\/\/www.europesays.com\/fr\/wp-json\/wp\/v2\/posts\/517651\/revisions"}],"wp:featuredmedia":[{"embeddable":true,"href":"https:\/\/www.europesays.com\/fr\/wp-json\/wp\/v2\/media\/517652"}],"wp:attachment":[{"href":"https:\/\/www.europesays.com\/fr\/wp-json\/wp\/v2\/media?parent=517651"}],"wp:term":[{"taxonomy":"category","embeddable":true,"href":"https:\/\/www.europesays.com\/fr\/wp-json\/wp\/v2\/categories?post=517651"},{"taxonomy":"post_tag","embeddable":true,"href":"https:\/\/www.europesays.com\/fr\/wp-json\/wp\/v2\/tags?post=517651"}],"curies":[{"name":"wp","href":"https:\/\/api.w.org\/{rel}","templated":true}]}}