{"id":517657,"date":"2025-11-07T06:25:12","date_gmt":"2025-11-07T06:25:12","guid":{"rendered":"https:\/\/www.europesays.com\/fr\/517657\/"},"modified":"2025-11-07T06:25:12","modified_gmt":"2025-11-07T06:25:12","slug":"apres-la-belgique-un-drone-suspect-detecte-en-suede","status":"publish","type":"post","link":"https:\/\/www.europesays.com\/fr\/517657\/","title":{"rendered":"Apr\u00e8s la Belgique, un drone suspect d\u00e9tect\u00e9 en Su\u00e8de&#8230;"},"content":{"rendered":"<p>L\u2019Allemagne va aider la Belgique \u00e0 lutter contre les drones<\/p>\n<p>Berlin a annonc\u00e9 jeudi soir soutenir la Belgique pour l\u2019aider \u00e0 contrer les survols de drones, face \u00e0 la multiplication de vols suspects de ces engins non identifi\u00e9s sur son territoire ces derni\u00e8res semaines.<\/p>\n<p>\u00ab\u00a0A la demande de la Belgique [\u2026] la Bundeswehr soutiendra \u00e0 court terme notre pays voisin en lui fournissant des capacit\u00e9s de lutte contre les petits syst\u00e8mes a\u00e9riens sans pilote\u00a0\u00bb, a d\u00e9clar\u00e9 le minist\u00e8re de la D\u00e9fense allemand dans un communiqu\u00e9.<\/p>\n<p>\u00ab\u00a0La demande d\u2019aide belge a \u00e9t\u00e9 motiv\u00e9e par une augmentation significative du nombre d\u2019observations d\u2019a\u00e9ronefs sans pilote non identifi\u00e9s, y compris dans la zone des installations militaires belges\u00a0\u00bb, ajoute le communiqu\u00e9.<\/p>\n<p>Une partie de l\u2019espace a\u00e9rien su\u00e9dois ferm\u00e9 apr\u00e8s la d\u00e9tection d\u2019un drone<\/p>\n<p>Plusieurs vols ont \u00e9t\u00e9 annul\u00e9s ou d\u00e9tourn\u00e9s apr\u00e8s qu\u2019au moins un drone a \u00e9t\u00e9 aper\u00e7u jeudi soir pr\u00e8s de l\u2019a\u00e9roport Landvetter de G\u00f6teborg, dans l\u2019ouest de la Su\u00e8de. \u00ab\u00a0L\u2019espace a\u00e9rien au-dessus de Landvetter est ferm\u00e9 pour le moment en raison de la pr\u00e9sence suspect\u00e9e d\u2019un drone\u00a0\u00bb, a d\u00e9clar\u00e9 Susanne Norman, directrice g\u00e9n\u00e9rale de l\u2019op\u00e9rateur a\u00e9roportuaire su\u00e9dois Swedavia, dans un communiqu\u00e9 transmis \u00e0 l\u2019AFP.<\/p>\n<p>Bjorn Stavas, porte-parole du contr\u00f4le a\u00e9rien su\u00e9dois, a pr\u00e9cis\u00e9 que le trafic avait \u00e9t\u00e9 interrompu \u00e0 la suite de l\u2019observation d\u2019au moins un drone peu avant 18 heures.<\/p>\n<p>Plus t\u00f4t cette semaine, la pr\u00e9sence de drones non identifi\u00e9s \u00e0 l\u2019a\u00e9roport principal de Bruxelles a entra\u00een\u00e9 l\u2019annulation de quelque 80 vols. Des soup\u00e7ons ont \u00e9t\u00e9 \u00e9mis quant \u00e0 une \u00e9ventuelle implication de la Russie dans l\u2019augmentation de l\u2019activit\u00e9 des drones \u00e0 travers l\u2019Europe. L\u2019Allemagne, l\u2019un des principaux soutiens \u00e0 l\u2019Ukraine dans sa guerre contre la Russie, ainsi que le Danemark, ont mis en cause Moscou pour l\u2019augmentation de l\u2019activit\u00e9 de drones au-dessus de leurs infrastructures critiques. La Russie a ni\u00e9 toute implication.<\/p>\n<p>Bienvenue dans ce nouveau Live<\/p>\n<p>Bonjour \u00e0 toutes et \u00e0 tous. Comme chaque jour, la r\u00e9daction de 20 Minutes se mobilise pour vous donner l\u2019ensemble des informations sur le conflit lanc\u00e9 par Moscou contre Kiev.<\/p>\n","protected":false},"excerpt":{"rendered":"L\u2019Allemagne va aider la Belgique \u00e0 lutter contre les drones Berlin a annonc\u00e9 jeudi soir soutenir la Belgique&hellip;\n","protected":false},"author":2,"featured_media":517658,"comment_status":"","ping_status":"","sticky":false,"template":"","format":"standard","meta":{"footnotes":""},"categories":[1590],"tags":[47,11,672,828,73,1777,674,131,74,12,132,7199,220,135,134],"class_list":{"0":"post-517657","1":"post","2":"type-post","3":"status-publish","4":"format-standard","5":"has-post-thumbnail","7":"category-ukraine","8":"tag-actualite","9":"tag-actualites","10":"tag-allemagne","11":"tag-belgique","12":"tag-etats-unis","13":"tag-eu","14":"tag-europe","15":"tag-guerre-en-ukraine","16":"tag-monde","17":"tag-news","18":"tag-russie","19":"tag-suede","20":"tag-ukraine","21":"tag-vladimir-poutine","22":"tag-volodymyr-zelensky"},"share_on_mastodon":{"url":"https:\/\/pubeurope.com\/@fr\/115506991891819703","error":""},"_links":{"self":[{"href":"https:\/\/www.europesays.com\/fr\/wp-json\/wp\/v2\/posts\/517657","targetHints":{"allow":["GET"]}}],"collection":[{"href":"https:\/\/www.europesays.com\/fr\/wp-json\/wp\/v2\/posts"}],"about":[{"href":"https:\/\/www.europesays.com\/fr\/wp-json\/wp\/v2\/types\/post"}],"author":[{"embeddable":true,"href":"https:\/\/www.europesays.com\/fr\/wp-json\/wp\/v2\/users\/2"}],"replies":[{"embeddable":true,"href":"https:\/\/www.europesays.com\/fr\/wp-json\/wp\/v2\/comments?post=517657"}],"version-history":[{"count":0,"href":"https:\/\/www.europesays.com\/fr\/wp-json\/wp\/v2\/posts\/517657\/revisions"}],"wp:featuredmedia":[{"embeddable":true,"href":"https:\/\/www.europesays.com\/fr\/wp-json\/wp\/v2\/media\/517658"}],"wp:attachment":[{"href":"https:\/\/www.europesays.com\/fr\/wp-json\/wp\/v2\/media?parent=517657"}],"wp:term":[{"taxonomy":"category","embeddable":true,"href":"https:\/\/www.europesays.com\/fr\/wp-json\/wp\/v2\/categories?post=517657"},{"taxonomy":"post_tag","embeddable":true,"href":"https:\/\/www.europesays.com\/fr\/wp-json\/wp\/v2\/tags?post=517657"}],"curies":[{"name":"wp","href":"https:\/\/api.w.org\/{rel}","templated":true}]}}