{"id":517662,"date":"2025-11-07T06:28:20","date_gmt":"2025-11-07T06:28:20","guid":{"rendered":"https:\/\/www.europesays.com\/fr\/517662\/"},"modified":"2025-11-07T06:28:20","modified_gmt":"2025-11-07T06:28:20","slug":"des-marches-de-noel-annules-par-peur-du-terrorisme-islamiste-la-capitulation-silencieuse-des-autorites-europeennes","status":"publish","type":"post","link":"https:\/\/www.europesays.com\/fr\/517662\/","title":{"rendered":"des march\u00e9s de No\u00ebl annul\u00e9s par peur du terrorisme islamiste \u2013 la capitulation silencieuse des autorit\u00e9s europ\u00e9ennes"},"content":{"rendered":"<p><strong>Face \u00e0 la menace d\u2019attentats et au co\u00fbt de la s\u00e9curit\u00e9, plusieurs villes allemandes pr\u00e9f\u00e8rent annuler leurs march\u00e9s de No\u00ebl plut\u00f4t que d\u2019affronter la racine du probl\u00e8me : l\u2019islamisme et le d\u00e9sordre migratoire qu\u2019elles ont laiss\u00e9 s\u2019installer.<\/strong><\/p>\n<p>C\u2019est un symbole de plus du renoncement europ\u00e9en. En Allemagne, pays des traditions de l\u2019Avent et des march\u00e9s de No\u00ebl, plusieurs municipalit\u00e9s viennent d\u2019annoncer l\u2019annulation pure et simple de leurs festivit\u00e9s. Officiellement, pour des raisons de s\u00e9curit\u00e9 et de co\u00fbts. En r\u00e9alit\u00e9, parce que <strong>les autorit\u00e9s ne savent plus garantir la paix publique<\/strong>\u00a0dans un pays frapp\u00e9 \u00e0 r\u00e9p\u00e9tition par le terrorisme islamiste.<\/p>\n<p>\u00c0 Overath, petite ville du Land de Rh\u00e9nanie-du-Nord\u2013Westphalie, les habitants devront se passer cette ann\u00e9e de vin chaud, de pains d\u2019\u00e9pices et de lumi\u00e8res festives. Les organisateurs ont jet\u00e9 l\u2019\u00e9ponge, incapables de financer les dispositifs de s\u00e9curit\u00e9 exig\u00e9s : barri\u00e8res anti-b\u00e9lier, renforts de vigiles, filtrage des entr\u00e9es. Les demandes d\u2019aide \u00e0 la mairie sont rest\u00e9es sans r\u00e9ponse.<\/p>\n<p>M\u00eame constat \u00e0\u00a0<strong>Kerpen<\/strong>, pr\u00e8s de Cologne, o\u00f9 le march\u00e9 a \u00e9t\u00e9 annul\u00e9 pour les m\u00eames raisons.<\/p>\n<blockquote>\n<p>\u00ab On nous demande de barricader la place sur tous les c\u00f4t\u00e9s, mais la ville ne nous apporte aucun soutien financier \u00bb, a r\u00e9sum\u00e9 l\u2019organisateur Ren\u00e9 H\u00f6vel dans\u00a0Die Welt.<\/p>\n<\/blockquote>\n<p>Et ce n\u2019est pas un cas isol\u00e9 :\u00a0<strong>le festival d\u2019automne de Kessenich, \u00e0 Bonn<\/strong>, a lui aussi \u00e9t\u00e9 annul\u00e9, faute de pouvoir mettre en place un \u201cconcept de s\u00e9curit\u00e9 viable\u201d. Les organisateurs expliquent qu\u2019un \u00e9v\u00e9nement sans protection contre \u201cles v\u00e9hicules incontr\u00f4l\u00e9s\u201d n\u2019est plus envisageable.<\/p>\n<p><a href=\"https:\/\/rp-online.de\/nrw\/panorama\/overath-weihnachtsmarkt-wegen-terrorabwehr-abgesagt_aid-138250225\" target=\"_blank\" rel=\"noopener\">Ainsi, dans la patrie de Goethe et de Bach,\u00a0<strong>les traditions de No\u00ebl disparaissent sous les blocs de b\u00e9ton et les barri\u00e8res de s\u00e9curit\u00e9.<\/strong><\/a><\/p>\n<p>Quand la peur dicte la vie publique<\/p>\n<p>Les autorit\u00e9s locales justifient ces d\u00e9cisions par le risque d\u2019attentats et les co\u00fbts devenus insupportables. Mais derri\u00e8re les mots prudents, tout le monde sait de quoi il s\u2019agit :\u00a0<strong>la peur de nouvelles attaques islamistes.<\/strong><\/p>\n<p>Car l\u2019Allemagne n\u2019a jamais vraiment tir\u00e9 les le\u00e7ons du\u00a0<strong>massacre du march\u00e9 de No\u00ebl de Berlin, en 2016<\/strong>, lorsque le Tunisien Anis Amri, un d\u00e9bout\u00e9 du droit d\u2019asile, lan\u00e7a un camion sur la foule, faisant 12 morts et 56 bless\u00e9s.<\/p>\n<p>Depuis, les m\u00eames drames se r\u00e9p\u00e8tent :\u00a0<strong>\u00e0 Magdebourg, en 2024, un \u201cdemandeur d\u2019asile\u201d saoudien a fonc\u00e9 en voiture sur un march\u00e9 de No\u00ebl<\/strong>, tuant six personnes et en blessant plus de 300. Quelques mois plus tard, \u00e0 Solingen,\u00a0<strong>un Syrien accueilli au nom de la \u201cdiversit\u00e9\u201d a poignard\u00e9 onze personnes lors d\u2019un festival \u201cmulticulturel\u201d.<\/strong><\/p>\n<p>Capitulation morale et politique<\/p>\n<p>Face \u00e0 cette r\u00e9alit\u00e9, l\u2019\u00c9tat allemand choisit la fuite. Plut\u00f4t que de restaurer l\u2019autorit\u00e9, contr\u00f4ler les fronti\u00e8res et expulser les fauteurs de chaos,\u00a0<strong>il renonce \u00e0 ses propres traditions.<\/strong>\u00a0Les march\u00e9s de No\u00ebl sont ferm\u00e9s, les centres-villes barricad\u00e9s, les chants remplac\u00e9s par le silence des rues vides.<\/p>\n<p>Le message est clair : mieux vaut\u00a0<strong>punir la population<\/strong>\u00a0en lui retirant ses f\u00eates que d\u2019affronter les causes de cette ins\u00e9curit\u00e9.<br \/>C\u2019est une\u00a0<strong>capitulation morale<\/strong>, doubl\u00e9e d\u2019une\u00a0<strong>capitulation politique<\/strong>. La peur est devenue la norme, la r\u00e9signation un mode de gouvernance.<\/p>\n<p>L\u2019Europe sous cloche<\/p>\n<p>Ce qui se passe en Allemagne n\u2019est pas un cas isol\u00e9. Partout en Europe occidentale,\u00a0<strong>les m\u00eames sympt\u00f4mes<\/strong>\u00a0apparaissent : march\u00e9s de No\u00ebl sous haute surveillance, d\u00e9fil\u00e9s annul\u00e9s, couvre-feux s\u00e9curitaires impos\u00e9s au nom de la \u201cpr\u00e9vention\u201d.<br \/>Les gouvernants, paralys\u00e9s par la crainte d\u2019\u00eatre accus\u00e9s de \u201cstigmatiser\u201d, pr\u00e9f\u00e8rent s\u2019en prendre aux coutumes europ\u00e9ennes plut\u00f4t qu\u2019aux minorit\u00e9s radicalis\u00e9es.<\/p>\n<p>Les peuples, eux, observent, inquiets. Ils voient leurs traditions effac\u00e9es, leurs symboles musel\u00e9s, leurs villes transform\u00e9es en zones grises o\u00f9\u00a0<strong>la peur de l\u2019attentat dicte le calendrier.<\/strong><\/p>\n<p>L\u2019Allemagne ferme ses march\u00e9s plut\u00f4t que ses fronti\u00e8res. Et avec elle, c\u2019est une certaine id\u00e9e de l\u2019Europe \u2014 libre, chr\u00e9tienne et joyeuse \u2014 qui s\u2019efface doucement derri\u00e8re les barri\u00e8res de s\u00e9curit\u00e9.<\/p>\n<p>Cr\u00e9dit photo : DR<\/p>\n<p>[cc]\u00a0<a href=\"http:\/\/breizh-info.com\/\" target=\"_blank\" rel=\"noopener\">Breizh-info.com<\/a>, 2025, d\u00e9p\u00eaches libres de copie et de diffusion sous r\u00e9serve de mention et de lien vers la source d\u2019origine<\/p>\n","protected":false},"excerpt":{"rendered":"Face \u00e0 la menace d\u2019attentats et au co\u00fbt de la s\u00e9curit\u00e9, plusieurs villes allemandes pr\u00e9f\u00e8rent annuler leurs march\u00e9s&hellip;\n","protected":false},"author":2,"featured_media":517663,"comment_status":"","ping_status":"","sticky":false,"template":"","format":"standard","meta":{"footnotes":""},"categories":[1587],"tags":[11,672,63811,63812,1804,63813,1805,1803,1777,674,1801,1061,1253,63814,46717,63815,12,15830,63816,1802,656,34045,63817],"class_list":{"0":"post-517662","1":"post","2":"type-post","3":"status-publish","4":"format-standard","5":"has-post-thumbnail","7":"category-allemagne","8":"tag-actualites","9":"tag-allemagne","10":"tag-anis-amri","11":"tag-bonn","12":"tag-bundesrepublik-deutschland","13":"tag-capitulation","14":"tag-de","15":"tag-deutschland","16":"tag-eu","17":"tag-europe","18":"tag-germany","19":"tag-immigration","20":"tag-islamisme","21":"tag-kerpen","22":"tag-magdebourg","23":"tag-marches-de-noel","24":"tag-news","25":"tag-noel","26":"tag-overath","27":"tag-republique-federale-dallemagne","28":"tag-securite","29":"tag-terrorisme-islamiste","30":"tag-traditions-europeennes"},"share_on_mastodon":{"url":"https:\/\/pubeurope.com\/@fr\/115507003690325517","error":""},"_links":{"self":[{"href":"https:\/\/www.europesays.com\/fr\/wp-json\/wp\/v2\/posts\/517662","targetHints":{"allow":["GET"]}}],"collection":[{"href":"https:\/\/www.europesays.com\/fr\/wp-json\/wp\/v2\/posts"}],"about":[{"href":"https:\/\/www.europesays.com\/fr\/wp-json\/wp\/v2\/types\/post"}],"author":[{"embeddable":true,"href":"https:\/\/www.europesays.com\/fr\/wp-json\/wp\/v2\/users\/2"}],"replies":[{"embeddable":true,"href":"https:\/\/www.europesays.com\/fr\/wp-json\/wp\/v2\/comments?post=517662"}],"version-history":[{"count":0,"href":"https:\/\/www.europesays.com\/fr\/wp-json\/wp\/v2\/posts\/517662\/revisions"}],"wp:featuredmedia":[{"embeddable":true,"href":"https:\/\/www.europesays.com\/fr\/wp-json\/wp\/v2\/media\/517663"}],"wp:attachment":[{"href":"https:\/\/www.europesays.com\/fr\/wp-json\/wp\/v2\/media?parent=517662"}],"wp:term":[{"taxonomy":"category","embeddable":true,"href":"https:\/\/www.europesays.com\/fr\/wp-json\/wp\/v2\/categories?post=517662"},{"taxonomy":"post_tag","embeddable":true,"href":"https:\/\/www.europesays.com\/fr\/wp-json\/wp\/v2\/tags?post=517662"}],"curies":[{"name":"wp","href":"https:\/\/api.w.org\/{rel}","templated":true}]}}