{"id":517664,"date":"2025-11-07T06:29:11","date_gmt":"2025-11-07T06:29:11","guid":{"rendered":"https:\/\/www.europesays.com\/fr\/517664\/"},"modified":"2025-11-07T06:29:11","modified_gmt":"2025-11-07T06:29:11","slug":"pourquoi-leurope-risque-de-rater-la-relance-mondiale-du-nucleaire","status":"publish","type":"post","link":"https:\/\/www.europesays.com\/fr\/517664\/","title":{"rendered":"Pourquoi l\u2019Europe risque de rater la relance mondiale du nucl\u00e9aire"},"content":{"rendered":"<p>Sous les lumi\u00e8res crues de Villepinte, la World Nuclear Exhibition \u2013 le plus grand salon mondial du nucl\u00e9aire civil \u2013, qui s&rsquo;est tenu cette semaine au nord de la capitale, avait des airs de d\u00e9monstration de force. Un millier d&rsquo;exposants (contre moins de 600,a trois ans plus t\u00f4t), 25\u00a0000 visiteurs d&rsquo;une centaine de nationalit\u00e9s, rassembl\u00e9s pour c\u00e9l\u00e9brer la \u00ab\u00a0renaissance\u00a0\u00bb incontestable de la fili\u00e8re\u2026 Ces cinq derni\u00e8res ann\u00e9es, les investissements dans le nucl\u00e9aire ont bondi de 50\u00a0%, selon l&rsquo;Agence internationale de l&rsquo;\u00e9nergie (AIE). Et non seulement cela se voit, mais \u00ab\u00a0cela ne fait que commencer\u00a0\u00bb, entendait-on dans les all\u00e9es encombr\u00e9es de maquettes g\u00e9antes, de robots et de maillons de tuyauterie aux dimensions impressionnantes.<\/p>\n<p>Oui, le nucl\u00e9aire red\u00e9marre, y compris en France. Mais dans&#8230;<\/p>\n<p>Toute l\u2019actualit\u00e9 \u00e0 1\u20ac le premier mois<\/p>\n<p><a href=\"https:\/\/abo.lepoint.fr\/?provenance=21EDI020098\" class=\"btn\" title=\"S&#039;abonner\" data-gtm=\"click:abo|display:abo\" data-campaign=\"paywall_maison\" target=\"_blank\" rel=\"noopener\">S&rsquo;abonner<\/a><\/p>\n<p>ou<\/p>\n<p>Le point du soir<\/p>\n<p class=\"period\">Tous les soirs \u00e0 partir de 18h<\/p>\n<p>Recevez l\u2019information analys\u00e9e et d\u00e9crypt\u00e9e par la r\u00e9daction du Point.<\/p>\n<p>Merci !<br \/>Votre inscription a bien \u00e9t\u00e9 prise en compte avec l&rsquo;adresse email :<\/p>\n<p>Pour d\u00e9couvrir toutes nos autres newsletters, rendez-vous ici : <a href=\"https:\/\/moncompte.lepoint.fr\/\" title=\"\" target=\"_blank\" rel=\"noopener\">MonCompte<\/a><\/p>\n<p>En vous inscrivant, vous acceptez les <a href=\"https:\/\/www.lepoint.fr\/html\/cgu\/\" title=\"Conditions g\u00e9n\u00e9rales d&#039;utilisation\" target=\"_blank\" rel=\"noopener\">conditions g\u00e9n\u00e9rales d\u2019utilisations<\/a> et notre <a href=\"https:\/\/www.lepoint.fr\/html\/politique-de-protection-donnees-personnelles\/\" title=\"Politique de confidentialit\u00e9\" target=\"_blank\" rel=\"noopener\">politique de confidentialit\u00e9<\/a>.<\/p>\n","protected":false},"excerpt":{"rendered":"Sous les lumi\u00e8res crues de Villepinte, la World Nuclear Exhibition \u2013 le plus grand salon mondial du nucl\u00e9aire&hellip;\n","protected":false},"author":2,"featured_media":517665,"comment_status":"","ping_status":"","sticky":false,"template":"","format":"standard","meta":{"footnotes":""},"categories":[1586],"tags":[11,1647,1073,1777,674,1011,27,12,5654,626,25],"class_list":{"0":"post-517664","1":"post","2":"type-post","3":"status-publish","4":"format-standard","5":"has-post-thumbnail","7":"category-europe","8":"tag-actualites","9":"tag-edf","10":"tag-emmanuel-macron","11":"tag-eu","12":"tag-europe","13":"tag-fr","14":"tag-france","15":"tag-news","16":"tag-nucleaire","17":"tag-paris","18":"tag-republique-francaise"},"share_on_mastodon":{"url":"https:\/\/pubeurope.com\/@fr\/115507007608975821","error":""},"_links":{"self":[{"href":"https:\/\/www.europesays.com\/fr\/wp-json\/wp\/v2\/posts\/517664","targetHints":{"allow":["GET"]}}],"collection":[{"href":"https:\/\/www.europesays.com\/fr\/wp-json\/wp\/v2\/posts"}],"about":[{"href":"https:\/\/www.europesays.com\/fr\/wp-json\/wp\/v2\/types\/post"}],"author":[{"embeddable":true,"href":"https:\/\/www.europesays.com\/fr\/wp-json\/wp\/v2\/users\/2"}],"replies":[{"embeddable":true,"href":"https:\/\/www.europesays.com\/fr\/wp-json\/wp\/v2\/comments?post=517664"}],"version-history":[{"count":0,"href":"https:\/\/www.europesays.com\/fr\/wp-json\/wp\/v2\/posts\/517664\/revisions"}],"wp:featuredmedia":[{"embeddable":true,"href":"https:\/\/www.europesays.com\/fr\/wp-json\/wp\/v2\/media\/517665"}],"wp:attachment":[{"href":"https:\/\/www.europesays.com\/fr\/wp-json\/wp\/v2\/media?parent=517664"}],"wp:term":[{"taxonomy":"category","embeddable":true,"href":"https:\/\/www.europesays.com\/fr\/wp-json\/wp\/v2\/categories?post=517664"},{"taxonomy":"post_tag","embeddable":true,"href":"https:\/\/www.europesays.com\/fr\/wp-json\/wp\/v2\/tags?post=517664"}],"curies":[{"name":"wp","href":"https:\/\/api.w.org\/{rel}","templated":true}]}}