{"id":517666,"date":"2025-11-07T06:30:15","date_gmt":"2025-11-07T06:30:15","guid":{"rendered":"https:\/\/www.europesays.com\/fr\/517666\/"},"modified":"2025-11-07T06:30:15","modified_gmt":"2025-11-07T06:30:15","slug":"premier-convoi-militaire-autonome-deurope-devoile-en-espagne","status":"publish","type":"post","link":"https:\/\/www.europesays.com\/fr\/517666\/","title":{"rendered":"Premier convoi militaire autonome d&rsquo;Europe d\u00e9voil\u00e9 en Espagne"},"content":{"rendered":"<p>\n         Publi\u00e9 le<br \/>\n            07\/11\/2025 &#8211; 7:00 UTC+1\n            <\/p>\n<p>Selon des m\u00e9dias, le premier convoi militaire autonome d\u2019Europe a r\u00e9cemment achev\u00e9 sa derni\u00e8re d\u00e9monstration en Espagne.<\/p>\n<p>Lors de la pr\u00e9sentation \u00e0 S\u00e9ville, le projet financ\u00e9 par l\u2019Union europ\u00e9enne <a href=\"https:\/\/defence-blog.com\/spain-unveils-europes-first-autonomous-military-convoy\/\" target=\"_blank\" rel=\"noreferrer noopener\"><strong>aurait<\/strong><\/a> pr\u00e9sent\u00e9 une flotte de v\u00e9hicules terrestres autonomes r\u00e9alisant des op\u00e9rations logistiques coordonn\u00e9es, appuy\u00e9es par un syst\u00e8me de navigation utilisant l\u2019intelligence artificielle (IA).<\/p>\n<p>Le projet, baptis\u00e9 Convoy Operations with Manned-unManneD Systems, ou consortium COMMANDS, est coordonn\u00e9 par l\u2019entreprise espagnole d\u2019a\u00e9ronautique et de d\u00e9fense Sener.<\/p>\n<p>Il a \u00e9t\u00e9 d\u00e9velopp\u00e9 par un groupe de 21 partenaires europ\u00e9ens et financ\u00e9 par un investissement de 24,8 millions d\u2019euros du Fonds europ\u00e9en de la d\u00e9fense.<\/p>\n<p>Le groupe COMMANDS indique qu\u2019il coordonne des syst\u00e8mes habit\u00e9s et non habit\u00e9s au sol et dans les airs, et qu\u2019il am\u00e9liore le fonctionnement des v\u00e9hicules militaires dans des environnements \u00ab non structur\u00e9s \u00bb et en cas de signaux satellitaires d\u00e9grad\u00e9s ou faibles.<\/p>\n<p>Les unit\u00e9s en Espagne auraient \u00e9t\u00e9 contr\u00f4l\u00e9es par le syst\u00e8me Naviground. D\u00e9velopp\u00e9 par Sener, il combine des capteurs, l\u2019IA, l\u2019apprentissage automatique et des r\u00e9seaux de t\u00e9l\u00e9communications 5G afin qu\u2019un v\u00e9hicule terrestre puisse comprendre son environnement et se d\u00e9placer de mani\u00e8re autonome.<\/p>\n<p>Sener a d\u00e9j\u00e0 test\u00e9 le syst\u00e8me Naviground sur une s\u00e9rie de v\u00e9hicules militaires, dont un assistant logistique et plusieurs chars.<\/p>\n<p>Dans une vid\u00e9o promotionnelle, l\u2019entreprise a pr\u00e9sent\u00e9 ce syst\u00e8me comme \u00ab l\u2019une des grandes armes secr\u00e8tes \u00bb pour am\u00e9liorer la mani\u00e8re dont les v\u00e9hicules militaires travaillent ensemble et \u00e9changent des informations.<\/p>\n<p>Ce syst\u00e8me semble s\u2019inscrire dans un plan plus large de modernisation des capacit\u00e9s militaires europ\u00e9ennes. Dans un <a href=\"https:\/\/commission.europa.eu\/document\/download\/e6d5db69-e0ab-4bec-9dc0-3867b4373019%5Fen\" target=\"_blank\" rel=\"noreferrer noopener\"><strong>document de planification<\/strong><\/a> consacr\u00e9 aux capacit\u00e9s de d\u00e9fense de l\u2019UE, la Commission europ\u00e9enne a identifi\u00e9 les drones autonomes, les syst\u00e8mes a\u00e9riens sans pilote et les applications de d\u00e9fense pilot\u00e9es par l\u2019IA parmi les lacunes critiques \u00e0 combler.<\/p>\n<p>Le document affirme que l\u2019industrie europ\u00e9enne de d\u00e9fense doit pouvoir \u00ab concevoir, d\u00e9velopper, fabriquer et livrer ces produits et technologies plus rapidement et \u00e0 grande \u00e9chelle \u00bb.<\/p>\n<p>Sener n\u2019a pas r\u00e9pondu \u00e0 la demande de pr\u00e9cisions suppl\u00e9mentaires d\u2019Euronews Next.<\/p>\n","protected":false},"excerpt":{"rendered":"Publi\u00e9 le 07\/11\/2025 &#8211; 7:00 UTC+1 Selon des m\u00e9dias, le premier convoi militaire autonome d\u2019Europe a r\u00e9cemment achev\u00e9&hellip;\n","protected":false},"author":2,"featured_media":517667,"comment_status":"","ping_status":"","sticky":false,"template":"","format":"standard","meta":{"footnotes":""},"categories":[1586],"tags":[11,554,1777,674,1779,1011,27,223,12,25,1778,364],"class_list":{"0":"post-517666","1":"post","2":"type-post","3":"status-publish","4":"format-standard","5":"has-post-thumbnail","7":"category-europe","8":"tag-actualites","9":"tag-defense","10":"tag-eu","11":"tag-europe","12":"tag-european-union","13":"tag-fr","14":"tag-france","15":"tag-intelligence-artificielle","16":"tag-news","17":"tag-republique-francaise","18":"tag-ue","19":"tag-union-europeenne"},"share_on_mastodon":{"url":"https:\/\/pubeurope.com\/@fr\/115507011549053487","error":""},"_links":{"self":[{"href":"https:\/\/www.europesays.com\/fr\/wp-json\/wp\/v2\/posts\/517666","targetHints":{"allow":["GET"]}}],"collection":[{"href":"https:\/\/www.europesays.com\/fr\/wp-json\/wp\/v2\/posts"}],"about":[{"href":"https:\/\/www.europesays.com\/fr\/wp-json\/wp\/v2\/types\/post"}],"author":[{"embeddable":true,"href":"https:\/\/www.europesays.com\/fr\/wp-json\/wp\/v2\/users\/2"}],"replies":[{"embeddable":true,"href":"https:\/\/www.europesays.com\/fr\/wp-json\/wp\/v2\/comments?post=517666"}],"version-history":[{"count":0,"href":"https:\/\/www.europesays.com\/fr\/wp-json\/wp\/v2\/posts\/517666\/revisions"}],"wp:featuredmedia":[{"embeddable":true,"href":"https:\/\/www.europesays.com\/fr\/wp-json\/wp\/v2\/media\/517667"}],"wp:attachment":[{"href":"https:\/\/www.europesays.com\/fr\/wp-json\/wp\/v2\/media?parent=517666"}],"wp:term":[{"taxonomy":"category","embeddable":true,"href":"https:\/\/www.europesays.com\/fr\/wp-json\/wp\/v2\/categories?post=517666"},{"taxonomy":"post_tag","embeddable":true,"href":"https:\/\/www.europesays.com\/fr\/wp-json\/wp\/v2\/tags?post=517666"}],"curies":[{"name":"wp","href":"https:\/\/api.w.org\/{rel}","templated":true}]}}