{"id":517673,"date":"2025-11-07T06:34:15","date_gmt":"2025-11-07T06:34:15","guid":{"rendered":"https:\/\/www.europesays.com\/fr\/517673\/"},"modified":"2025-11-07T06:34:15","modified_gmt":"2025-11-07T06:34:15","slug":"une-ryder-cup-sans-hatton-et-rahm-la-menace-qui-pese-sur-le-golf-europeen","status":"publish","type":"post","link":"https:\/\/www.europesays.com\/fr\/517673\/","title":{"rendered":"Une Ryder Cup sans Hatton et Rahm ? La menace qui p\u00e8se sur le golf europ\u00e9en"},"content":{"rendered":"<p>\t\t\t\t\t\t<img width=\"770\" height=\"557\" src=\"https:\/\/www.europesays.com\/fr\/wp-content\/uploads\/2025\/07\/rahmhatton-770x557.jpg\" class=\"img-responsive wp-post-image\" alt=\"\" decoding=\"async\" fetchpriority=\"high\"  \/>\t\t\t\t\t<\/p>\n<p>\t\t\t\t\t\t Partager cet article <\/p>\n<p class=\"screen-reader-text juiz_sps_maybe_hidden_text\">Partager la publication \u00ab\u00a0Une Ryder Cup sans Hatton et Rahm ? La menace qui p\u00e8se sur le golf europ\u00e9en\u00a0\u00bb<\/p>\n<p><strong>Paul McGinley confirme la mont\u00e9e en puissance de LIV Golf comme menace cr\u00e9dible. Il souligne que Jon Rahm et Tyrrell Hatton pourraient manquer la Ryder Cup 2027, et que ces enjeux strat\u00e9giques d\u00e9passent l\u2019\u00e9v\u00e9nement pour menacer le futur du DP World Tour.<\/strong><\/p>\n<p>\t\t\t\t\t<a id=\"180479\" href=\"https:\/\/www.swing.fr\/voyage\/35-14eme-edition-des-doubles-gosset-by-beachcomber\" target=\"_blank\" rel=\"sponsorised nofollow noopener\"><img decoding=\"async\" src=\"data:image\/svg+xml,%3Csvg%20xmlns=\" http:=\"\" class=\"img-responsive\" alt=\"\" data-lazy-src=\"https:\/\/www.europesays.com\/fr\/wp-content\/uploads\/2025\/07\/beachcomber-e01-doubles-gosset-26-1170x275-1.jpg\"\/><\/a><\/p>\n<p><strong>Paul McGinley<\/strong> tire la sonnette d\u2019alarme : dans une interview donn\u00e9e \u00e0 bunkered.co.uk, l\u2019ancien joueur et capitaine embl\u00e9matique de <strong>Ryder Cup<\/strong> affirme que le <strong>LIV Golf<\/strong> est d\u00e9sormais une \u00ab menace l\u00e9gitime \u00bb pour les principaux circuits mondiaux.<\/p>\n<p><a href=\"https:\/\/www.golfplanete.com\/actualites\/tom-mckibbin-haut-la-main\/\" rel=\"nofollow noopener\" target=\"_blank\">Le succ\u00e8s r\u00e9cent de <strong>Tom McKibbin<\/strong><\/a>, notamment, renforce d\u2019apr\u00e8s lui l\u2019attractivit\u00e9 du circuit financ\u00e9 par l\u2019Arabie saoudite.<br \/>&#13;<br \/>\n\u00a0<\/p>\n<p>Des absences qui nuiraient \u00e0 Team Europe<\/p>\n<p>Selon l\u2019Irlandais, il se pourrait tr\u00e8s bien que Tom McKibbin, <strong>Jon Rahm<\/strong> et <strong>Tyrrell Hatton<\/strong> perdent leur appel contre les amendes inflig\u00e9es par le <strong>DP World Tour,<\/strong> n\u2019en fassent plus partie et ne puissent donc pas participer \u00e0 la prochaine Ryder Cup.<\/p>\n<p>\u00ab\u00a0Si nous n\u2019avons pas Hatton et Rahm, cela portera un coup dur \u00e0 nos chances de remporter la Ryder Cup \u00e0 Adare. Il aurait \u00e9t\u00e9 tr\u00e8s difficile de remporter la Ryder Cup \u00e0 Rome sans Rahm et Hatton dans l\u2019\u00e9quipe\u00a0\u00bb, a-t-il expliqu\u00e9.<\/p>\n<p>Le conseiller strat\u00e9gique de <strong>Luke Donald<\/strong> rappelle que la d\u00e9cision concernant cet appel va bien au-del\u00e0 de la simple question de savoir s\u2019ils seront bannis ou non.<\/p>\n<blockquote><p>&#13;<br \/>\nLa p\u00e9rennit\u00e9 du DP World Tour est la chose la plus importante.&#13;<\/p>\n<p>Paul McGinley<\/p>\n<p>&#13;\n<\/p><\/blockquote>\n<p>Il insiste sur son importance capitale pour l\u2019avenir et la p\u00e9rennit\u00e9 du circuit europ\u00e9en, qui d\u00e9pend en grande partie de son alliance strat\u00e9gique avec le <strong>PGA Tour<\/strong> \u2013 et le soutien financier qui va avec.<\/p>\n<p>\u00ab Il y a beaucoup de variables \u00e0 prendre en compte, ajoute-t-il. Il y a la relation avec le PGA Tour, l\u2019alliance strat\u00e9gique, l\u2019importance de ces joueurs pour notre mod\u00e8le \u00e9conomique en Europe, l\u2019importance de la participation de Rahm en Espagne, par exemple, et de Tyrrell au Royaume-Uni. La p\u00e9rennit\u00e9 du DP World Tour est la chose la plus importante. \u00bb<\/p>\n<p>Paul McGinley dit cependant faire confiance au conseil d\u2019administration du DP World Tour, et s\u2019affirme convaincu qu\u2019il \u00ab\u00a0ira dans la bonne direction et prendra une bonne d\u00e9cision\u2026 \u00bb<\/p>\n<p>\u00a0<\/p>\n<p>Photo : Ross Kinnaird \/ Getty Images via AFP<\/p>\n","protected":false},"excerpt":{"rendered":"Partager cet article Partager la publication \u00ab\u00a0Une Ryder Cup sans Hatton et Rahm ? La menace qui p\u00e8se&hellip;\n","protected":false},"author":2,"featured_media":272700,"comment_status":"","ping_status":"","sticky":false,"template":"","format":"standard","meta":{"footnotes":""},"categories":[1418],"tags":[1011,27,1472,60],"class_list":{"0":"post-517673","1":"post","2":"type-post","3":"status-publish","4":"format-standard","5":"has-post-thumbnail","7":"category-golf","8":"tag-fr","9":"tag-france","10":"tag-golf","11":"tag-sports"},"share_on_mastodon":{"url":"https:\/\/pubeurope.com\/@fr\/115507027584746171","error":""},"_links":{"self":[{"href":"https:\/\/www.europesays.com\/fr\/wp-json\/wp\/v2\/posts\/517673","targetHints":{"allow":["GET"]}}],"collection":[{"href":"https:\/\/www.europesays.com\/fr\/wp-json\/wp\/v2\/posts"}],"about":[{"href":"https:\/\/www.europesays.com\/fr\/wp-json\/wp\/v2\/types\/post"}],"author":[{"embeddable":true,"href":"https:\/\/www.europesays.com\/fr\/wp-json\/wp\/v2\/users\/2"}],"replies":[{"embeddable":true,"href":"https:\/\/www.europesays.com\/fr\/wp-json\/wp\/v2\/comments?post=517673"}],"version-history":[{"count":0,"href":"https:\/\/www.europesays.com\/fr\/wp-json\/wp\/v2\/posts\/517673\/revisions"}],"wp:featuredmedia":[{"embeddable":true,"href":"https:\/\/www.europesays.com\/fr\/wp-json\/wp\/v2\/media\/272700"}],"wp:attachment":[{"href":"https:\/\/www.europesays.com\/fr\/wp-json\/wp\/v2\/media?parent=517673"}],"wp:term":[{"taxonomy":"category","embeddable":true,"href":"https:\/\/www.europesays.com\/fr\/wp-json\/wp\/v2\/categories?post=517673"},{"taxonomy":"post_tag","embeddable":true,"href":"https:\/\/www.europesays.com\/fr\/wp-json\/wp\/v2\/tags?post=517673"}],"curies":[{"name":"wp","href":"https:\/\/api.w.org\/{rel}","templated":true}]}}