{"id":517674,"date":"2025-11-07T06:36:17","date_gmt":"2025-11-07T06:36:17","guid":{"rendered":"https:\/\/www.europesays.com\/fr\/517674\/"},"modified":"2025-11-07T06:36:17","modified_gmt":"2025-11-07T06:36:17","slug":"la-chasse-au-temps-de-jeu-pour-le-demi-de-melee-clovis-le-bail-avec-le-rct","status":"publish","type":"post","link":"https:\/\/www.europesays.com\/fr\/517674\/","title":{"rendered":"La chasse au temps de jeu pour le demi de m\u00eal\u00e9e Clovis Le Bail avec le RCT"},"content":{"rendered":"<p class=\"fs-5 \">Au milieu des Mercer, Brex et Fert\u00e9, il est arriv\u00e9 \u00e0 Toulon sur la pointe des pieds. Avec l\u2019exp\u00e9rience d\u2019un habitu\u00e9 du haut niveau et la discr\u00e9tion qu\u2019on lui conna\u00eet. Aussi, \u00e0 29 ans, Clovis Le Bail savait ce qui l\u2019attendait.<\/p>\n<p class=\"fs-5 \">Comptabilisant plus de 100 matchs de Top 14 et quasiment dix ann\u00e9es de professionnalisme, \u00e0 Pau (2015-2023) puis au Racing 92 (2023-2025), le natif de Saint-Herblain se doutait bien qu\u2019\u00e0 Toulon, avec Baptiste Serin et Ben White au m\u00eame poste, faire son trou ne serait pas chose facile.<\/p>\n<p class=\"fs-5 \">Ses premiers mois au pied du Faron n\u2019ont pas fait mentir les pr\u00e9visions. Sorti bless\u00e9 apr\u00e8s 18 minutes de jeu lors de sa premi\u00e8re rencontre (amicale) sous le maillot rouge et noir \u00e0 Perpignan, puis devenu papa au d\u00e9but de l\u2019automne, ce passionn\u00e9 de p\u00eache et de chasse n\u2019a, pour l\u2019instant, pas eu beaucoup de cartouches \u00e0 utiliser avec le RCT.<\/p>\n<p>                                                                                \u00ab Il savait qu\u2019il n\u2019aurait pas beaucoup de temps de jeu \u00bb<\/p>\n<p class=\"fs-5 \">Le directeur du rugby Pierre Mignoni s\u2019en explique : \u00ab J\u2019avais pr\u00e9venu Clovis. C\u2019est quelqu\u2019un qui a \u00e9t\u00e9 bless\u00e9 au niveau des adducteurs quand il \u00e9tait au Racing (1). En d\u00e9but de saison, il savait qu\u2019il n\u2019aurait pas beaucoup de temps de jeu, mais beaucoup de temps pour se pr\u00e9parer. C\u2019est exactement ce qu\u2019il s\u2019est pass\u00e9. \u00bb<\/p>\n<p class=\"fs-5 \">Aujourd\u2019hui \u00ab un peu plus dans la rotation \u00bb, dixit le coach, le demi de m\u00eal\u00e9e a donc disput\u00e9 sa premi\u00e8re partie officielle au Stadium de Toulouse, le 26 octobre dernier, sur une terre o\u00f9 lui et les siens n\u2019\u00e9taient pas vraiment invit\u00e9s (59-24). Quand bien m\u00eame, c\u2019\u00e9tait \u00ab une fiert\u00e9 \u00bb pour Clovis Le Bail : \u00ab Le r\u00e9sultat n\u2019\u00e9tait pas l\u00e0, mais c\u2019\u00e9tait un gros match. Individuellement, c\u2019est s\u00fbr que j\u2019\u00e9tais content de pouvoir le d\u00e9buter. \u00bb<\/p>\n<p class=\"fs-5 \">D\u00e9sormais, le chasseur biberonn\u00e9 au Stade nantais esp\u00e8re donc avoir l\u2019opportunit\u00e9 d\u2019encha\u00eener, m\u00eame si, sur la rade, la t\u00e2che n\u2019est pas ais\u00e9e. Cette ann\u00e9e, le club au muguet compte en effet quatre potentiels demis de m\u00eal\u00e9e (et non des moindres) : Baptiste Serin le ma\u00eetre \u00e0 jouer, Ben White l\u2019international \u00e9cossais, Mathis Fert\u00e9 le couteau suisse plein d\u2019avenir, et donc Clovis Le Bail, qui semble presque promis \u00e0 une place de troisi\u00e8me choix dans la hi\u00e9rarchie.<\/p>\n<p class=\"fs-5 \">Dans ce contexte, \u00ab il faut \u00eatre pr\u00eat \u00e0 chaque fois qu\u2019on fait appel \u00e0 nous, pour donner de la confiance au collectif et \u00e0 Pierre (Mignoni), assure l\u2019ancien Palois. Moi, j\u2019aime \u00e7a. La concurrence, c\u2019est important. Et je pr\u00e9f\u00e8re avoir cette concurrence plut\u00f4t qu\u2019\u00eatre dans le confort. Apr\u00e8s, c\u2019est \u00e0 nous, num\u00e9ros 9, de nous tirer vers le haut. Je pense qu\u2019on le fait bien. C\u2019est une bonne chose pour chacun individuellement, mais aussi pour le collectif. \u00bb<\/p>\n<p>                                                                                \u00ab Il peut nous apporter sur une fin de match serr\u00e9e \u00bb<\/p>\n<p class=\"fs-5 \">Pr\u00e9sent dans le groupe en vue du match contre La Rochelle ce samedi (16 h 30), Clovis Le Bail se refuse donc \u00e0 attendre les absences de ses concurrents. Il veut voir \u00ab chaque jour [comme] une opportunit\u00e9 \u00bb : \u00ab Ce n\u2019est pas parce que c\u2019est les doublons (et que Ben White n\u2019est pas l\u00e0) qu\u2019il faut \u00eatre pr\u00eat. Je suis pr\u00eat \u00e0 chaque fois. \u00bb<\/p>\n<p class=\"fs-5 \">\u00ab Clovis a beaucoup d\u2019exp\u00e9rience dans le Top 14, ench\u00e9rit Mignoni. Il peut nous apporter sur une fin de match serr\u00e9e, o\u00f9 il faut savoir g\u00e9rer. [&#8230;] Il fallait vraiment lui laisser le temps et l\u2019oxyg\u00e8ne pour arriver et pouvoir postuler en \u00e9tant mieux. C\u2019est le cas aujourd\u2019hui. \u00bb<\/p>\n<p class=\"fs-5 \">\u00c0 lui de faire mouche avec les quelques munitions qu\u2019on lui offrira.<\/p>\n<p class=\"fs-5 \">1. Il avait \u00e9t\u00e9 op\u00e9r\u00e9 des adducteurs au mois de f\u00e9vrier.<\/p>\n","protected":false},"excerpt":{"rendered":"Au milieu des Mercer, Brex et Fert\u00e9, il est arriv\u00e9 \u00e0 Toulon sur la pointe des pieds. Avec&hellip;\n","protected":false},"author":2,"featured_media":517675,"comment_status":"","ping_status":"","sticky":false,"template":"","format":"standard","meta":{"footnotes":""},"categories":[1416],"tags":[1011,27,3461,479,1468,60],"class_list":{"0":"post-517674","1":"post","2":"type-post","3":"status-publish","4":"format-standard","5":"has-post-thumbnail","7":"category-rugby","8":"tag-fr","9":"tag-france","10":"tag-rct","11":"tag-rugby","12":"tag-rugby-football","13":"tag-sports"},"share_on_mastodon":{"url":"https:\/\/pubeurope.com\/@fr\/115507035097608565","error":""},"_links":{"self":[{"href":"https:\/\/www.europesays.com\/fr\/wp-json\/wp\/v2\/posts\/517674","targetHints":{"allow":["GET"]}}],"collection":[{"href":"https:\/\/www.europesays.com\/fr\/wp-json\/wp\/v2\/posts"}],"about":[{"href":"https:\/\/www.europesays.com\/fr\/wp-json\/wp\/v2\/types\/post"}],"author":[{"embeddable":true,"href":"https:\/\/www.europesays.com\/fr\/wp-json\/wp\/v2\/users\/2"}],"replies":[{"embeddable":true,"href":"https:\/\/www.europesays.com\/fr\/wp-json\/wp\/v2\/comments?post=517674"}],"version-history":[{"count":0,"href":"https:\/\/www.europesays.com\/fr\/wp-json\/wp\/v2\/posts\/517674\/revisions"}],"wp:featuredmedia":[{"embeddable":true,"href":"https:\/\/www.europesays.com\/fr\/wp-json\/wp\/v2\/media\/517675"}],"wp:attachment":[{"href":"https:\/\/www.europesays.com\/fr\/wp-json\/wp\/v2\/media?parent=517674"}],"wp:term":[{"taxonomy":"category","embeddable":true,"href":"https:\/\/www.europesays.com\/fr\/wp-json\/wp\/v2\/categories?post=517674"},{"taxonomy":"post_tag","embeddable":true,"href":"https:\/\/www.europesays.com\/fr\/wp-json\/wp\/v2\/tags?post=517674"}],"curies":[{"name":"wp","href":"https:\/\/api.w.org\/{rel}","templated":true}]}}