{"id":517676,"date":"2025-11-07T06:37:15","date_gmt":"2025-11-07T06:37:15","guid":{"rendered":"https:\/\/www.europesays.com\/fr\/517676\/"},"modified":"2025-11-07T06:37:15","modified_gmt":"2025-11-07T06:37:15","slug":"jacquet-sorti-avec-les-honneurs-par-norrie-eurosport","status":"publish","type":"post","link":"https:\/\/www.europesays.com\/fr\/517676\/","title":{"rendered":"Jacquet sorti avec les honneurs par Norrie &#8211; Eurosport"},"content":{"rendered":"<ol>\n<li><a href=\"https:\/\/news.google.com\/rss\/articles\/CBMi-AFBVV95cUxOQmMwQjlxd0VhM0tlcUdyRmgwYkJLVnpOVEVoYVlsME95dXlObjFyTm40ZE9GWjBvWUNBU3NrNTdfck5FcXJVTEdMMFVUNzdSNU9mamU1TkQyV2lya1FWaG9aWlhNaWgxSzJuNWVjenlsb0MxNnpOeUVZZGxHUk5UbDREQlJpSXBXcnk0dmRhaVBEanhqd0h6Z19IYlRfZFYzVzJmLTdCUm9GbjlRNTBGNzA2VXNab1g4QmV5SnlsQ29xajdKeE9zQUQ3MTBNREFDMlVCWlVWWm9DS09uNHRZRHRoTGt2T2dfbWlRbllwMmdzcmxnd0FPUQ?oc=5\" target=\"_blank\" rel=\"nofollow noopener\">Jacquet sorti avec les honneurs par Norrie<\/a>&nbsp;&nbsp;Eurosport<\/li>\n<li><a href=\"https:\/\/news.google.com\/rss\/articles\/CBMi8wFBVV95cUxNamYxTGl4Y21oVXljYUM1clpmazJZMVhUdm1GWEg4NURyTlYwR0JVRXNuVG1ac1lFaFhiNVAyVHYzakR0R1FhLUxsbGl2WlFhM3hJWmRTOGtFVGN1VlBMeFVXVzFIYkFsUU5FVEZscjNYUDBXY2NOaVNuQi1nSENJc2VoTnM3RE5BTXZoOUViZllZUTBoZHY5RHMzekJ1ajl1VUZ1Y2sxZjd2b0RnUkVQZVVmT0ZrN0JSUXlodEJVN1RBcllNamVDSWYyR0w4YjNYY0k1QnBNRXlBbDhZNzdsSXFOUExyc3U4LVBkZVhwbmJWdGM?oc=5\" target=\"_blank\" rel=\"nofollow noopener\">Au finish, Cameron Norrie s&rsquo;en sort contre le lucky-loser Kyrian Jacquet en quarts de finale de l&rsquo;ATP 250 de Metz<\/a>&nbsp;&nbsp;L&rsquo;\u00c9quipe<\/li>\n<li><a href=\"https:\/\/news.google.com\/rss\/articles\/CBMipAFBVV95cUxONGo0OC0ySE1aTUFVaW4ycVRvVEIybHZMTlFNNUZsdFotSkpWT0xqQjQ3SjNqcllGZlRobjNxaEt0UUxNMjJqdHZVQVdoSUMwa2RkSWNSZUdleGlnb0NIVFQyMkgyaENiOTRxWTZYUk5BXzUzWUE4MExpSHNFMi1NVV9aUVlydDNtTmtnVnJOYU83bkpiZzBYSm5RM3A5RnVVcTZ0YQ?oc=5\" target=\"_blank\" rel=\"nofollow noopener\">Kyrian Jacquet &#8211; Cameron Norrie en direct &#8211; ATP Metz : Tennis Scores &amp; R\u00e9sultats &#8211; 06\/11\/2025<\/a>&nbsp;&nbsp;Eurosport<\/li>\n<li><a href=\"https:\/\/news.google.com\/rss\/articles\/CBMiwwFBVV95cUxQbDgtRU85bkNQeGhld01nQ2FFYmhNTF9qVzZFLTNqM3FEODZCM0l5YTdOQ0pHSW1RQ3h2c3RKWXJ4ZE0ycjVuV3ZjejI2ZXkzWjV5OEc5Y1NfSmx3Mmk0OEdQdnktUGVsSUdiOHFqVWZKTjFWU1J3MXcxYk81RTc0dHd2Z0FRRURESGpCUlAwN24wV3dieS1yTEFHWFFSSUZVczZnS0FtOGVJWFdWN0pEOUZTdVljYTAwVGJHYWlObnNjTFnSAcIBQVVfeXFMUGZMTkJJTGk1Wld3ME02ZDgzaHFpd3FPM0JHM1QtWDNNZGJkNEwzdkI0aTZJeG9RdlVYVGpBelVjMjZrc2hFaGJwb1ZjYWlJMEhpektvM0hCbEdyOVFTeUZtcExoX3RtOWtkeUg2QjhBS1FtSEtUdEFpdHZVRWpfSGpfUEpDem1lSENydFprYTVtM3kxTHV2ZXU0bEdFT2JMUXdCZ0p2NzN6WDRrRllSb25fRDg3c1ZscGxGYXNCazBxVVE?oc=5\" target=\"_blank\" rel=\"nofollow noopener\">ATP &#8211; Metz : Jacquet et Tabur qualifi\u00e9s pour les quarts de finale : Sports &#8211; Orange<\/a>&nbsp;&nbsp;Sports &#8211; Orange<\/li>\n<li><a href=\"https:\/\/news.google.com\/rss\/articles\/CBMiuAFBVV95cUxQZW4tYTh6bTFGZkZONTRweFR2c2dhMlRzOUc3djFaV2FoeVRSNlU3aUVpUk9HeDNvV2cwb09aOHl2dHhUUENydlM1bUR4bFZCNTF1YlUtNGN1U1ZCUVZ1aFhGc1VzTzVzZ1ZiMVpTa3BIRTZYeml3V1kyVDV1U2hFckVXM1hfamJBOU5HSDQyazdjNDdUVGx4VTMydm5BUm5Zc0s0YlFDTTFQMFc4bTduN3RNVGx6TU1m?oc=5\" target=\"_blank\" rel=\"nofollow noopener\">Tennis : Kyrian Jacquet et Cl\u00e9ment Tabur au tapis, plus de Fran\u00e7ais \u00e0 Metz<\/a>&nbsp;&nbsp;Le Figaro<\/li>\n<\/ol>\n","protected":false},"excerpt":{"rendered":"Jacquet sorti avec les honneurs par Norrie&nbsp;&nbsp;Eurosport Au finish, Cameron Norrie s&rsquo;en sort contre le lucky-loser Kyrian Jacquet&hellip;\n","protected":false},"author":2,"featured_media":395849,"comment_status":"","ping_status":"","sticky":false,"template":"","format":"standard","meta":{"footnotes":""},"categories":[1415],"tags":[1011,27,60,1467],"class_list":{"0":"post-517676","1":"post","2":"type-post","3":"status-publish","4":"format-standard","5":"has-post-thumbnail","7":"category-tennis","8":"tag-fr","9":"tag-france","10":"tag-sports","11":"tag-tennis"},"share_on_mastodon":{"url":"https:\/\/pubeurope.com\/@fr\/115507038997079559","error":""},"_links":{"self":[{"href":"https:\/\/www.europesays.com\/fr\/wp-json\/wp\/v2\/posts\/517676","targetHints":{"allow":["GET"]}}],"collection":[{"href":"https:\/\/www.europesays.com\/fr\/wp-json\/wp\/v2\/posts"}],"about":[{"href":"https:\/\/www.europesays.com\/fr\/wp-json\/wp\/v2\/types\/post"}],"author":[{"embeddable":true,"href":"https:\/\/www.europesays.com\/fr\/wp-json\/wp\/v2\/users\/2"}],"replies":[{"embeddable":true,"href":"https:\/\/www.europesays.com\/fr\/wp-json\/wp\/v2\/comments?post=517676"}],"version-history":[{"count":0,"href":"https:\/\/www.europesays.com\/fr\/wp-json\/wp\/v2\/posts\/517676\/revisions"}],"wp:featuredmedia":[{"embeddable":true,"href":"https:\/\/www.europesays.com\/fr\/wp-json\/wp\/v2\/media\/395849"}],"wp:attachment":[{"href":"https:\/\/www.europesays.com\/fr\/wp-json\/wp\/v2\/media?parent=517676"}],"wp:term":[{"taxonomy":"category","embeddable":true,"href":"https:\/\/www.europesays.com\/fr\/wp-json\/wp\/v2\/categories?post=517676"},{"taxonomy":"post_tag","embeddable":true,"href":"https:\/\/www.europesays.com\/fr\/wp-json\/wp\/v2\/tags?post=517676"}],"curies":[{"name":"wp","href":"https:\/\/api.w.org\/{rel}","templated":true}]}}