{"id":51768,"date":"2025-04-25T12:45:11","date_gmt":"2025-04-25T12:45:11","guid":{"rendered":"https:\/\/www.europesays.com\/fr\/51768\/"},"modified":"2025-04-25T12:45:11","modified_gmt":"2025-04-25T12:45:11","slug":"a-strasbourg-un-rapport-met-fin-aux-urgences-qui-debordent-sur-le-parking","status":"publish","type":"post","link":"https:\/\/www.europesays.com\/fr\/51768\/","title":{"rendered":"\u00c0 Strasbourg, un rapport met fin aux urgences qui d\u00e9bordent sur le parking"},"content":{"rendered":"<p class=\"wp-block-post-excerpt__excerpt\">Jeudi 24 avril, l\u2019unit\u00e9 sanitaire mobile a disparu du parking des urgences du Nouvel h\u00f4pital civil. Ce changement fait suite \u00e0 un rapport rendu fin mars sur le temps d\u2019attente des pompiers. <\/p>\n<p>Guillaume Krempp<\/p>\n<p>Publi\u00e9 le 25 avril 2025\u00a0\u00a0\u00b7\u00a0\u00a0<\/p>\n<p>Imprim\u00e9 le 25 avril 2025 \u00e0 14h45\u00a0\u00a0\u00b7\u00a0\u00a0<\/p>\n<p>\t\t\t\t\t4\u00a0minutes\n<\/p>\n<p class=\"has-drop-cap\">Le grand b\u00e2timent pr\u00e9fabriqu\u00e9 blanc symbolisait la crise des urgences. Depuis d\u00e9cembre 2023, <a href=\"https:\/\/www.rue89strasbourg.com\/urgences-pompiers-renfort-hopitaux-universitaires-strasbourg-288789\" target=\"_blank\" rel=\"noreferrer noopener nofollow\">une unit\u00e9 sanitaire mobile \u00e9tait install\u00e9e<\/a> sur le parking du Nouvel h\u00f4pital civil (NHC). Initialement con\u00e7ue pour faire face \u00e0 un attentat ou une catastrophe naturelle, le dispositif a fini par s\u2019inscrire dans la normalit\u00e9 d\u2019urgences r\u00e9guli\u00e8rement d\u00e9bord\u00e9es\u2026 jusqu\u2019au jeudi 24 avril 2025. L\u2019unit\u00e9 sanitaire mobile (USM) a \u00e9t\u00e9 retir\u00e9e de l\u2019entr\u00e9e des urgences du NHC \u00e0 cette date. Au lendemain de ce changement dans le paysage hospitalier, deux ambulanciers des H\u00f4pitaux universitaires de Strasbourg (HUS) se f\u00e9licitent\u00a0:<\/p>\n<blockquote class=\"wp-block-quote is-layout-flow wp-block-quote-is-layout-flow\">\n<p>\u00ab\u00a0La direction nous a d\u00e9j\u00e0 promis le d\u00e9part de l\u2019USM l\u2019ann\u00e9e derni\u00e8re. Puis il y a eu l\u2019\u00e9pid\u00e9mie de grippe cet hiver et \u00e7a a \u00e9t\u00e9 repouss\u00e9. Ce d\u00e9part nous arrange parce que \u00e7a nous lib\u00e8re un acc\u00e8s aux autres services de l\u2019h\u00f4pital. Par contre, pour le temps d\u2019attente des patients, \u00e7a ne risque pas de changer grand chose\u2026\u00a0\u00bb<\/p>\n<\/blockquote>\n<p>Lors d\u2019une visite des HUS en f\u00e9vrier 2025, l\u2019ancienne ministre de la Sant\u00e9 Catherine Vautrin avait annonc\u00e9 la cr\u00e9ation d\u2019une \u00ab\u00a0mission flash\u00a0\u00bb sur le temps d\u2019attente des pompiers aux urgences des HUS. Le diagnostic avait pour objectif \u00ab\u00a0d\u2019appr\u00e9hender l\u2019origine des difficult\u00e9s et d\u2019identifier des leviers qui n\u2019auraient pas encore \u00e9t\u00e9 mobilis\u00e9s sous trois spectres : en amont des urgences, au sein du service et en aval du service, c\u2019est \u00e0 dire dans l\u2019organisation et la gestion des lits de l\u2019h\u00f4pital\u00a0\u00bb.<\/p>\n<p class=\"has-primary-color has-text-color\">\n\t\t\t<strong> Cet article fait partie de l\u2019\u00e9dition abonn\u00e9s.<\/strong><br \/>\n\t\t\t| D\u00e9j\u00e0 abonn\u00e9\u00a0?<br \/>\n\t\t\t<a href=\"https:\/\/www.rue89strasbourg.com\/user\/connexion\" data-type=\"page\" data-id=\"116070\" rel=\"nofollow noopener\" target=\"_blank\">Connectez-vous<\/a>\n\t\t<\/p>\n<p>Abonnez-vous maintenant pour poursuivre votre lecture<\/p>\n<p><img loading=\"lazy\" decoding=\"async\" width=\"1206\" height=\"1241\" src=\"https:\/\/www.europesays.com\/fr\/wp-content\/uploads\/2025\/04\/04-paywall.png\" alt=\"Abonnez-vous\" class=\"wp-image-282314\" style=\"aspect-ratio:0.9717969379532635;width:281px;height:auto\"  \/><\/p>\n<p>\t\t\t<a href=\"https:\/\/www.rue89strasbourg.com\/\" class=\"custom-logo-link\" rel=\"home nofollow noopener\" target=\"_blank\"><img loading=\"lazy\" decoding=\"async\" width=\"290\" height=\"62\" src=\"https:\/\/www.europesays.com\/fr\/wp-content\/uploads\/2025\/04\/1743975279_388_logo.png\" class=\"custom-logo\" alt=\"Rue89 Strasbourg Enqu\u00eates et informations locales\"  \/><\/a><\/p>\n<p>\n\t\t\t\tAbonnez-vous maintenant pour suivre l\u2019actualit\u00e9 locale.\t\t\t<\/p>\n<p class=\"font-bold font-serif-heading mb-2 text-4xl\">\n\t\t\t\t\t\tL\u2019investigation locale \u00e0 port\u00e9e de main.\n\t\t\t\t\t<\/p>\n<p>\n\t\t\t\t\t\tAbonnez-vous et profitez d\u2019un acc\u00e8s illimit\u00e9 \u00e0 Rue89 Strasbourg. Annulez quand vous voulez.\n\t\t\t\t\t<\/p>\n<p class=\"xl:text-sm\">\n\t\t\t\t\tD\u00e9j\u00e0 abonn\u00e9\u00a0?<br \/>\n\t\t\t\t\t<a class=\"border border-transparent text-center transition-colors duration-instant focus:border-info focus:rounded focus:shadow-focus cursor-pointer text-black hover:text-gray-700 active:bg-black-700 font-semibold inline-block\" href=\"https:\/\/www.rue89strasbourg.com\/user\/connexion?redirect=\/nouvel-hopital-civil-rapport-fin-urgences-debordent-parking-341332\" rel=\"nofollow noopener\" target=\"_blank\">Connectez-vous<\/a>\t\t\t\t<\/p>\n<p>\n\t\t\t\tChoisissez votre formule\u00a0:\n\t\t\t<\/p>\n<p>\t\t\t\tFermer<\/p>\n","protected":false},"excerpt":{"rendered":"Jeudi 24 avril, l\u2019unit\u00e9 sanitaire mobile a disparu du parking des urgences du Nouvel h\u00f4pital civil. Ce changement&hellip;\n","protected":false},"author":2,"featured_media":51769,"comment_status":"","ping_status":"","sticky":false,"template":"","format":"standard","meta":{"footnotes":""},"categories":[2820],"tags":[1111,11,1777,674,1011,27,775,14481,12,25,640],"class_list":{"0":"post-51768","1":"post","2":"type-post","3":"status-publish","4":"format-standard","5":"has-post-thumbnail","7":"category-strasbourg","8":"tag-actu","9":"tag-actualites","10":"tag-eu","11":"tag-europe","12":"tag-fr","13":"tag-france","14":"tag-grand-est","15":"tag-hopitaux-universitaires-de-strasbourg","16":"tag-news","17":"tag-republique-francaise","18":"tag-strasbourg"},"share_on_mastodon":{"url":"","error":""},"_links":{"self":[{"href":"https:\/\/www.europesays.com\/fr\/wp-json\/wp\/v2\/posts\/51768","targetHints":{"allow":["GET"]}}],"collection":[{"href":"https:\/\/www.europesays.com\/fr\/wp-json\/wp\/v2\/posts"}],"about":[{"href":"https:\/\/www.europesays.com\/fr\/wp-json\/wp\/v2\/types\/post"}],"author":[{"embeddable":true,"href":"https:\/\/www.europesays.com\/fr\/wp-json\/wp\/v2\/users\/2"}],"replies":[{"embeddable":true,"href":"https:\/\/www.europesays.com\/fr\/wp-json\/wp\/v2\/comments?post=51768"}],"version-history":[{"count":0,"href":"https:\/\/www.europesays.com\/fr\/wp-json\/wp\/v2\/posts\/51768\/revisions"}],"wp:featuredmedia":[{"embeddable":true,"href":"https:\/\/www.europesays.com\/fr\/wp-json\/wp\/v2\/media\/51769"}],"wp:attachment":[{"href":"https:\/\/www.europesays.com\/fr\/wp-json\/wp\/v2\/media?parent=51768"}],"wp:term":[{"taxonomy":"category","embeddable":true,"href":"https:\/\/www.europesays.com\/fr\/wp-json\/wp\/v2\/categories?post=51768"},{"taxonomy":"post_tag","embeddable":true,"href":"https:\/\/www.europesays.com\/fr\/wp-json\/wp\/v2\/tags?post=51768"}],"curies":[{"name":"wp","href":"https:\/\/api.w.org\/{rel}","templated":true}]}}