{"id":517681,"date":"2025-11-07T06:43:13","date_gmt":"2025-11-07T06:43:13","guid":{"rendered":"https:\/\/www.europesays.com\/fr\/517681\/"},"modified":"2025-11-07T06:43:13","modified_gmt":"2025-11-07T06:43:13","slug":"kim-kardashian-affirme-avoir-rate-ses-examens-de-droit-a-cause-des-reponses-de-chatgpt-si-je-ne-reussis-pas-on-saura-qui-blamer","status":"publish","type":"post","link":"https:\/\/www.europesays.com\/fr\/517681\/","title":{"rendered":"Kim Kardashian affirme avoir rat\u00e9 ses examens de droit \u00e0 cause des r\u00e9ponses de ChatGPT\u00a0: \u00ab\u00a0Si je ne r\u00e9ussis pas, on saura qui bl\u00e2mer\u2026\u00a0\u00bb"},"content":{"rendered":"<p class=\"ap-StoryElement ap-StoryElement--mb ap-StoryText\">Kim Kardashian est actuellement en pleine promotion de All&rsquo;s Fair, la nouvelle s\u00e9rie judiciaire de Ryan Murphy. Elle et Teyana Taylor, \u00e9galement au casting, ont r\u00e9cemment accord\u00e9 une interview \u00e0 Vanity Fair USA, comme le rapporte l&rsquo;\u00e9dition fran\u00e7aise du magazine. Lors de cette interview, elles \u00e9taient soumises \u00e0 un d\u00e9tecteur de mensonges.<\/p>\n<p class=\"ap-StoryElement ap-StoryElement--mb ap-StoryText\">Les journalistes avaient pr\u00e9par\u00e9 plusieurs questions, que les deux actrices de la s\u00e9rie se posaient. \u00c0 un moment, le sujet de l&rsquo;intelligence artificielle est venu sur la table. Teyana Taylors a alors demand\u00e9 \u00e0 Kim Kardashian si elle avait d\u00e9j\u00e0 demand\u00e9 des \u00ab\u00a0conseils de vie\u00a0\u00bb, \u00ab\u00a0en mati\u00e8re de rencontre\u00a0\u00bb \u00e0 ChatGPT, ou encore si elle consid\u00e9rait cette IA comme une amie.<\/p>\n","protected":false},"excerpt":{"rendered":"Kim Kardashian est actuellement en pleine promotion de All&rsquo;s Fair, la nouvelle s\u00e9rie judiciaire de Ryan Murphy. Elle&hellip;\n","protected":false},"author":2,"featured_media":517682,"comment_status":"","ping_status":"","sticky":false,"template":"","format":"standard","meta":{"footnotes":""},"categories":[1359],"tags":[16741,141,58,6084,59,1283,34465,1011,27,861,8932,973],"class_list":{"0":"post-517681","1":"post","2":"type-post","3":"status-publish","4":"format-standard","5":"has-post-thumbnail","7":"category-people","8":"tag-avocate","9":"tag-chatgpt","10":"tag-divertissement","11":"tag-droit","12":"tag-entertainment","13":"tag-etudes","14":"tag-examens","15":"tag-fr","16":"tag-france","17":"tag-ia","18":"tag-kim-kardashian","19":"tag-people"},"share_on_mastodon":{"url":"https:\/\/pubeurope.com\/@fr\/115507062667873900","error":""},"_links":{"self":[{"href":"https:\/\/www.europesays.com\/fr\/wp-json\/wp\/v2\/posts\/517681","targetHints":{"allow":["GET"]}}],"collection":[{"href":"https:\/\/www.europesays.com\/fr\/wp-json\/wp\/v2\/posts"}],"about":[{"href":"https:\/\/www.europesays.com\/fr\/wp-json\/wp\/v2\/types\/post"}],"author":[{"embeddable":true,"href":"https:\/\/www.europesays.com\/fr\/wp-json\/wp\/v2\/users\/2"}],"replies":[{"embeddable":true,"href":"https:\/\/www.europesays.com\/fr\/wp-json\/wp\/v2\/comments?post=517681"}],"version-history":[{"count":0,"href":"https:\/\/www.europesays.com\/fr\/wp-json\/wp\/v2\/posts\/517681\/revisions"}],"wp:featuredmedia":[{"embeddable":true,"href":"https:\/\/www.europesays.com\/fr\/wp-json\/wp\/v2\/media\/517682"}],"wp:attachment":[{"href":"https:\/\/www.europesays.com\/fr\/wp-json\/wp\/v2\/media?parent=517681"}],"wp:term":[{"taxonomy":"category","embeddable":true,"href":"https:\/\/www.europesays.com\/fr\/wp-json\/wp\/v2\/categories?post=517681"},{"taxonomy":"post_tag","embeddable":true,"href":"https:\/\/www.europesays.com\/fr\/wp-json\/wp\/v2\/tags?post=517681"}],"curies":[{"name":"wp","href":"https:\/\/api.w.org\/{rel}","templated":true}]}}