{"id":517689,"date":"2025-11-07T06:48:15","date_gmt":"2025-11-07T06:48:15","guid":{"rendered":"https:\/\/www.europesays.com\/fr\/517689\/"},"modified":"2025-11-07T06:48:15","modified_gmt":"2025-11-07T06:48:15","slug":"libre-arbitre-de-didier-francois","status":"publish","type":"post","link":"https:\/\/www.europesays.com\/fr\/517689\/","title":{"rendered":"Libre arbitre de Didier Fran\u00e7ois"},"content":{"rendered":"<p>Libre arbitre de Didier Fran\u00e7ois &#8211; \u00ab\u00a0A House of Dynamite\u00a0\u00bb, le film sur le nucl\u00e9aire, diffus\u00e9 sur Netflix, qui agace le PentagoneSur le m\u00eame sujet<a href=\"https:\/\/www.bfmtv.com\/international\/amerique-nord\/etats-unis\/video-libre-arbitre-de-didier-francois-a-house-of-dynamite-le-film-sur-le-nucleaire-diffuse-sur-netflix-qui-agace-le-pentagone_VN-202511061081.html\" title=\"Libre arbitre de Didier Fran\u00e7ois - &quot;A House of Dynamite&quot;, le film sur le nucl\u00e9aire, diffus\u00e9 sur Netflix, qui agace le Pentagone\" rel=\"nofollow noopener\" target=\"_blank\"><img width=\"16\" height=\"9\" class=\"lozad\"  alt=\"Libre arbitre de Didier Fran\u00e7ois - &quot;A House of Dynamite&quot;, le film sur le nucl\u00e9aire, diffus\u00e9 sur Netflix, qui agace le Pentagone\"\/>en lectureLibre arbitre de Didier Fran\u00e7ois &#8211; \u00ab\u00a0A House of Dynamite\u00a0\u00bb, le film sur le nucl\u00e9aire, diffus\u00e9 sur Netflix, qui agace le Pentagone<\/a><a href=\"https:\/\/www.bfmtv.com\/international\/amerique-nord\/etats-unis\/video-comment-donald-trump-a-transforme-la-maison-blanche_VN-202511061071.html\" title=\"Comment Donald Trump a transform\u00e9 la Maison Blanche ?\" rel=\"nofollow noopener\" target=\"_blank\"><img width=\"16\" height=\"9\" class=\"lozad\"  alt=\"Comment Donald Trump a transform\u00e9 la Maison Blanche ?\"\/>2:36Comment Donald Trump a transform\u00e9 la Maison Blanche ?<\/a><a href=\"https:\/\/www.bfmtv.com\/lyon\/replay-emissions\/bonsoir-lyon\/video-on-a-rendez-vous-dans-bonsoir-lyon-katy-perry-prete-a-enflammer-la-ldlc-arena_VN-202511060975.html\" title=\"On a rendez-vous dans Bonsoir Lyon : Katy Perry pr\u00eate \u00e0 enflammer la LDLC Arena\" rel=\"nofollow noopener\" target=\"_blank\"><img width=\"16\" height=\"9\" class=\"lozad\"  alt=\"On a rendez-vous dans Bonsoir Lyon : Katy Perry pr\u00eate \u00e0 enflammer la LDLC Arena\"\/>6:25On a rendez-vous dans Bonsoir Lyon : Katy Perry pr\u00eate \u00e0 enflammer la LDLC Arena<\/a><a href=\"https:\/\/www.bfmtv.com\/international\/amerique-nord\/etats-unis\/video-shutdown-aux-etats-unis-des-milliers-de-vols-sont-annules-a-partir-de-ce-vendredi_VN-202511060671.html\" title=\"Shutdown aux \u00c9tats-Unis: des milliers de vols sont annul\u00e9s \u00e0 partir de ce vendredi \" rel=\"nofollow noopener\" target=\"_blank\"><img width=\"16\" height=\"9\" class=\"lozad\"  alt=\"Shutdown aux \u00c9tats-Unis: des milliers de vols sont annul\u00e9s \u00e0 partir de ce vendredi \"\/>1:58Shutdown aux \u00c9tats-Unis: des milliers de vols sont annul\u00e9s \u00e0 partir de ce vendredi<\/a><a href=\"https:\/\/www.bfmtv.com\/international\/amerique-nord\/etats-unis\/video-etats-unis-un-camion-explose-et-provoque-une-boule-de-feu-a-new-york_VN-202511060566.html\" title=\"\u00c9tats-Unis: un camion explose et provoque une boule de feu \u00e0 New York\" rel=\"nofollow noopener\" target=\"_blank\"><img width=\"16\" height=\"9\" class=\"lozad\"  alt=\"\u00c9tats-Unis: un camion explose et provoque une boule de feu \u00e0 New York\"\/>0:29\u00c9tats-Unis: un camion explose et provoque une boule de feu \u00e0 New York<\/a><a href=\"https:\/\/www.bfmtv.com\/international\/amerique-nord\/etats-unis\/video-les-etats-unis-paralyses-par-le-shutdown-depuis-37-jours_VN-202511060220.html\" title=\"Les \u00c9tats-Unis paralys\u00e9s par le &quot;shutdown&quot; depuis 37 jours\" rel=\"nofollow noopener\" target=\"_blank\"><img width=\"16\" height=\"9\" class=\"lozad\"  alt=\"Les \u00c9tats-Unis paralys\u00e9s par le &quot;shutdown&quot; depuis 37 jours\"\/>1:30Les \u00c9tats-Unis paralys\u00e9s par le \u00ab\u00a0shutdown\u00a0\u00bb depuis 37 jours<\/a><a href=\"https:\/\/www.bfmtv.com\/international\/amerique-nord\/etats-unis\/video-shutdown-aux-etats-unis-washington-reduit-le-trafic-aerien-de-10_VN-202511051005.html\" title=\"Shutdown aux \u00c9tats-Unis: Washington r\u00e9duit le trafic a\u00e9rien &quot;de 10%&quot;\" rel=\"nofollow noopener\" target=\"_blank\"><img width=\"16\" height=\"9\" class=\"lozad\"  alt=\"Shutdown aux \u00c9tats-Unis: Washington r\u00e9duit le trafic a\u00e9rien &quot;de 10%&quot;\"\/>1:26Shutdown aux \u00c9tats-Unis: Washington r\u00e9duit le trafic a\u00e9rien \u00ab\u00a0de 10%\u00a0\u00bb<\/a><a href=\"https:\/\/www.bfmtv.com\/international\/amerique-nord\/etats-unis\/video-le-choix-d-elsa-vidal-shutdown-elections-trump-fragilise_VN-202511050922.html\" title=\"LE CHOIX D&#039;ELSA VIDAL - Shutdown, \u00e9lections: Trump fragilis\u00e9 \" rel=\"nofollow noopener\" target=\"_blank\"><img width=\"16\" height=\"9\" class=\"lozad\"  alt=\"LE CHOIX D'ELSA VIDAL - Shutdown, \u00e9lections: Trump fragilis\u00e9 \"\/>4:51LE CHOIX D&rsquo;ELSA VIDAL &#8211; Shutdown, \u00e9lections: Trump fragilis\u00e9<\/a><a href=\"https:\/\/www.bfmtv.com\/international\/amerique-nord\/etats-unis\/video-shutdown-aux-etats-unis-ce-que-dit-donald-trump-est-tres-loin-de-la-realite-selon-amy-porter-porte-parole-des-democrates-en-france_VN-202511050759.html\" title=\"Shutdown aux \u00c9tats-Unis: &quot;Ce que dit Donald Trump est tr\u00e8s loin de la r\u00e9alit\u00e9&quot;, selon Amy Porter, porte-parole des D\u00e9mocrates en France\" rel=\"nofollow noopener\" target=\"_blank\"><img width=\"16\" height=\"9\" class=\"lozad\"  alt=\"Shutdown aux \u00c9tats-Unis: &quot;Ce que dit Donald Trump est tr\u00e8s loin de la r\u00e9alit\u00e9&quot;, selon Amy Porter, porte-parole des D\u00e9mocrates en France\"\/>0:49Shutdown aux \u00c9tats-Unis: \u00ab\u00a0Ce que dit Donald Trump est tr\u00e8s loin de la r\u00e9alit\u00e9\u00a0\u00bb, selon Amy Porter, porte-parole des D\u00e9mocrates en France<\/a><a href=\"https:\/\/www.bfmtv.com\/international\/amerique-nord\/etats-unis\/video-aux-etats-unis-les-democrates-repartent-a-l-offensive-un-an-apres-la-victoire-de-donald-trump-bfm2_VN-202511050755.html\" title=\"Aux \u00c9tats-Unis, les d\u00e9mocrates repartent \u00e0 l&#039;offensive un an apr\u00e8s la victoire de Donald Trump\" rel=\"nofollow noopener\" target=\"_blank\"><img width=\"16\" height=\"9\" class=\"lozad\"  alt=\"Aux \u00c9tats-Unis, les d\u00e9mocrates repartent \u00e0 l'offensive un an apr\u00e8s la victoire de Donald Trump\"\/>13:51Aux \u00c9tats-Unis, les d\u00e9mocrates repartent \u00e0 l&rsquo;offensive un an apr\u00e8s la victoire de Donald Trump<\/a><a href=\"https:\/\/www.bfmtv.com\/international\/amerique-nord\/etats-unis\/video-donald-trump-un-an-apres-une-grosse-frustration-apres-la-defaite-de-kamala-harris-souligne-amy-porter-democrats-abroad_VN-202511050749.html\" title=\"Donald Trump, un an apr\u00e8s: &quot;Une grosse frustration apr\u00e8s la d\u00e9faite de Kamala Harris&quot;, souligne Amy Porter (Democrats abroad)\" rel=\"nofollow noopener\" target=\"_blank\"><img width=\"16\" height=\"9\" class=\"lozad\"  alt=\"Donald Trump, un an apr\u00e8s: &quot;Une grosse frustration apr\u00e8s la d\u00e9faite de Kamala Harris&quot;, souligne Amy Porter (Democrats abroad)\"\/>2:30Donald Trump, un an apr\u00e8s: \u00ab\u00a0Une grosse frustration apr\u00e8s la d\u00e9faite de Kamala Harris\u00a0\u00bb, souligne Amy Porter (Democrats abroad)<\/a><a href=\"https:\/\/www.bfmtv.com\/economie\/replay-emissions\/bfm-bourse\/video-l-eco-du-monde-stat-du-jour-l-enquete-adp-de-l-emploi-us-05-11_VN-202511050698.html\" title=\"L&#039;\u00e9co du monde : &quot;Stat du jour : l&#039;enqu\u00eate ADP de l&#039;emploi US&quot; - 05\/11\" rel=\"nofollow noopener\" target=\"_blank\"><img width=\"16\" height=\"9\" class=\"lozad\"  alt=\"L'\u00e9co du monde : &quot;Stat du jour : l'enqu\u00eate ADP de l'emploi US&quot; - 05\/11\"\/>3:38L&rsquo;\u00e9co du monde : \u00ab\u00a0Stat du jour : l&rsquo;enqu\u00eate ADP de l&#8217;emploi US\u00a0\u00bb &#8211; 05\/11<\/a><a href=\"https:\/\/www.bfmtv.com\/international\/amerique-nord\/etats-unis\/video-shutdown-aux-etats-unis-donald-trump-assure-que-les-democrates-kamizazes-sont-responsables-du-blocage_VN-202511050631.html\" title=\"Shutdown aux \u00c9tats-Unis: Donald Trump assure que les d\u00e9mocrates &quot;kamizazes&quot; sont responsables du blocage\" rel=\"nofollow noopener\" target=\"_blank\"><img width=\"16\" height=\"9\" class=\"lozad\"  alt=\"Shutdown aux \u00c9tats-Unis: Donald Trump assure que les d\u00e9mocrates &quot;kamizazes&quot; sont responsables du blocage\"\/>2:16Shutdown aux \u00c9tats-Unis: Donald Trump assure que les d\u00e9mocrates \u00ab\u00a0kamizazes\u00a0\u00bb sont responsables du blocage<\/a><a href=\"https:\/\/www.bfmtv.com\/international\/amerique-nord\/etats-unis\/video-nucleaire-une-atmosphere-preoccupante-assure-fabien-mandon-chef-d-etat-major-des-armees_VN-202511050431.html\" title=\"Nucl\u00e9aire: &quot;une atmosph\u00e8re pr\u00e9occupante&quot;, assure Fabien Mandon, chef d\u2019\u00e9tat-major des Arm\u00e9es,\" rel=\"nofollow noopener\" target=\"_blank\"><img width=\"16\" height=\"9\" class=\"lozad\"  alt=\"Nucl\u00e9aire: &quot;une atmosph\u00e8re pr\u00e9occupante&quot;, assure Fabien Mandon, chef d\u2019\u00e9tat-major des Arm\u00e9es,\"\/>2:38Nucl\u00e9aire: \u00ab\u00a0une atmosph\u00e8re pr\u00e9occupante\u00a0\u00bb, assure Fabien Mandon, chef d\u2019\u00e9tat-major des Arm\u00e9es,<\/a><a class=\"jumpToVideo\" target=\"_blank\"><img class=\"thumbnailPreview\"\/><\/a><\/p>\n","protected":false},"excerpt":{"rendered":"Libre arbitre de Didier Fran\u00e7ois &#8211; \u00ab\u00a0A House of Dynamite\u00a0\u00bb, le film sur le nucl\u00e9aire, diffus\u00e9 sur Netflix,&hellip;\n","protected":false},"author":2,"featured_media":517690,"comment_status":"","ping_status":"","sticky":false,"template":"","format":"standard","meta":{"footnotes":""},"categories":[1354],"tags":[58,59,1346,1011,27,1360],"class_list":{"0":"post-517689","1":"post","2":"type-post","3":"status-publish","4":"format-standard","5":"has-post-thumbnail","7":"category-films","8":"tag-divertissement","9":"tag-entertainment","10":"tag-films","11":"tag-fr","12":"tag-france","13":"tag-movies"},"share_on_mastodon":{"url":"https:\/\/pubeurope.com\/@fr\/115507082327246389","error":""},"_links":{"self":[{"href":"https:\/\/www.europesays.com\/fr\/wp-json\/wp\/v2\/posts\/517689","targetHints":{"allow":["GET"]}}],"collection":[{"href":"https:\/\/www.europesays.com\/fr\/wp-json\/wp\/v2\/posts"}],"about":[{"href":"https:\/\/www.europesays.com\/fr\/wp-json\/wp\/v2\/types\/post"}],"author":[{"embeddable":true,"href":"https:\/\/www.europesays.com\/fr\/wp-json\/wp\/v2\/users\/2"}],"replies":[{"embeddable":true,"href":"https:\/\/www.europesays.com\/fr\/wp-json\/wp\/v2\/comments?post=517689"}],"version-history":[{"count":0,"href":"https:\/\/www.europesays.com\/fr\/wp-json\/wp\/v2\/posts\/517689\/revisions"}],"wp:featuredmedia":[{"embeddable":true,"href":"https:\/\/www.europesays.com\/fr\/wp-json\/wp\/v2\/media\/517690"}],"wp:attachment":[{"href":"https:\/\/www.europesays.com\/fr\/wp-json\/wp\/v2\/media?parent=517689"}],"wp:term":[{"taxonomy":"category","embeddable":true,"href":"https:\/\/www.europesays.com\/fr\/wp-json\/wp\/v2\/categories?post=517689"},{"taxonomy":"post_tag","embeddable":true,"href":"https:\/\/www.europesays.com\/fr\/wp-json\/wp\/v2\/tags?post=517689"}],"curies":[{"name":"wp","href":"https:\/\/api.w.org\/{rel}","templated":true}]}}