{"id":517691,"date":"2025-11-07T06:49:11","date_gmt":"2025-11-07T06:49:11","guid":{"rendered":"https:\/\/www.europesays.com\/fr\/517691\/"},"modified":"2025-11-07T06:49:11","modified_gmt":"2025-11-07T06:49:11","slug":"mon-pere-est-venu-mourir-chez-moi","status":"publish","type":"post","link":"https:\/\/www.europesays.com\/fr\/517691\/","title":{"rendered":"\u00ab Mon p\u00e8re est venu mourir chez moi \u00bb"},"content":{"rendered":"<p>            Par<br \/>\n        <strong><br \/>\n            <a href=\"https:\/\/actu.fr\/auteur\/gilles-queffelec\" title=\"Consulter tous les articles de Gilles Queff\u00e9lec\" target=\"_blank\" rel=\"noopener\">Gilles Queff\u00e9lec<\/a><br \/>\n        <\/strong><\/p>\n<p>        Publi\u00e9 le<\/p>\n<p>            6 nov. 2025 \u00e0 16h39        <\/p>\n<p>On vit et on vivra de plus en plus <b>vieux<\/b>. Et on ne mourra pas forc\u00e9ment d\u2019une maladie incurable ou d\u2019un accident. La <b>souffrance psychologique<\/b> due au <b>grand \u00e2ge<\/b> est un tout autre facteur qui n\u2019est quasiment jamais abord\u00e9 dans les d\u00e9bats autour de la <b>fin de vie<\/b>.<\/p>\n<p class=\" wall-content\">Et pourtant, de nombreux s\u00e9niors, encore en bonne sant\u00e9 mais <b>fatigu\u00e9s par la vie<\/b>, appellent \u00e0 l\u2019aide et r\u00e9clament<b> le droit de mourir dignement<\/b>. Face \u00e0 une telle situation, leurs proches se trouvent bien souvent d\u00e9sarm\u00e9s.<\/p>\n<p>\u00ab Il se disait fatigu\u00e9 par la vie \u00bb<\/p>\n<p class=\" wall-content\">L\u2019histoire de Cathy Bes, qui r\u00e9side sur la commune de <a href=\"https:\/\/actu.fr\/bretagne\/plumeliau-bieuzy_56173\" target=\"_blank\" rel=\"noopener\">Plum\u00e9liau-Bieuzy dans le Morbihan<\/a>\u00a0 en est un parfait exemple. En f\u00e9vrier 2022, elle a accueilli son p\u00e8re chez elle, alors qu\u2019elle habitait \u00e0 <b>La Chapelle-Neuve<\/b>. \u00c0 95 ans, le vieil homme, qui \u00e9tait atteint de c\u00e9cit\u00e9, <b>se disait us\u00e9 par la vie<\/b>. \u00ab Si je viens chez toi, c\u2019est pour mourir \u00bb, lui avait-il dit. Un mois plus tard, Pierre Bes s\u2019est \u00e9teint. Il n\u2019a trouv\u00e9 d\u2019autres solutions que\u2026 de <b>s\u2019arr\u00eater de se nourrir.<\/b><\/p>\n<p class=\" wall-content\">Avant de venir dans le Morbihan, cet ancien ing\u00e9nieur de l\u2019aviation civile r\u00e9sidait en r\u00e9gion parisienne, \u00e0 Clamart.<\/p>\n<blockquote class=\"ac-article-quote wall-content\">\n<p>\u00ab Il vivait seul dans son appartement. Il avait juste une femme de m\u00e9nage. Il ne voulait pas \u00eatre plac\u00e9 en structure. Tout juste acceptait-il d\u2019avoir une canne blanche \u00bb.<\/p>\n<p>Cathy, sa fille.<\/p><\/blockquote>\n<p class=\" wall-content\"><b>Une chute<\/b> le conduit <b>\u00e0 l\u2019h\u00f4pital<\/b>. C\u2019est le moment o\u00f9 tout bascule. On appelle \u00e7a,<b> le syndrome du glissement<\/b>. \u00ab Il \u00e9tait tr\u00e8s malheureux. Il se disait fatigu\u00e9, us\u00e9 et <b>voulait mourir<\/b>. Il demandait qu\u2019on lui fasse une piq\u00fbre pour partir d\u00e9finitivement \u00bb.<\/p>\n<p>Vid\u00e9os : en ce moment sur ActuIl a arr\u00eat\u00e9 de se nourrir<\/p>\n<p class=\" wall-content\">Cathy qui vit \u00e0 ce moment-l\u00e0 avec Steeve, lui propose de venir chez elle. \u00ab C\u2019est la seule solution qu\u2019il a accept\u00e9e. J\u2019\u00e9tais pleinement consciente de son <b>\u00e9tat psychologique<\/b>. Je lui ai simplement dit : c\u2019est toi qui d\u00e9cides ; nous, on te soutiendra malgr\u00e9 tout \u00bb.<\/p>\n<p>Votre r\u00e9gion, votre actu !<\/p>\n<p>Recevez chaque jour les infos qui comptent pour vous.<\/p>\n<p>\t<a href=\"https:\/\/actu.fr\/newsletter\" class=\"ac-btn ac-btn--corner ac-btn--medium ac-btn--blue800\" target=\"_blank\" rel=\"noopener\">S&rsquo;incrire<\/a><\/p>\n<p class=\" wall-content\">D\u2019ailleurs, l\u2019installation se passe tr\u00e8s bien les premiers jours. Le vieil homme retrouve un certain entrain. \u00ab Et puis, un jour, je l\u2019ai vu prendre plusieurs Doliprane. Il a \u00e9t\u00e9 malade, vomissait du sang. <b>Papa avait d\u00e9j\u00e0 r\u00e9fl\u00e9chi \u00e0 sa mort<\/b> avant de venir chez nous. Il avait parl\u00e9 d\u2019h\u00e9lium, de m\u00e9dicaments et m\u00eame d\u2019aller en Suisse. \u00bb<\/p>\n<p class=\" wall-content\">Le syndrome du glissement, apparent\u00e9 \u00e0 une <b>forte d\u00e9pression<\/b>, est de retour. \u00ab Il me dit alors qu\u2019il veut arr\u00eater de boire et de manger \u00bb.<\/p>\n<p>\u00ab C\u2019est toi qui d\u00e9cides ; on te soutiendra \u00bb<\/p>\n<p class=\" wall-content\">Une seule fois, il ira jusqu\u2019\u00e0 boire un verre de sirop pour trinquer avec sa fille. Dix jours plus tard, Pierre Bes tombe <b>dans le coma<\/b>. Il survivra encore deux jours avant de s\u2019\u00e9teindre d\u00e9finitivement. \u00ab Le m\u00e9decin l\u2019a suivi jusqu\u2019\u00e0 la fin pour qu\u2019il ne souffre pas trop \u00bb. Mais ce dernier est aussi tr\u00e8s inquiet pour Cathy qui assiste impuissante au calvaire de son papa.<\/p>\n<blockquote class=\"ac-article-quote wall-content\">\n<p>\u00ab Oui, \u00e7a a \u00e9t\u00e9 tr\u00e8s dur \u00e0 la fin. Cela a quand m\u00eame \u00e9t\u00e9 une mort lente \u00bb.<\/p>\n<p>Cathy, sa fille.<\/p><\/blockquote>\n<p class=\" wall-content\">Mais cette professeure d\u2019anglais (elle a v\u00e9cu 36\u00a0ans Outre-Manche) et examinatrice, dit n\u2019avoir absolument \u00ab <b>aucun regret <\/b>\u00bb. Car durant tout le temps qu\u2019elle est rest\u00e9e \u00e0 son chevet, Cathy a v\u00e9cu une parenth\u00e8se \u00ab extraordinaire \u00bb avec un papa qui ne lui avait pas autant montr\u00e9 <b>d\u2019affection<\/b> tout le reste de sa vie.<\/p>\n<p>    <img   decoding=\"async\" loading=\"lazy\" class=\"size-large\" src=\"https:\/\/www.europesays.com\/fr\/wp-content\/uploads\/2025\/11\/c2f7dd97b8096b6f7dd97b8098af7dv-960x640.jpg\" alt=\"Nous sommes le 23 f\u00e9vrier 2022 et Cathy accueille pour son p\u00e8re \u00e0 la maison. Il a quitt\u00e9 son appartement de Clamart pour finir ses jours chez elle.\" width=\"960\" height=\"640\"\/><br \/>\n    Nous sommes le 23 f\u00e9vrier 2022 et Cathy accueille son p\u00e8re \u00e0 la maison. Il a quitt\u00e9 son appartement de Clamart pour finir ses jours chez elle. \u00a9La Gazette du Centre Morbihan.\u00ab\u00a0J\u2019ai \u00e9t\u00e9 celle qui lui a tenu la main jusqu\u2019\u00e0 la fin\u00a0\u00bb<\/p>\n<p class=\" wall-content\">\u00ab S\u2019il voulait mourir, mon p\u00e8re avait <b>peur de la mort<\/b>. Je pense qu\u2019il avait simplement besoin d\u2019\u00eatre soutenu dans sa d\u00e9marche. J\u2019ai \u00e9t\u00e9 celle qui lui a tenu la main jusqu\u2019\u00e0 la fin. \u00bb<\/p>\n<p class=\" wall-content\">Pierre Bes avait une maison secondaire au <b>Cap Sizun<\/b>. Il adorait la mer. \u00ab On est all\u00e9 plusieurs fois se balader. Les membres de la famille sont venus le voir.\u00a0\u00bb<\/p>\n<blockquote class=\"ac-article-quote wall-content\">\n<p>\u00ab\u00a0On a pr\u00e9par\u00e9 ensemble ses obs\u00e8ques. C\u2019est lui qui a choisi les musiques. On a regard\u00e9 les photos de famille pour en s\u00e9lectionner quelques-unes pour la c\u00e9r\u00e9monie et cela a \u00e9t\u00e9 l\u2019occasion de nous replonger dans nos souvenirs. \u00bb<\/p>\n<p>Cathy, sa fille.\u00a0<\/p><\/blockquote>\n<p class=\" wall-content\">Cathy a, elle, le sentiment \u00ab d\u2019avoir fait ce que j\u2019avais \u00e0 faire \u00bb. Mais elle s\u2019est tout de m\u00eame sentie bien souvent seule face \u00e0 l\u2019in\u00e9luctable. \u00ab Heureusement encore que Steeve \u00e9tait l\u00e0. Je ne pense pas que j\u2019aurais <b>tenu le coup<\/b> autrement. \u00bb<\/p>\n<p>\u00ab\u00a0Pourquoi garde-t-on en vie une personne qui ne le souhaite plus ?\u00a0\u00bb<\/p>\n<p class=\" wall-content\">Car face \u00e0 une telle situation, les proches peuvent, bien \u00e9videmment, <b>se sentir d\u00e9sempar\u00e9s<\/b>. C\u2019est bien pour cela que, bien souvent, la solution qui s\u2019impose est de placer la personne en structure (Ehpad). Mais les places y sont ch\u00e8res\u2026 dans tous les sens du terme.<\/p>\n<p class=\" wall-content\">\u00ab Moi, explique Cathy qui a d\u00e9cid\u00e9 d\u2019adh\u00e9rer \u00e0 l\u2019association pour le <a href=\"https:\/\/www.admd.org\/agir\/nous-aider\/petition?gad_source=1&amp;gad_campaignid=22474239344&amp;gbraid=0AAAAApkZF6cP5aUQkzashgatEzMtgUvgP&amp;gclid=Cj0KCQiAq7HIBhDoARIsAOATDxA9ZMdxIXPL7qy3MXqjf3bq5muKvYJ42XGy4OCjJ8PdFMHpeIMuIywaAjWVEALw_wcB\" target=\"_blank\" rel=\"noopener\">droit de mourir dans la dignit\u00e9 (ADMD)<\/a>, je continue de m\u2019interroger. Pourquoi garde-t-on en vie une personne qui ne le souhaite plus ? Ce sujet est encore <b>tabou<\/b>. Les d\u00e9bats sur la fin de vie n\u2019int\u00e8grent pas ce que bon nombre de proches vont vivre dans les ann\u00e9es \u00e0 venir \u00bb.<\/p>\n<p class=\" wall-content\">Alors, elle t\u00e9moigne en esp\u00e9rant que sa voix portera. Pour que celles et ceux qui expriment, en toute conscience, vouloir partir puissent, un jour, \u00eatre entendus.<\/p>\n<p>O\u00f9 en sont les d\u00e9bats sur la fin de vie\u2009?<\/p>\n<p>Si deux textes ont \u00e9t\u00e9 valid\u00e9s par l\u2019Assembl\u00e9e nationale concernant la loi sur la fin de vie en mai\u00a02025, les d\u00e9bats qui ont repris en octobre, ont malheureusement \u00e9t\u00e9 perturb\u00e9s par la crise politique.<br \/>&#13;<br \/>\nNormalement elle devrait \u00eatre red\u00e9battue en f\u00e9vrier prochain.<br \/>&#13;<br \/>\nSur le texte concernant l\u2019aide \u00e0 mourir, les conditions restent encore tr\u00e8s encadr\u00e9es. Il faut ainsi que la personne soit atteinte d\u2019une affection grave et incurable, quelle qu\u2019en soit la cause, qui engage le pronostic vital, en phase avanc\u00e9e, caract\u00e9ris\u00e9e par l\u2019entr\u00e9e dans un processus irr\u00e9versible marqu\u00e9 par l\u2019aggravation de l\u2019\u00e9tat de sant\u00e9 de la personne malade qui affecte sa qualit\u00e9 de vie, ou en phase terminale.\u2009\u00bb<br \/>&#13;<br \/>\nElle doit \u00ab\u2009repr\u00e9senter une souffrance physique ou psychologique constante li\u00e9e \u00e0 cette affection, qui est soit r\u00e9fractaire aux traitements, soit insupportable selon la personne lorsque celle-ci a choisi de ne pas recevoir ou d\u2019arr\u00eater de recevoir un traitement. Une souffrance psychologique seule ne peut en aucun cas permettre de b\u00e9n\u00e9ficier de l\u2019aide \u00e0 mourir\u2009\u00bb.<br \/>&#13;<br \/>\nCela veut donc dire clairement que l\u2019aide \u00e0 mourir en France n\u2019est possible que dans des cas extr\u00eamement graves.<br \/>&#13;<br \/>\nEn Europe, les Pays-Bas, la Belgique, l\u2019Espagne ou encore le Portugal ont l\u00e9galis\u00e9 ce que l\u2019on appelle l\u2019euthanasie active, mais l\u00e0 aussi, cela concerne les patients qui font face \u00e0 une maladie incurable.<br \/>&#13;<br \/>\nEn Suisse, l\u2019assistance au suicide est quant \u00e0 elle pleinement autoris\u00e9e. Trois conditions sont pos\u00e9es pour pouvoir y recourir\u2009: le patient doit \u00eatre dot\u00e9 de la capacit\u00e9 de discernement, il doit s\u2019administrer lui-m\u00eame la dose l\u00e9tale et, enfin, le m\u00e9decin ne doit pas \u00eatre pouss\u00e9 par un mobile \u00e9go\u00efste.<\/p>\n<p class=\" wall-content\">Personnalisez votre actualit\u00e9 en ajoutant vos villes et m\u00e9dias en favori avec <a href=\"https:\/\/moncompte.actu.fr\" title=\"D\u00e9couvez Mon Actu\" rel=\"nofollow noopener\" data-trk=\"{&quot;cta&quot;:{&quot;action&quot;:&quot;https:\\\/\\\/moncompte.actu.fr&quot;,&quot;category&quot;:&quot;mon compte&quot;,&quot;from&quot;:&quot;article footer&quot;,&quot;name&quot;:&quot;Mon actu&quot;,&quot;type&quot;:&quot;cta&quot;}}\" target=\"_blank\">Mon Actu<\/a>.<\/p>\n","protected":false},"excerpt":{"rendered":"Par Gilles Queff\u00e9lec Publi\u00e9 le 6 nov. 2025 \u00e0 16h39 On vit et on vivra de plus en&hellip;\n","protected":false},"author":2,"featured_media":517692,"comment_status":"","ping_status":"","sticky":false,"template":"","format":"standard","meta":{"footnotes":""},"categories":[10],"tags":[7977,1011,27,72,1757,71,3552],"class_list":{"0":"post-517691","1":"post","2":"type-post","3":"status-publish","4":"format-standard","5":"has-post-thumbnail","7":"category-sante","8":"tag-fin-de-vie","9":"tag-fr","10":"tag-france","11":"tag-health","12":"tag-insolite","13":"tag-sante","14":"tag-seniors"},"share_on_mastodon":{"url":"https:\/\/pubeurope.com\/@fr\/115507086962171813","error":""},"_links":{"self":[{"href":"https:\/\/www.europesays.com\/fr\/wp-json\/wp\/v2\/posts\/517691","targetHints":{"allow":["GET"]}}],"collection":[{"href":"https:\/\/www.europesays.com\/fr\/wp-json\/wp\/v2\/posts"}],"about":[{"href":"https:\/\/www.europesays.com\/fr\/wp-json\/wp\/v2\/types\/post"}],"author":[{"embeddable":true,"href":"https:\/\/www.europesays.com\/fr\/wp-json\/wp\/v2\/users\/2"}],"replies":[{"embeddable":true,"href":"https:\/\/www.europesays.com\/fr\/wp-json\/wp\/v2\/comments?post=517691"}],"version-history":[{"count":0,"href":"https:\/\/www.europesays.com\/fr\/wp-json\/wp\/v2\/posts\/517691\/revisions"}],"wp:featuredmedia":[{"embeddable":true,"href":"https:\/\/www.europesays.com\/fr\/wp-json\/wp\/v2\/media\/517692"}],"wp:attachment":[{"href":"https:\/\/www.europesays.com\/fr\/wp-json\/wp\/v2\/media?parent=517691"}],"wp:term":[{"taxonomy":"category","embeddable":true,"href":"https:\/\/www.europesays.com\/fr\/wp-json\/wp\/v2\/categories?post=517691"},{"taxonomy":"post_tag","embeddable":true,"href":"https:\/\/www.europesays.com\/fr\/wp-json\/wp\/v2\/tags?post=517691"}],"curies":[{"name":"wp","href":"https:\/\/api.w.org\/{rel}","templated":true}]}}