{"id":517706,"date":"2025-11-07T06:57:11","date_gmt":"2025-11-07T06:57:11","guid":{"rendered":"https:\/\/www.europesays.com\/fr\/517706\/"},"modified":"2025-11-07T06:57:11","modified_gmt":"2025-11-07T06:57:11","slug":"le-salon-du-manga-est-de-retour-pour-une-9eme-edition","status":"publish","type":"post","link":"https:\/\/www.europesays.com\/fr\/517706\/","title":{"rendered":"Le Salon du Manga est de retour pour une 9\u00e8me \u00e9dition !"},"content":{"rendered":"\n<p>C&rsquo;est un \u00e9v\u00e8nement plus qu&rsquo;attendu par les gamers et les fans de la culture japonaise. Ce vendredi 7 novembre, le Salon du Manga<strong> <\/strong>revient pour une 9e \u00e9dition \u00e0 la Salle du Firmament, \u00e0 Firminy. Au programme, des dizaines de stands : illustrateurs, ateliers cr\u00e9atifs, jeux, retro gaming, livres, figurines et m\u00eame maquillage. Par ailleurs, pour le coup d\u2019envoi \u00e0 16h, le Salon a pr\u00e9vu un gros challenge e-sport jusqu\u2019\u00e0 23h, retransmis en direct sur les plateformes Twitch et Discord.\u00a0<\/p>\n<p>Ce samedi, le cosplay sera \u00e9galement mis \u00e0 l&rsquo;honneur avec un grand concours o\u00f9 il sera possible de gagner un week-end pour deux personnes \u00e0 Londres.<\/p>\n<p>L&rsquo;\u00e9ntr\u00e9e est gratuite. Entre 3 000 et 4 500 personnes sont attendues sur les 2 jours de festivit\u00e9s.<\/p>\n<p>Infos pratiques :<br \/>Vendredi 7 novembre : 16h \u00e0 23h<br \/>Samedi 8 novembre : 10h \u00e0 18h<\/p>\n","protected":false},"excerpt":{"rendered":"C&rsquo;est un \u00e9v\u00e8nement plus qu&rsquo;attendu par les gamers et les fans de la culture japonaise. Ce vendredi 7&hellip;\n","protected":false},"author":2,"featured_media":517707,"comment_status":"","ping_status":"","sticky":false,"template":"","format":"standard","meta":{"footnotes":""},"categories":[9653],"tags":[1111,11,2430,13149,251,1777,674,10282,1011,27,63818,3367,6681,12,25,4001,6290],"class_list":{"0":"post-517706","1":"post","2":"type-post","3":"status-publish","4":"format-standard","5":"has-post-thumbnail","7":"category-saint-etienne","8":"tag-actu","9":"tag-actualites","10":"tag-auvergne-rhone-alpes","11":"tag-cosplay","12":"tag-culture","13":"tag-eu","14":"tag-europe","15":"tag-firminy","16":"tag-fr","17":"tag-france","18":"tag-gamers","19":"tag-loire","20":"tag-manga","21":"tag-news","22":"tag-republique-francaise","23":"tag-saint-etienne","24":"tag-salon"},"share_on_mastodon":{"url":"https:\/\/pubeurope.com\/@fr\/115507117723922695","error":""},"_links":{"self":[{"href":"https:\/\/www.europesays.com\/fr\/wp-json\/wp\/v2\/posts\/517706","targetHints":{"allow":["GET"]}}],"collection":[{"href":"https:\/\/www.europesays.com\/fr\/wp-json\/wp\/v2\/posts"}],"about":[{"href":"https:\/\/www.europesays.com\/fr\/wp-json\/wp\/v2\/types\/post"}],"author":[{"embeddable":true,"href":"https:\/\/www.europesays.com\/fr\/wp-json\/wp\/v2\/users\/2"}],"replies":[{"embeddable":true,"href":"https:\/\/www.europesays.com\/fr\/wp-json\/wp\/v2\/comments?post=517706"}],"version-history":[{"count":0,"href":"https:\/\/www.europesays.com\/fr\/wp-json\/wp\/v2\/posts\/517706\/revisions"}],"wp:featuredmedia":[{"embeddable":true,"href":"https:\/\/www.europesays.com\/fr\/wp-json\/wp\/v2\/media\/517707"}],"wp:attachment":[{"href":"https:\/\/www.europesays.com\/fr\/wp-json\/wp\/v2\/media?parent=517706"}],"wp:term":[{"taxonomy":"category","embeddable":true,"href":"https:\/\/www.europesays.com\/fr\/wp-json\/wp\/v2\/categories?post=517706"},{"taxonomy":"post_tag","embeddable":true,"href":"https:\/\/www.europesays.com\/fr\/wp-json\/wp\/v2\/tags?post=517706"}],"curies":[{"name":"wp","href":"https:\/\/api.w.org\/{rel}","templated":true}]}}