{"id":517708,"date":"2025-11-07T06:58:12","date_gmt":"2025-11-07T06:58:12","guid":{"rendered":"https:\/\/www.europesays.com\/fr\/517708\/"},"modified":"2025-11-07T06:58:12","modified_gmt":"2025-11-07T06:58:12","slug":"celle-groupe-se-diversifie-et-double-sa-capacite-de-production","status":"publish","type":"post","link":"https:\/\/www.europesays.com\/fr\/517708\/","title":{"rendered":"Celle Groupe se diversifie et double sa capacit\u00e9 de production"},"content":{"rendered":"<p>Apr\u00e8s une cr\u00e9ation en 1995, l\u2019entreprise commence d\u00e9j\u00e0 \u00e0 se transformer en 2000. Un atelier de m\u00e9tallurgie est mis en place pour r\u00e9aliser des portails, le lieu sera d\u00e9j\u00e0 agrandi en 2005.<\/p>\n<p>En 2018, l\u2019entreprise innove et investit dans des robots de soudure, en 2021 elle cr\u00e9e une unit\u00e9 de levage et mise dans la d\u00e9coupe laser fibre. Aujourd\u2019hui, le groupe Celle se diversifie en conservant son activit\u00e9 historique&#8230;<\/p>\n","protected":false},"excerpt":{"rendered":"Apr\u00e8s une cr\u00e9ation en 1995, l\u2019entreprise commence d\u00e9j\u00e0 \u00e0 se transformer en 2000. Un atelier de m\u00e9tallurgie est&hellip;\n","protected":false},"author":2,"featured_media":517709,"comment_status":"","ping_status":"","sticky":false,"template":"","format":"standard","meta":{"footnotes":""},"categories":[9653],"tags":[1111,11,2430,41738,33,7359,341,1777,674,1011,27,12,25,4001,49670,801,216],"class_list":{"0":"post-517708","1":"post","2":"type-post","3":"status-publish","4":"format-standard","5":"has-post-thumbnail","7":"category-saint-etienne","8":"tag-actu","9":"tag-actualites","10":"tag-auvergne-rhone-alpes","11":"tag-boen-sur-lignon-bassin","12":"tag-economie","13":"tag-edition-loire-centre","14":"tag-emploi","15":"tag-eu","16":"tag-europe","17":"tag-fr","18":"tag-france","19":"tag-news","20":"tag-republique-francaise","21":"tag-saint-etienne","22":"tag-saint-etienne-le-molard","23":"tag-social","24":"tag-vie-des-entreprises"},"share_on_mastodon":{"url":"https:\/\/pubeurope.com\/@fr\/115507121574549944","error":""},"_links":{"self":[{"href":"https:\/\/www.europesays.com\/fr\/wp-json\/wp\/v2\/posts\/517708","targetHints":{"allow":["GET"]}}],"collection":[{"href":"https:\/\/www.europesays.com\/fr\/wp-json\/wp\/v2\/posts"}],"about":[{"href":"https:\/\/www.europesays.com\/fr\/wp-json\/wp\/v2\/types\/post"}],"author":[{"embeddable":true,"href":"https:\/\/www.europesays.com\/fr\/wp-json\/wp\/v2\/users\/2"}],"replies":[{"embeddable":true,"href":"https:\/\/www.europesays.com\/fr\/wp-json\/wp\/v2\/comments?post=517708"}],"version-history":[{"count":0,"href":"https:\/\/www.europesays.com\/fr\/wp-json\/wp\/v2\/posts\/517708\/revisions"}],"wp:featuredmedia":[{"embeddable":true,"href":"https:\/\/www.europesays.com\/fr\/wp-json\/wp\/v2\/media\/517709"}],"wp:attachment":[{"href":"https:\/\/www.europesays.com\/fr\/wp-json\/wp\/v2\/media?parent=517708"}],"wp:term":[{"taxonomy":"category","embeddable":true,"href":"https:\/\/www.europesays.com\/fr\/wp-json\/wp\/v2\/categories?post=517708"},{"taxonomy":"post_tag","embeddable":true,"href":"https:\/\/www.europesays.com\/fr\/wp-json\/wp\/v2\/tags?post=517708"}],"curies":[{"name":"wp","href":"https:\/\/api.w.org\/{rel}","templated":true}]}}