{"id":517710,"date":"2025-11-07T06:59:12","date_gmt":"2025-11-07T06:59:12","guid":{"rendered":"https:\/\/www.europesays.com\/fr\/517710\/"},"modified":"2025-11-07T06:59:12","modified_gmt":"2025-11-07T06:59:12","slug":"campus-lorraine-le-labcom-theia-etape-majeure-des-partenariats-universitaires","status":"publish","type":"post","link":"https:\/\/www.europesays.com\/fr\/517710\/","title":{"rendered":"Campus Lorraine. Le LabCom Theia, \u00e9tape majeure des partenariats universitaires"},"content":{"rendered":"<p>Anne-Sylvie Andr\u00e9-Mayer parle avec passion du laboratoire qu\u2019elle dirige, GeoRessources. Avec les enseignants et \u00e9tudiants, ils ont une grande habitude des recherches partenariales, qui financent 80\u00a0% de leurs activit\u00e9s. Aussi, son \u00e9quipe est toujours \u00e0 l\u2019\u00e9coute des entreprises qui leur proposent de travailler ensemble, \u00ab\u00a0m\u00eame si elles sont nombreuses et que nous n\u2019avons pas toujours le temps ou les comp\u00e9tences\u00a0\u00bb, reconna\u00eet la professeure.<\/p>\n<p>Mais quand une soci\u00e9t\u00e9 du sud de la France, Arethuse Geology, les approche en 2015, cela fait mouche. \u00ab\u00a0Eux font du conseil pour exploiter les ressources mini\u00e8res en Afrique, et nous avons des connaissances sur les anomalies du sol dans plusieurs zones du continent\u00a0\u00bb, explique notre interlocutrice. C\u2019est le d\u00e9but d\u2019un long partenariat, qui illustre les possibilit\u00e9s nombreuses de collaboration partenariale et leur mont\u00e9e en puissance progressive.<\/p>\n<p>\u00ab\u00a0On aimerait que ce ne soit qu\u2019une \u00e9tape\u00a0\u00bb<\/p>\n<p>Apr\u00e8s leur rencontre en&#8230;<\/p>\n","protected":false},"excerpt":{"rendered":"Anne-Sylvie Andr\u00e9-Mayer parle avec passion du laboratoire qu\u2019elle dirige, GeoRessources. Avec les enseignants et \u00e9tudiants, ils ont une&hellip;\n","protected":false},"author":2,"featured_media":517711,"comment_status":"","ping_status":"","sticky":false,"template":"","format":"standard","meta":{"footnotes":""},"categories":[9635],"tags":[1111,11,1057,4854,1777,674,1011,27,775,3457,1702,12,3456,25],"class_list":{"0":"post-517710","1":"post","2":"type-post","3":"status-publish","4":"format-standard","5":"has-post-thumbnail","7":"category-nancy","8":"tag-actu","9":"tag-actualites","10":"tag-education","11":"tag-enseignement-superieur","12":"tag-eu","13":"tag-europe","14":"tag-fr","15":"tag-france","16":"tag-grand-est","17":"tag-meurthe-et-moselle","18":"tag-nancy","19":"tag-news","20":"tag-region-lorraine","21":"tag-republique-francaise"},"share_on_mastodon":{"url":"https:\/\/pubeurope.com\/@fr\/115507125500575777","error":""},"_links":{"self":[{"href":"https:\/\/www.europesays.com\/fr\/wp-json\/wp\/v2\/posts\/517710","targetHints":{"allow":["GET"]}}],"collection":[{"href":"https:\/\/www.europesays.com\/fr\/wp-json\/wp\/v2\/posts"}],"about":[{"href":"https:\/\/www.europesays.com\/fr\/wp-json\/wp\/v2\/types\/post"}],"author":[{"embeddable":true,"href":"https:\/\/www.europesays.com\/fr\/wp-json\/wp\/v2\/users\/2"}],"replies":[{"embeddable":true,"href":"https:\/\/www.europesays.com\/fr\/wp-json\/wp\/v2\/comments?post=517710"}],"version-history":[{"count":0,"href":"https:\/\/www.europesays.com\/fr\/wp-json\/wp\/v2\/posts\/517710\/revisions"}],"wp:featuredmedia":[{"embeddable":true,"href":"https:\/\/www.europesays.com\/fr\/wp-json\/wp\/v2\/media\/517711"}],"wp:attachment":[{"href":"https:\/\/www.europesays.com\/fr\/wp-json\/wp\/v2\/media?parent=517710"}],"wp:term":[{"taxonomy":"category","embeddable":true,"href":"https:\/\/www.europesays.com\/fr\/wp-json\/wp\/v2\/categories?post=517710"},{"taxonomy":"post_tag","embeddable":true,"href":"https:\/\/www.europesays.com\/fr\/wp-json\/wp\/v2\/tags?post=517710"}],"curies":[{"name":"wp","href":"https:\/\/api.w.org\/{rel}","templated":true}]}}